[{"command":"settings","settings":{"pluralDelimiter":"\u0003","suppressDeprecationErrors":true,"ajaxPageState":{"libraries":"core\/drupal.ajax,core\/picturefill,ds\/ds_3col_equal_width","theme":"gaceta","theme_token":null},"ajaxTrustedUrl":[],"field_group":{"html_element":{"mode":"media_expanded","context":"view","settings":{"classes":"datos","show_empty_fields":false,"id":"","element":"div","show_label":false,"label_element":"h3","label_element_classes":"","attributes":"","effect":"none","speed":"fast"}}},"user":{"uid":0,"permissionsHash":"55dc977d165ab1e05e51b6cc6487f6d73e65ab536d99ee82c6990d9001d5c21c"}},"merge":true},{"command":"add_css","data":"\u003Clink rel=\u0022stylesheet\u0022 media=\u0022all\u0022 href=\u0022\/~gacetaua\/sites\/default\/files\/css\/css_mxJrjoKKAZuuB4_4f-B1u9VnFZxvSor3Az4JEdrFEso.css\u0022 \/\u003E\n\u003Clink rel=\u0022stylesheet\u0022 media=\u0022all\u0022 href=\u0022\/~gacetaua\/sites\/default\/files\/css\/css_-BXSGQpS8YTwwuXGbPoshUvZ7W-_HbYR3H7d0DA_mEY.css\u0022 \/\u003E\n\u003Clink rel=\u0022stylesheet\u0022 media=\u0022all\u0022 href=\u0022\/~gacetaua\/sites\/default\/files\/css\/css_89YreTu0npezhXSakRJR9TVHyBS9bTcyt0s3IckAe-M.css\u0022 \/\u003E\n"},{"command":"add_js","selector":"body","data":[{"src":"\/~gacetaua\/sites\/default\/files\/js\/js_9UaAhXvc9u0KYXXUw-OKyLP2baQxdV4zY3Y_KGurcvY.js"},{"src":"\/~gacetaua\/sites\/default\/files\/js\/js_oDJxUBLBzfRb_FDgNfkNOm9-tiatS2kNfxQIeVRZA7Y.js"},{"src":"\/~gacetaua\/sites\/default\/files\/js\/js_YM82KRuzNIr2X-Kb8pQW8cOcSbWgQ_QGKclTYJ_aMlI.js"},{"src":"\/~gacetaua\/sites\/default\/files\/js\/js_pqqsPPmPmxKgamY6qk_WSawtL05XH_yAY8GkPHVyahI.js"}]},{"command":"insert","method":"replaceWith","selector":".view-mode-full","data":"\u003Cdiv data-history-node-id=\u002215260\u0022 class=\u0022contenido view-mode-media_expanded ds-3col-equal clearfix\u0022\u003E\n\n  \n\n  \u003Cdiv class=\u0022area-medios group-left\u0022\u003E\n        \n                          \u003Cdiv  class=\u0022imagen\u0022 \u003E\n          \u003Cpicture\u003E\n                  \u003Csource srcset=\u0022\/~gacetaua\/sites\/default\/files\/styles\/max_650x650\/public\/2019-10\/Impulsa%20con%20Facebook%20%20%282%29.webp?itok=SfiiDuXM 650w, \/~gacetaua\/sites\/default\/files\/styles\/max_1300x1300\/public\/2019-10\/Impulsa%20con%20Facebook%20%20%282%29.webp?itok=yCH51Obq 1300w, \/~gacetaua\/sites\/default\/files\/styles\/max_1900x1900\/public\/2019-10\/Impulsa%20con%20Facebook%20%20%282%29.webp?itok=MVMv1qnf 1333w\u0022 type=\u0022image\/webp\u0022 sizes=\u0022100vw\u0022\/\u003E\n              \u003Csource srcset=\u0022\/~gacetaua\/sites\/default\/files\/styles\/max_650x650\/public\/2019-10\/Impulsa%20con%20Facebook%20%20%282%29.jpg?itok=SfiiDuXM 650w, \/~gacetaua\/sites\/default\/files\/styles\/max_1300x1300\/public\/2019-10\/Impulsa%20con%20Facebook%20%20%282%29.jpg?itok=yCH51Obq 1300w, \/~gacetaua\/sites\/default\/files\/styles\/max_1900x1900\/public\/2019-10\/Impulsa%20con%20Facebook%20%20%282%29.jpg?itok=MVMv1qnf 1333w\u0022 type=\u0022image\/jpeg\u0022 sizes=\u0022100vw\u0022\/\u003E\n                  \u003Cimg srcset=\u0022\/~gacetaua\/sites\/default\/files\/styles\/max_650x650\/public\/2019-10\/Impulsa%20con%20Facebook%20%20%282%29.jpg?itok=SfiiDuXM 650w, \/~gacetaua\/sites\/default\/files\/styles\/max_1300x1300\/public\/2019-10\/Impulsa%20con%20Facebook%20%20%282%29.jpg?itok=yCH51Obq 1300w, \/~gacetaua\/sites\/default\/files\/styles\/max_1900x1900\/public\/2019-10\/Impulsa%20con%20Facebook%20%20%282%29.jpg?itok=MVMv1qnf 1333w\u0022 sizes=\u0022100vw\u0022 src=\u0022\/~gacetaua\/sites\/default\/files\/styles\/max_1300x1300\/public\/2019-10\/Impulsa%20con%20Facebook%20%20%282%29.jpg?itok=yCH51Obq\u0022 alt=\u0022impulsa con facebook_emprendedores_incubadora de negocios\u0022 typeof=\u0022foaf:Image\u0022 class=\u0022img-fluid\u0022 \/\u003E\n\n  \u003C\/picture\u003E\n\n\u003C\/div\u003E\n      \n  \n\n      \u003Cdiv  class=\u0022boton-expander\u0022\u003E\n        \n                  \u003Cdiv class=\u0022item-list\u0022\u003E\u003Cul\u003E\u003Cli\u003E\u003Ca href=\u0022\/%7Egacetaua\/ds-switch-view-mode\/node\/15260\/media_collapsed?selector=view-mode-media_expanded\u0022 class=\u0022use-ajax\u0022\u003E\u2191\u003C\/a\u003E\u003C\/li\u003E\u003C\/ul\u003E\u003C\/div\u003E\n      \n  \n    \u003C\/div\u003E\n\n\n  \u003C\/div\u003E\n\n  \u003Cdiv class=\u0022area-info group-middle\u0022\u003E\n    \n\u003Cdiv  class=\u0022inner\u0022\u003E\n          \n                          \u003Ch2  class=\u0022titulo\u0022 \u003E\n        Imparten en Campus Ensenada pl\u00e1tica \u201cImpulsa con Facebook\u201d   \n\u003C\/h2\u003E\n      \n  \n\n    \n                          \u003Cdiv  class=\u0022resumen\u0022 \u003E\n      Dirigida a emprendedores y pymes.\u003C\/div\u003E\n      \n  \n\n\n\u003Cdiv  class=\u0022datos\u0022\u003E\n            \u003Cdiv  class=\u0022autor\u0022\u003E\n            \u003Cdiv  class=\u0022field-label-inline\u0022\u003EPor\u003C\/div\u003E\n  \n                  \u003Ca href=\u0022\/%7Egacetaua\/autores\/jose-carlos-ramirez-zavala\u0022 hreflang=\u0022es\u0022\u003EJos\u00e9 Carlos Ram\u00edrez Zavala\u003C\/a\u003E\n      \n  \n    \u003C\/div\u003E\n\n      \u003Cdiv  class=\u0022campus\u0022\u003E\n            \u003Cdiv  class=\u0022field-label-inline\u0022\u003ECampus\u003C\/div\u003E\n  \n                  \u003Ca href=\u0022\/%7Egacetaua\/campus\/ensenada\u0022 hreflang=\u0022es\u0022\u003EEnsenada\u003C\/a\u003E\n      \n  \n    \u003C\/div\u003E\n\n    \n                          \u003Cdiv  class=\u0022fecha\u0022 \u003E\n      18 de Octubre de 2019\u003C\/div\u003E\n      \n  \n\n\n  \u003C\/div\u003E\n    \n                          \u003Cdiv  class=\u0022texto\u0022 \u003E\n      \u003Cp\u003ECon el apoyo de la Coordinaci\u00f3n General de Formaci\u00f3n Profesional a trav\u00e9s de la Incubadora de Negocios Cimarrones Emprendedores, se llev\u00f3 a cabo en el Campus Ensenada de la Universidad Aut\u00f3noma de Baja California (UABC), la pl\u00e1tica \u00a0Impulsa con Facebook: Social Media Workshop + Networking, una iniciativa que busca apoyar el desarrollo de habilidades digitales para peque\u00f1as y medianas empresas (pymes).\u003C\/p\u003E\n\n\u003Cp\u003ELa pl\u00e1tica, impartida a la comunidad universitaria, estuvo a cargo de Toni Luqu\u00edn y Armando Rodr\u00edguez de Impulsa con Facebook Baja California, quienes explicaron que su objetivo fue dar a conocer c\u00f3mo aprovechar las diferentes herramientas que ofrece esta plataforma digital para impulsar los negocios de los usuarios.\u003C\/p\u003E\n\n\u003Cp\u003E\u201cLa finalidad es capacitar a m\u00e1s de 10 mil emprendedores, as\u00ed como a pymes en 35 ciudades y contribuir as\u00ed en la econom\u00eda digital\u201d, refirieron los expositores, que tambi\u00e9n dieron a conocer que con la plataforma de Facebook Blueprint se crearon 95 cursos en l\u00ednea, en su mayor\u00eda gratuitos, con el apoyo de la Secretar\u00eda de Econom\u00eda, con la intenci\u00f3n de ayudar a las personas a iniciar o expandir sus negocios.\u003C\/p\u003E\n\n\u003Cp\u003ECompartieron algunas experiencias de las personas que hacen uso de las redes sociales para crear una p\u00e1gina y hacer crecer su proyecto comercial. Tambi\u00e9n dio a conocer las caracter\u00edsticas del funcionamiento y brind\u00f3 consejos de c\u00f3mo lograr un buen contenido para estas aplicaciones que cada vez est\u00e1n m\u00e1s a la vanguardia tecnol\u00f3gica.\u003C\/p\u003E\n\n\u003Cp\u003EFinalmente, afirmaron que Facebook e Instagram son una demostraci\u00f3n de c\u00f3mo la alineaci\u00f3n entre la industria y la sociedad pueden crear ambientes de desarrollo y proporcionar el surgimiento de condiciones que impacten positivamente en el bienestar de la misma.\u003C\/p\u003E\n\n\u003Cp\u003E\u00a0\u003C\/p\u003E\n\n\u003Cp\u003E\u00a0\u003C\/p\u003E\u003C\/div\u003E\n      \n  \n\n    \n            \u003Cdiv  class=\u0022palabras-clave\u0022\u003E\n                        \u003Ca href=\u0022\/%7Egacetaua\/tags\/impulsa-con-facebook\u0022 hreflang=\u0022es\u0022\u003EImpulsa con Facebook\u003C\/a\u003E\n                \u003Ca href=\u0022\/%7Egacetaua\/tags\/emprendedores\u0022 hreflang=\u0022es\u0022\u003EEmprendedores\u003C\/a\u003E\n                \u003Ca href=\u0022\/%7Egacetaua\/tags\/incubadora-de-negocios\u0022 hreflang=\u0022es\u0022\u003EIncubadora de Negocios\u003C\/a\u003E\n      \n      \u003C\/div\u003E\n  \n\n\n  \u003C\/div\u003E\n\n  \u003C\/div\u003E\n\n  \u003Cdiv class=\u0022area-extras group-right\u0022\u003E\n        \n                          \u003Cdiv  class=\u0022enlace-blockBottom\u0022 \u003E\n      \u003Cdiv\u003EVer m\u00e1s \u003Ca href=\u0022http:\/\/gaceta.uabc.mx\/notas\u0022\u003ENotas\u003C\/a\u003E\u003C\/div\u003E\n\u003C\/div\u003E\n      \n  \n\n\n  \u003C\/div\u003E\n\n\u003C\/div\u003E\n\n","settings":null}]