[{"command":"settings","settings":{"pluralDelimiter":"\u0003","suppressDeprecationErrors":true,"ajaxPageState":{"libraries":"core\/drupal.ajax,core\/picturefill,ds\/ds_3col_equal_width","theme":"gaceta","theme_token":null},"ajaxTrustedUrl":[],"field_group":{"html_element":{"mode":"media_expanded","context":"view","settings":{"classes":"datos","show_empty_fields":false,"id":"","element":"div","show_label":false,"label_element":"h3","label_element_classes":"","attributes":"","effect":"none","speed":"fast"}}},"user":{"uid":0,"permissionsHash":"55dc977d165ab1e05e51b6cc6487f6d73e65ab536d99ee82c6990d9001d5c21c"}},"merge":true},{"command":"add_css","data":"\u003Clink rel=\u0022stylesheet\u0022 media=\u0022all\u0022 href=\u0022\/~gacetaua\/sites\/default\/files\/css\/css_mxJrjoKKAZuuB4_4f-B1u9VnFZxvSor3Az4JEdrFEso.css\u0022 \/\u003E\n\u003Clink rel=\u0022stylesheet\u0022 media=\u0022all\u0022 href=\u0022\/~gacetaua\/sites\/default\/files\/css\/css_-BXSGQpS8YTwwuXGbPoshUvZ7W-_HbYR3H7d0DA_mEY.css\u0022 \/\u003E\n\u003Clink rel=\u0022stylesheet\u0022 media=\u0022all\u0022 href=\u0022\/~gacetaua\/sites\/default\/files\/css\/css_89YreTu0npezhXSakRJR9TVHyBS9bTcyt0s3IckAe-M.css\u0022 \/\u003E\n"},{"command":"add_js","selector":"body","data":[{"src":"\/~gacetaua\/sites\/default\/files\/js\/js_9UaAhXvc9u0KYXXUw-OKyLP2baQxdV4zY3Y_KGurcvY.js"},{"src":"\/~gacetaua\/sites\/default\/files\/js\/js_oDJxUBLBzfRb_FDgNfkNOm9-tiatS2kNfxQIeVRZA7Y.js"},{"src":"\/~gacetaua\/sites\/default\/files\/js\/js_YM82KRuzNIr2X-Kb8pQW8cOcSbWgQ_QGKclTYJ_aMlI.js"},{"src":"\/~gacetaua\/sites\/default\/files\/js\/js_pqqsPPmPmxKgamY6qk_WSawtL05XH_yAY8GkPHVyahI.js"}]},{"command":"insert","method":"replaceWith","selector":".view-mode-full","data":"\u003Cdiv data-history-node-id=\u002216139\u0022 class=\u0022contenido view-mode-media_expanded ds-3col-equal clearfix\u0022\u003E\n\n  \n\n  \u003Cdiv class=\u0022area-medios group-left\u0022\u003E\n        \n                          \u003Cdiv  class=\u0022imagen\u0022 \u003E\n          \u003Cpicture\u003E\n                  \u003Csource srcset=\u0022\/~gacetaua\/sites\/default\/files\/styles\/max_650x650\/public\/2020-05\/michel%20sise.webp?itok=oSOp_U-0 650w, \/~gacetaua\/sites\/default\/files\/styles\/max_1900x1900\/public\/2020-05\/michel%20sise.webp?itok=dSO3mBhQ 1261w\u0022 type=\u0022image\/webp\u0022 sizes=\u0022100vw\u0022\/\u003E\n              \u003Csource srcset=\u0022\/~gacetaua\/sites\/default\/files\/styles\/max_650x650\/public\/2020-05\/michel%20sise.jpg?itok=oSOp_U-0 650w, \/~gacetaua\/sites\/default\/files\/styles\/max_1900x1900\/public\/2020-05\/michel%20sise.jpg?itok=dSO3mBhQ 1261w\u0022 type=\u0022image\/jpeg\u0022 sizes=\u0022100vw\u0022\/\u003E\n                  \u003Cimg srcset=\u0022\/~gacetaua\/sites\/default\/files\/styles\/max_650x650\/public\/2020-05\/michel%20sise.jpg?itok=oSOp_U-0 650w, \/~gacetaua\/sites\/default\/files\/styles\/max_1900x1900\/public\/2020-05\/michel%20sise.jpg?itok=dSO3mBhQ 1261w\u0022 sizes=\u0022100vw\u0022 src=\u0022\/~gacetaua\/sites\/default\/files\/styles\/max_1300x1300\/public\/2020-05\/michel%20sise.jpg?itok=LtTmu43n\u0022 alt=\u0022michael sise\u0022 typeof=\u0022foaf:Image\u0022 class=\u0022img-fluid\u0022 \/\u003E\n\n  \u003C\/picture\u003E\n\n\u003C\/div\u003E\n      \n  \n\n      \u003Cdiv  class=\u0022boton-expander\u0022\u003E\n        \n                  \u003Cdiv class=\u0022item-list\u0022\u003E\u003Cul\u003E\u003Cli\u003E\u003Ca href=\u0022\/%7Egacetaua\/ds-switch-view-mode\/node\/16139\/media_collapsed?selector=view-mode-media_expanded\u0022 class=\u0022use-ajax\u0022\u003E\u2191\u003C\/a\u003E\u003C\/li\u003E\u003C\/ul\u003E\u003C\/div\u003E\n      \n  \n    \u003C\/div\u003E\n\n\n  \u003C\/div\u003E\n\n  \u003Cdiv class=\u0022area-info group-middle\u0022\u003E\n    \n\u003Cdiv  class=\u0022inner\u0022\u003E\n          \n                          \u003Ch2  class=\u0022titulo\u0022 \u003E\n        Inicia Programa de Profesores Invitados \n\u003C\/h2\u003E\n      \n  \n\n    \n                          \u003Cdiv  class=\u0022resumen\u0022 \u003E\n      Imparten conferencias en el idioma ingl\u00e9s para los estudiantes de la Facultad de Medicina\u003Cbr \/\u003E\r\n\u003C\/div\u003E\n      \n  \n\n\n\u003Cdiv  class=\u0022datos\u0022\u003E\n            \u003Cdiv  class=\u0022autor\u0022\u003E\n            \u003Cdiv  class=\u0022field-label-inline\u0022\u003EPor\u003C\/div\u003E\n  \n                  \u003Ca href=\u0022\/%7Egacetaua\/autores\/gaceta-uabc\u0022 hreflang=\u0022es\u0022\u003EGaceta UABC\u003C\/a\u003E\n      \n  \n    \u003C\/div\u003E\n\n      \u003Cdiv  class=\u0022campus\u0022\u003E\n            \u003Cdiv  class=\u0022field-label-inline\u0022\u003ECampus\u003C\/div\u003E\n  \n                  \u003Ca href=\u0022\/%7Egacetaua\/campus\/mexicali\u0022 hreflang=\u0022es\u0022\u003EMexicali\u003C\/a\u003E\n      \n  \n    \u003C\/div\u003E\n\n    \n                          \u003Cdiv  class=\u0022fecha\u0022 \u003E\n      27 de Mayo de 2020\u003C\/div\u003E\n      \n  \n\n\n  \u003C\/div\u003E\n    \n                          \u003Cdiv  class=\u0022texto\u0022 \u003E\n      \u003Cp\u003ELa Facultad de Medicina, Campus Mexicali, dirigida por el doctor Jos\u00e9 Manuel Avenda\u00f1o Reyes, ha continuado con sus actividades acad\u00e9micas de manera virtual durante la presente emergencia sanitaria por COVID-19. En la asignatura de Patolog\u00eda Quir\u00fargica, impartida en el idioma ingl\u00e9s por el doctor Jos\u00e9 de Jes\u00fas Mayagoitia Witr\u00f3n en el d\u00e9cimo semestre del Programa Educativo de M\u00e9dico, se dio inicio al Programa de Profesores Invitados.\u003C\/p\u003E\n\n\u003Cp\u003ESe cont\u00f3 con la presencia de Michael J. Sise., M.D., FACS, del Scripps Mercy Hospital, San Diego, CA, quien imparti\u00f3 la conferencia sobre Trauma Abdominal, la cual se imparti\u00f3 v\u00eda Google Meet. En esta actividad, los estudiantes tuvieron la oportunidad de interactuar con el ponente para despejar sus dudas y obtener el mayor conocimiento posible sobre el tema del invitado. Es importante resaltar la gran disposici\u00f3n y apertura del doctor Sise en responder todas las inquietudes de los alumnos que participaron de manera activa.\u003C\/p\u003E\n\n\u003Cp\u003EEl objetivo del Programa de Profesores Invitados de la asignatura de Patolog\u00eda Quir\u00fargica impartida en el idioma ingl\u00e9s, es el intercambio de conocimiento de los expertos, la interacci\u00f3n de los estudiantes con los conferencistas, la transferencia del conocimiento, as\u00ed como el fortalecimiento de v\u00ednculos con otras instituciones, nacionales e internacionales.\u003C\/p\u003E\n\n\u003Cp\u003ECabe mencionar que esta fue una gran oportunidad de platicar con el doctor Sise, quien es egresado de la Escuela de Medicina de la Universidad de Rochester en 1976, graduado en 1981 como Cirujano General del Centro M\u00e9dico Naval de San Diego CA, con una subespecialidad en Cirug\u00eda Vascular en el Centro M\u00e9dico Naval en 1982. Actualmente se especializa en Cirug\u00eda Cr\u00edtica y Cirug\u00eda Vascular en el Hospital Scripps Mercy Hospital, San Diego, CA.\u003C\/p\u003E\n\n\u003Cp\u003E\u00a0\u003C\/p\u003E\n\n\u003Cp\u003E\u003Cimg alt=\u0022Imagen eliminada.\u0022 data-entity-type=\u0022file\u0022 data-entity-uuid=\u002285de5a8d-1e11-44df-a5b2-a631ca7d8b83\u0022 src=\u0022\/~gacetaua\/sites\/default\/files\/inline-images\/2_0.jpg\u0022 title=\u0022Esta imagen se ha eliminado. Por razones de seguridad, s\u00f3lo se permiten im\u00e1genes de dominio local.\u0022 height=\u002216\u0022 width=\u002216\u0022 class=\u0022filter-image-invalid\u0022 loading=\u0022lazy\u0022 \/\u003E\u003C\/p\u003E\n\n\u003Cp\u003E\u003Cbr \/\u003E\n\u00a0\u003C\/p\u003E\u003C\/div\u003E\n      \n  \n\n    \n            \u003Cdiv  class=\u0022palabras-clave\u0022\u003E\n                        \u003Ca href=\u0022\/%7Egacetaua\/tags\/facultad-de-medicina\u0022 hreflang=\u0022es\u0022\u003EFacultad de Medicina\u003C\/a\u003E\n                \u003Ca href=\u0022\/%7Egacetaua\/tags\/educacion-distancia\u0022 hreflang=\u0022es\u0022\u003EEducaci\u00f3n a Distancia\u003C\/a\u003E\n                \u003Ca href=\u0022\/%7Egacetaua\/tags\/profesores-invitados\u0022 hreflang=\u0022es\u0022\u003EProfesores Invitados\u003C\/a\u003E\n      \n      \u003C\/div\u003E\n  \n\n\n  \u003C\/div\u003E\n\n  \u003C\/div\u003E\n\n  \u003Cdiv class=\u0022area-extras group-right\u0022\u003E\n        \n                          \u003Cdiv  class=\u0022enlace-blockBottom\u0022 \u003E\n      \u003Cdiv\u003EVer m\u00e1s \u003Ca href=\u0022http:\/\/gaceta.uabc.mx\/notas\u0022\u003ENotas\u003C\/a\u003E\u003C\/div\u003E\n\u003C\/div\u003E\n      \n  \n\n\n  \u003C\/div\u003E\n\n\u003C\/div\u003E\n\n","settings":null}]