[{"command":"settings","settings":{"pluralDelimiter":"\u0003","suppressDeprecationErrors":true,"ajaxPageState":{"libraries":"core\/drupal.ajax,core\/picturefill,ds\/ds_3col_equal_width","theme":"gaceta","theme_token":null},"ajaxTrustedUrl":[],"field_group":{"html_element":{"mode":"media_expanded","context":"view","settings":{"classes":"datos","show_empty_fields":false,"id":"","element":"div","show_label":false,"label_element":"h3","label_element_classes":"","attributes":"","effect":"none","speed":"fast"}}},"user":{"uid":0,"permissionsHash":"55dc977d165ab1e05e51b6cc6487f6d73e65ab536d99ee82c6990d9001d5c21c"}},"merge":true},{"command":"add_css","data":"\u003Clink rel=\u0022stylesheet\u0022 media=\u0022all\u0022 href=\u0022\/~gacetaua\/sites\/default\/files\/css\/css_mxJrjoKKAZuuB4_4f-B1u9VnFZxvSor3Az4JEdrFEso.css\u0022 \/\u003E\n\u003Clink rel=\u0022stylesheet\u0022 media=\u0022all\u0022 href=\u0022\/~gacetaua\/sites\/default\/files\/css\/css_-BXSGQpS8YTwwuXGbPoshUvZ7W-_HbYR3H7d0DA_mEY.css\u0022 \/\u003E\n\u003Clink rel=\u0022stylesheet\u0022 media=\u0022all\u0022 href=\u0022\/~gacetaua\/sites\/default\/files\/css\/css_89YreTu0npezhXSakRJR9TVHyBS9bTcyt0s3IckAe-M.css\u0022 \/\u003E\n"},{"command":"add_js","selector":"body","data":[{"src":"\/~gacetaua\/sites\/default\/files\/js\/js_9UaAhXvc9u0KYXXUw-OKyLP2baQxdV4zY3Y_KGurcvY.js"},{"src":"\/~gacetaua\/sites\/default\/files\/js\/js_oDJxUBLBzfRb_FDgNfkNOm9-tiatS2kNfxQIeVRZA7Y.js"},{"src":"\/~gacetaua\/sites\/default\/files\/js\/js_YM82KRuzNIr2X-Kb8pQW8cOcSbWgQ_QGKclTYJ_aMlI.js"},{"src":"\/~gacetaua\/sites\/default\/files\/js\/js_pqqsPPmPmxKgamY6qk_WSawtL05XH_yAY8GkPHVyahI.js"}]},{"command":"insert","method":"replaceWith","selector":".view-mode-full","data":"\u003Cdiv data-history-node-id=\u002216866\u0022 class=\u0022contenido view-mode-media_expanded ds-3col-equal clearfix\u0022\u003E\n\n  \n\n  \u003Cdiv class=\u0022area-medios group-left\u0022\u003E\n        \n                          \u003Cdiv  class=\u0022imagen\u0022 \u003E\n          \u003Cpicture\u003E\n                  \u003Csource srcset=\u0022\/~gacetaua\/sites\/default\/files\/styles\/max_650x650\/public\/2020-12\/Compa%C3%B1eroNota.webp?itok=7oX-Xjwc 650w, \/~gacetaua\/sites\/default\/files\/styles\/max_1900x1900\/public\/2020-12\/Compa%C3%B1eroNota.webp?itok=gbICjFg4 1157w\u0022 type=\u0022image\/webp\u0022 sizes=\u0022100vw\u0022\/\u003E\n              \u003Csource srcset=\u0022\/~gacetaua\/sites\/default\/files\/styles\/max_650x650\/public\/2020-12\/Compa%C3%B1eroNota.png?itok=7oX-Xjwc 650w, \/~gacetaua\/sites\/default\/files\/styles\/max_1900x1900\/public\/2020-12\/Compa%C3%B1eroNota.png?itok=gbICjFg4 1157w\u0022 type=\u0022image\/png\u0022 sizes=\u0022100vw\u0022\/\u003E\n                  \u003Cimg srcset=\u0022\/~gacetaua\/sites\/default\/files\/styles\/max_650x650\/public\/2020-12\/Compa%C3%B1eroNota.png?itok=7oX-Xjwc 650w, \/~gacetaua\/sites\/default\/files\/styles\/max_1900x1900\/public\/2020-12\/Compa%C3%B1eroNota.png?itok=gbICjFg4 1157w\u0022 sizes=\u0022100vw\u0022 src=\u0022\/~gacetaua\/sites\/default\/files\/styles\/max_1300x1300\/public\/2020-12\/Compa%C3%B1eroNota.png?itok=vWbqLLjP\u0022 alt=\u0022\u0022 typeof=\u0022foaf:Image\u0022 class=\u0022img-fluid\u0022 \/\u003E\n\n  \u003C\/picture\u003E\n\n\u003C\/div\u003E\n      \n  \n\n      \u003Cdiv  class=\u0022boton-expander\u0022\u003E\n        \n                  \u003Cdiv class=\u0022item-list\u0022\u003E\u003Cul\u003E\u003Cli\u003E\u003Ca href=\u0022\/%7Egacetaua\/ds-switch-view-mode\/node\/16866\/media_collapsed?selector=view-mode-media_expanded\u0022 class=\u0022use-ajax\u0022\u003E\u2191\u003C\/a\u003E\u003C\/li\u003E\u003C\/ul\u003E\u003C\/div\u003E\n      \n  \n    \u003C\/div\u003E\n\n\n  \u003C\/div\u003E\n\n  \u003Cdiv class=\u0022area-info group-middle\u0022\u003E\n    \n\u003Cdiv  class=\u0022inner\u0022\u003E\n          \n                          \u003Ch2  class=\u0022titulo\u0022 \u003E\n        Buscan generar nuevas pr\u00e1cticas de tutor\u00eda en UABC\n\u003C\/h2\u003E\n      \n  \n\n    \n                          \u003Cdiv  class=\u0022resumen\u0022 \u003E\n      Proponen generar una propuesta innovadora en modelo de tutor\u00eda entre iguales\u003Cbr \/\u003E\r\n\u003C\/div\u003E\n      \n  \n\n\n\u003Cdiv  class=\u0022datos\u0022\u003E\n            \u003Cdiv  class=\u0022autor\u0022\u003E\n            \u003Cdiv  class=\u0022field-label-inline\u0022\u003EPor\u003C\/div\u003E\n  \n                  \u003Ca href=\u0022\/%7Egacetaua\/autores\/gaceta-uabc\u0022 hreflang=\u0022es\u0022\u003EGaceta UABC\u003C\/a\u003E\n      \n  \n    \u003C\/div\u003E\n\n      \u003Cdiv  class=\u0022campus\u0022\u003E\n            \u003Cdiv  class=\u0022field-label-inline\u0022\u003ECampus\u003C\/div\u003E\n  \n                  \u003Ca href=\u0022\/%7Egacetaua\/campus\/mexicali\u0022 hreflang=\u0022es\u0022\u003EMexicali\u003C\/a\u003E\n      \n  \n    \u003C\/div\u003E\n\n    \n                          \u003Cdiv  class=\u0022fecha\u0022 \u003E\n      15 de Diciembre de 2020\u003C\/div\u003E\n      \n  \n\n\n  \u003C\/div\u003E\n    \n                          \u003Cdiv  class=\u0022texto\u0022 \u003E\n      \u003Cp\u003ECon la intenci\u00f3n de apoyar a estudiantes que se encuentren cursando la etapa disciplinaria de la carrera de Ciencias de la Educaci\u00f3n de la Facultad de Ciencias Humanas (FCH) se realiza el programa Compa\u00f1ero de Aprendizaje, a cargo de los profesores-investigadores de tiempo completo Shamaly A. Ni\u00f1o Carrasco y Juan Carlos Castellanos Ram\u00edrez.\u003C\/p\u003E\n\n\u003Cp\u003EEl objetivo del programa es generar pr\u00e1cticas de ayuda eficaces entre iguales que configuren experiencias de aprendizaje con sentido entre alumnos en etapas terminal y disciplinaria.\u003C\/p\u003E\n\n\u003Cp\u003ELos estudiantes en etapa terminal se vuelven compa\u00f1eros de aprendizaje expertos, quienes otorgan ayudas educativas a los de etapa disciplinaria. Este tipo de ayudas pueden ser de distinto tipo, centrarse en los factores propios de la regulaci\u00f3n del aprendizaje o bien en los factores asociados a la dimensi\u00f3n socio-emocional del aprendizaje.\u003C\/p\u003E\n\n\u003Cp\u003EEl tipo de ayuda que recibir\u00e1 el compa\u00f1ero de etapa disciplinaria depender\u00e1 de las necesidades que vayan presentando durante el semestre, por lo cual, el compa\u00f1ero experto va ajustando el tipo de apoyo y la cantidad de ayudas progresivamente.\u003C\/p\u003E\n\n\u003Cp\u003EA futuro, el programa busca fortalecer el modelo de tutor\u00edas de la UABC, que se ha centrado en una relaci\u00f3n asim\u00e9trica entre un profesor tutor y un estudiante, que es el caso de la mayor\u00eda de las universidades en M\u00e9xico.\u003C\/p\u003E\n\n\u003Cp\u003EEn este sentido, buscan generar una propuesta innovadora, con fundamentos te\u00f3ricos claros sobre el aprendizaje, que ampl\u00ede la visi\u00f3n que se tiene de la tutor\u00eda entre iguales, de tal manera que pueda ser replicada y sirva como modelo para generar nuevas pr\u00e1cticas de tutor\u00eda en la UABC y otras instituciones educativas.\u00a0\u003C\/p\u003E\n\n\u003Cp\u003ESi deseas contactarte con los encargados de este programa puedes hacerlo desde su p\u00e1gina \u003Ca href=\u0022https:\/\/www.facebook.com\/compideaprendizaje\u0022\u003Ehttps:\/\/www.facebook.com\/compideaprendizaje\u003C\/a\u003E.\u003C\/p\u003E\n\n\u003Cp\u003E\u00a0\u003C\/p\u003E\u003C\/div\u003E\n      \n  \n\n    \n            \u003Cdiv  class=\u0022palabras-clave\u0022\u003E\n                        \u003Ca href=\u0022\/%7Egacetaua\/tags\/fch\u0022 hreflang=\u0022es\u0022\u003EFCH\u003C\/a\u003E\n                \u003Ca href=\u0022\/%7Egacetaua\/tags\/tutorias\u0022 hreflang=\u0022es\u0022\u003ETutor\u00edas\u003C\/a\u003E\n                \u003Ca href=\u0022\/%7Egacetaua\/tags\/companero-de-aprendizaje\u0022 hreflang=\u0022es\u0022\u003ECompa\u00f1ero de Aprendizaje\u003C\/a\u003E\n      \n      \u003C\/div\u003E\n  \n\n\n  \u003C\/div\u003E\n\n  \u003C\/div\u003E\n\n  \u003Cdiv class=\u0022area-extras group-right\u0022\u003E\n        \n                          \u003Cdiv  class=\u0022enlace-blockBottom\u0022 \u003E\n      \u003Cdiv\u003EVer m\u00e1s \u003Ca href=\u0022http:\/\/gaceta.uabc.mx\/notas\u0022\u003ENotas\u003C\/a\u003E\u003C\/div\u003E\n\u003C\/div\u003E\n      \n  \n\n\n  \u003C\/div\u003E\n\n\u003C\/div\u003E\n\n","settings":null}]