[{"command":"settings","settings":{"pluralDelimiter":"\u0003","suppressDeprecationErrors":true,"ajaxPageState":{"libraries":"core\/drupal.ajax,core\/picturefill,ds\/ds_3col_equal_width","theme":"gaceta","theme_token":null},"ajaxTrustedUrl":[],"field_group":{"html_element":{"mode":"media_expanded","context":"view","settings":{"classes":"datos","show_empty_fields":false,"id":"","element":"div","show_label":false,"label_element":"h3","label_element_classes":"","attributes":"","effect":"none","speed":"fast"}}},"user":{"uid":0,"permissionsHash":"55dc977d165ab1e05e51b6cc6487f6d73e65ab536d99ee82c6990d9001d5c21c"}},"merge":true},{"command":"add_css","data":"\u003Clink rel=\u0022stylesheet\u0022 media=\u0022all\u0022 href=\u0022\/~gacetaua\/sites\/default\/files\/css\/css_mxJrjoKKAZuuB4_4f-B1u9VnFZxvSor3Az4JEdrFEso.css\u0022 \/\u003E\n\u003Clink rel=\u0022stylesheet\u0022 media=\u0022all\u0022 href=\u0022\/~gacetaua\/sites\/default\/files\/css\/css_-BXSGQpS8YTwwuXGbPoshUvZ7W-_HbYR3H7d0DA_mEY.css\u0022 \/\u003E\n\u003Clink rel=\u0022stylesheet\u0022 media=\u0022all\u0022 href=\u0022\/~gacetaua\/sites\/default\/files\/css\/css_89YreTu0npezhXSakRJR9TVHyBS9bTcyt0s3IckAe-M.css\u0022 \/\u003E\n"},{"command":"add_js","selector":"body","data":[{"src":"\/~gacetaua\/sites\/default\/files\/js\/js_9UaAhXvc9u0KYXXUw-OKyLP2baQxdV4zY3Y_KGurcvY.js"},{"src":"\/~gacetaua\/sites\/default\/files\/js\/js_oDJxUBLBzfRb_FDgNfkNOm9-tiatS2kNfxQIeVRZA7Y.js"},{"src":"\/~gacetaua\/sites\/default\/files\/js\/js_YM82KRuzNIr2X-Kb8pQW8cOcSbWgQ_QGKclTYJ_aMlI.js"},{"src":"\/~gacetaua\/sites\/default\/files\/js\/js_pqqsPPmPmxKgamY6qk_WSawtL05XH_yAY8GkPHVyahI.js"}]},{"command":"insert","method":"replaceWith","selector":".view-mode-full","data":"\u003Cdiv data-history-node-id=\u002218550\u0022 class=\u0022contenido view-mode-media_expanded ds-3col-equal clearfix\u0022\u003E\n\n  \n\n  \u003Cdiv class=\u0022area-medios group-left\u0022\u003E\n        \n                          \u003Cdiv  class=\u0022imagen\u0022 \u003E\n          \u003Cpicture\u003E\n                  \u003Csource srcset=\u0022\/~gacetaua\/sites\/default\/files\/styles\/max_650x650\/public\/2021-12\/Efect%C3%BAan%20Cuarto%20Seminario%20VIVE%20Valores.webp?itok=IUlsQkE2 650w, \/~gacetaua\/sites\/default\/files\/styles\/max_1300x1300\/public\/2021-12\/Efect%C3%BAan%20Cuarto%20Seminario%20VIVE%20Valores.webp?itok=9BHZUZk1 1300w, \/~gacetaua\/sites\/default\/files\/styles\/max_1900x1900\/public\/2021-12\/Efect%C3%BAan%20Cuarto%20Seminario%20VIVE%20Valores.webp?itok=TCOh8lom 1424w\u0022 type=\u0022image\/webp\u0022 sizes=\u0022100vw\u0022\/\u003E\n              \u003Csource srcset=\u0022\/~gacetaua\/sites\/default\/files\/styles\/max_650x650\/public\/2021-12\/Efect%C3%BAan%20Cuarto%20Seminario%20VIVE%20Valores.jpg?itok=IUlsQkE2 650w, \/~gacetaua\/sites\/default\/files\/styles\/max_1300x1300\/public\/2021-12\/Efect%C3%BAan%20Cuarto%20Seminario%20VIVE%20Valores.jpg?itok=9BHZUZk1 1300w, \/~gacetaua\/sites\/default\/files\/styles\/max_1900x1900\/public\/2021-12\/Efect%C3%BAan%20Cuarto%20Seminario%20VIVE%20Valores.jpg?itok=TCOh8lom 1424w\u0022 type=\u0022image\/jpeg\u0022 sizes=\u0022100vw\u0022\/\u003E\n                  \u003Cimg srcset=\u0022\/~gacetaua\/sites\/default\/files\/styles\/max_650x650\/public\/2021-12\/Efect%C3%BAan%20Cuarto%20Seminario%20VIVE%20Valores.jpg?itok=IUlsQkE2 650w, \/~gacetaua\/sites\/default\/files\/styles\/max_1300x1300\/public\/2021-12\/Efect%C3%BAan%20Cuarto%20Seminario%20VIVE%20Valores.jpg?itok=9BHZUZk1 1300w, \/~gacetaua\/sites\/default\/files\/styles\/max_1900x1900\/public\/2021-12\/Efect%C3%BAan%20Cuarto%20Seminario%20VIVE%20Valores.jpg?itok=TCOh8lom 1424w\u0022 sizes=\u0022100vw\u0022 src=\u0022\/~gacetaua\/sites\/default\/files\/styles\/max_1300x1300\/public\/2021-12\/Efect%C3%BAan%20Cuarto%20Seminario%20VIVE%20Valores.jpg?itok=9BHZUZk1\u0022 alt=\u0022\u0022 typeof=\u0022foaf:Image\u0022 class=\u0022img-fluid\u0022 \/\u003E\n\n  \u003C\/picture\u003E\n\n\u003C\/div\u003E\n      \n  \n\n      \u003Cdiv  class=\u0022boton-expander\u0022\u003E\n        \n                  \u003Cdiv class=\u0022item-list\u0022\u003E\u003Cul\u003E\u003Cli\u003E\u003Ca href=\u0022\/%7Egacetaua\/ds-switch-view-mode\/node\/18550\/media_collapsed?selector=view-mode-media_expanded\u0022 class=\u0022use-ajax\u0022\u003E\u2191\u003C\/a\u003E\u003C\/li\u003E\u003C\/ul\u003E\u003C\/div\u003E\n      \n  \n    \u003C\/div\u003E\n\n\n  \u003C\/div\u003E\n\n  \u003Cdiv class=\u0022area-info group-middle\u0022\u003E\n    \n\u003Cdiv  class=\u0022inner\u0022\u003E\n          \n                          \u003Ch2  class=\u0022titulo\u0022 \u003E\n        Efect\u00faan Cuarto Seminario Vive Valores\n\u003C\/h2\u003E\n      \n  \n\n    \n                          \u003Cdiv  class=\u0022resumen\u0022 \u003E\n      Buscan impulsar la vivencia de valores a trav\u00e9s de la reflexi\u00f3n y el di\u00e1logo\u003Cbr \/\u003E\r\n\u003C\/div\u003E\n      \n  \n\n\n\u003Cdiv  class=\u0022datos\u0022\u003E\n            \u003Cdiv  class=\u0022autor\u0022\u003E\n            \u003Cdiv  class=\u0022field-label-inline\u0022\u003EPor\u003C\/div\u003E\n  \n                  \u003Ca href=\u0022\/%7Egacetaua\/autores\/debora-acevedo\u0022 hreflang=\u0022es\u0022\u003ED\u00e9bora Acevedo \u003C\/a\u003E\n      \n  \n    \u003C\/div\u003E\n\n      \u003Cdiv  class=\u0022campus\u0022\u003E\n            \u003Cdiv  class=\u0022field-label-inline\u0022\u003ECampus\u003C\/div\u003E\n  \n                  \u003Ca href=\u0022\/%7Egacetaua\/campus\/mexicali\u0022 hreflang=\u0022es\u0022\u003EMexicali\u003C\/a\u003E\n      \n  \n    \u003C\/div\u003E\n\n    \n                          \u003Cdiv  class=\u0022fecha\u0022 \u003E\n      15 de Diciembre de 2021\u003C\/div\u003E\n      \n  \n\n\n  \u003C\/div\u003E\n    \n                          \u003Cdiv  class=\u0022texto\u0022 \u003E\n      \u003Cp\u003EEl 4.\u00ba Seminario Vive Valores, organizado por la Facultad de Ciencias Humanas (FCH), se realiz\u00f3 mediante la plataforma Google Meet y fue moderado por el maestro \u00c9dgar Iv\u00e1n Lechuga Moreno, responsable de Orientaci\u00f3n Educativa y Psicolog\u00eda de la unidad acad\u00e9mica.\u00a0\u00a0\u003C\/p\u003E\n\n\u003Cp\u003EEl objetivo de las conferencias del seminario fue impulsar la vivencia de valores a trav\u00e9s de la reflexi\u00f3n y di\u00e1logo, junto con la participaci\u00f3n de los alumnos, profesores y expertos, con el fin de que puedan identificar las situaciones mundiales que conlleva el ejercicio de los mismos.\u003C\/p\u003E\n\n\u003Cp\u003EAlgunas de las conferencias fueron: \u201cLas nuevas perspectivas socioecol\u00f3gicas para pensar la sustentabilidad: una lectura desde la socioformaci\u00f3n\u201d, impartida por el doctor Josemanuel Luna Nemecio, del Centro Universitario CIFE, Cuernavaca Morelos; \u201cEl cuidado de la naturaleza. Un problema hist\u00f3rico\u201d, ofrecida por la doctora Juana Elizabeth Salas Hern\u00e1ndez, Universidad Aut\u00f3noma de Zacatecas; \u0022Democracia y responsabilidad social\u0022, por el maestro Cristhian Michael Vel\u00e1zquez Castro; \u201cC\u00f3digo \u00e9tico UABC\u201d, presentada por la doctora Mar\u00eda Concepci\u00f3n Ram\u00edrez, del Departamento de Apoyo a la Docencia y la Investigaci\u00f3n Campus Ensenada; \u201cEl compromiso del soci\u00f3logo con su entorno social\u201d, a cargo del doctor Jos\u00e9 Ascenci\u00f3n Moreno Mena, del Instituto de Investigaciones Social UABC; y \u0022Ser universitario\u0022,\u00a0 por el maestro \u00c9dgar Iv\u00e1n Lechuga Moreno y la licenciada Linda Araceli Calder\u00f3n Infante.\u00a0\u003C\/p\u003E\n\n\u003Cp\u003ESe cont\u00f3 con 809 participaciones en asistencia en las 14 conferencias; invitados de Cuernavaca, Morelos, Zacatecas, Mexicali y Ensenada. Participaron en la organizaci\u00f3n 12 docentes, dos alumnos y el responsable de Orientaci\u00f3n Educativa y Psicolog\u00eda.\u00a0\u003C\/p\u003E\n\n\u003Cp\u003E\u00a0\u003C\/p\u003E\u003C\/div\u003E\n      \n  \n\n    \n            \u003Cdiv  class=\u0022palabras-clave\u0022\u003E\n                        \u003Ca href=\u0022\/%7Egacetaua\/tags\/fch\u0022 hreflang=\u0022es\u0022\u003EFCH\u003C\/a\u003E\n                \u003Ca href=\u0022\/%7Egacetaua\/tags\/vive-valores\u0022 hreflang=\u0022es\u0022\u003EVive Valores\u003C\/a\u003E\n      \n      \u003C\/div\u003E\n  \n\n\n  \u003C\/div\u003E\n\n  \u003C\/div\u003E\n\n  \u003Cdiv class=\u0022area-extras group-right\u0022\u003E\n        \n                          \u003Cdiv  class=\u0022enlace-blockBottom\u0022 \u003E\n      \u003Cdiv\u003EVer m\u00e1s \u003Ca href=\u0022http:\/\/gaceta.uabc.mx\/notas\u0022\u003ENotas\u003C\/a\u003E\u003C\/div\u003E\n\u003C\/div\u003E\n      \n  \n\n\n  \u003C\/div\u003E\n\n\u003C\/div\u003E\n\n","settings":null}]