[{"command":"settings","settings":{"pluralDelimiter":"\u0003","suppressDeprecationErrors":true,"ajaxPageState":{"libraries":"core\/drupal.ajax,core\/picturefill,ds\/ds_3col_equal_width","theme":"gaceta","theme_token":null},"ajaxTrustedUrl":[],"field_group":{"html_element":{"mode":"media_expanded","context":"view","settings":{"classes":"datos","show_empty_fields":false,"id":"","element":"div","show_label":false,"label_element":"h3","label_element_classes":"","attributes":"","effect":"none","speed":"fast"}}},"user":{"uid":0,"permissionsHash":"55dc977d165ab1e05e51b6cc6487f6d73e65ab536d99ee82c6990d9001d5c21c"}},"merge":true},{"command":"add_css","data":"\u003Clink rel=\u0022stylesheet\u0022 media=\u0022all\u0022 href=\u0022\/~gacetaua\/sites\/default\/files\/css\/css_mxJrjoKKAZuuB4_4f-B1u9VnFZxvSor3Az4JEdrFEso.css\u0022 \/\u003E\n\u003Clink rel=\u0022stylesheet\u0022 media=\u0022all\u0022 href=\u0022\/~gacetaua\/sites\/default\/files\/css\/css_-BXSGQpS8YTwwuXGbPoshUvZ7W-_HbYR3H7d0DA_mEY.css\u0022 \/\u003E\n\u003Clink rel=\u0022stylesheet\u0022 media=\u0022all\u0022 href=\u0022\/~gacetaua\/sites\/default\/files\/css\/css_89YreTu0npezhXSakRJR9TVHyBS9bTcyt0s3IckAe-M.css\u0022 \/\u003E\n"},{"command":"add_js","selector":"body","data":[{"src":"\/~gacetaua\/sites\/default\/files\/js\/js_9UaAhXvc9u0KYXXUw-OKyLP2baQxdV4zY3Y_KGurcvY.js"},{"src":"\/~gacetaua\/sites\/default\/files\/js\/js_oDJxUBLBzfRb_FDgNfkNOm9-tiatS2kNfxQIeVRZA7Y.js"},{"src":"\/~gacetaua\/sites\/default\/files\/js\/js_YM82KRuzNIr2X-Kb8pQW8cOcSbWgQ_QGKclTYJ_aMlI.js"},{"src":"\/~gacetaua\/sites\/default\/files\/js\/js_pqqsPPmPmxKgamY6qk_WSawtL05XH_yAY8GkPHVyahI.js"}]},{"command":"insert","method":"replaceWith","selector":".view-mode-full","data":"\u003Cdiv data-history-node-id=\u002218997\u0022 class=\u0022contenido view-mode-media_expanded ds-3col-equal clearfix\u0022\u003E\n\n  \n\n  \u003Cdiv class=\u0022area-medios group-left\u0022\u003E\n        \n                          \u003Cdiv  class=\u0022imagen\u0022 \u003E\n          \u003Cpicture\u003E\n                  \u003Csource srcset=\u0022\/~gacetaua\/sites\/default\/files\/styles\/max_650x650\/public\/2022-04\/ofrece%20fil%20uabc%20amplio%20programa.webp?itok=0VXaCntR 650w, \/~gacetaua\/sites\/default\/files\/styles\/max_1300x1300\/public\/2022-04\/ofrece%20fil%20uabc%20amplio%20programa.webp?itok=M5-CAicc 1300w, \/~gacetaua\/sites\/default\/files\/styles\/max_1900x1900\/public\/2022-04\/ofrece%20fil%20uabc%20amplio%20programa.webp?itok=TfB_Tu4m 1900w\u0022 type=\u0022image\/webp\u0022 sizes=\u0022100vw\u0022\/\u003E\n              \u003Csource srcset=\u0022\/~gacetaua\/sites\/default\/files\/styles\/max_650x650\/public\/2022-04\/ofrece%20fil%20uabc%20amplio%20programa.png?itok=0VXaCntR 650w, \/~gacetaua\/sites\/default\/files\/styles\/max_1300x1300\/public\/2022-04\/ofrece%20fil%20uabc%20amplio%20programa.png?itok=M5-CAicc 1300w, \/~gacetaua\/sites\/default\/files\/styles\/max_1900x1900\/public\/2022-04\/ofrece%20fil%20uabc%20amplio%20programa.png?itok=TfB_Tu4m 1900w\u0022 type=\u0022image\/png\u0022 sizes=\u0022100vw\u0022\/\u003E\n                  \u003Cimg srcset=\u0022\/~gacetaua\/sites\/default\/files\/styles\/max_650x650\/public\/2022-04\/ofrece%20fil%20uabc%20amplio%20programa.png?itok=0VXaCntR 650w, \/~gacetaua\/sites\/default\/files\/styles\/max_1300x1300\/public\/2022-04\/ofrece%20fil%20uabc%20amplio%20programa.png?itok=M5-CAicc 1300w, \/~gacetaua\/sites\/default\/files\/styles\/max_1900x1900\/public\/2022-04\/ofrece%20fil%20uabc%20amplio%20programa.png?itok=TfB_Tu4m 1900w\u0022 sizes=\u0022100vw\u0022 src=\u0022\/~gacetaua\/sites\/default\/files\/styles\/max_1300x1300\/public\/2022-04\/ofrece%20fil%20uabc%20amplio%20programa.png?itok=M5-CAicc\u0022 alt=\u0022\u0022 typeof=\u0022foaf:Image\u0022 class=\u0022img-fluid\u0022 \/\u003E\n\n  \u003C\/picture\u003E\n\n\u003C\/div\u003E\n      \n  \n\n      \u003Cdiv  class=\u0022boton-expander\u0022\u003E\n        \n                  \u003Cdiv class=\u0022item-list\u0022\u003E\u003Cul\u003E\u003Cli\u003E\u003Ca href=\u0022\/%7Egacetaua\/ds-switch-view-mode\/node\/18997\/media_collapsed?selector=view-mode-media_expanded\u0022 class=\u0022use-ajax\u0022\u003E\u2191\u003C\/a\u003E\u003C\/li\u003E\u003C\/ul\u003E\u003C\/div\u003E\n      \n  \n    \u003C\/div\u003E\n\n\n  \u003C\/div\u003E\n\n  \u003Cdiv class=\u0022area-info group-middle\u0022\u003E\n    \n\u003Cdiv  class=\u0022inner\u0022\u003E\n          \n                          \u003Ch2  class=\u0022titulo\u0022 \u003E\n        Ofrece FIL UABC un amplio programa de presentaciones de libros\n\u003C\/h2\u003E\n      \n  \n\n    \n                          \u003Cdiv  class=\u0022resumen\u0022 \u003E\n      Tambi\u00e9n contin\u00faa la venta de publicaciones de todas las \u00e1reas del conocimiento\u003C\/div\u003E\n      \n  \n\n\n\u003Cdiv  class=\u0022datos\u0022\u003E\n            \u003Cdiv  class=\u0022autor\u0022\u003E\n            \u003Cdiv  class=\u0022field-label-inline\u0022\u003EPor\u003C\/div\u003E\n  \n                  \u003Ca href=\u0022\/%7Egacetaua\/autores\/norma-angelica-gomez-bravo\u0022 hreflang=\u0022es\u0022\u003ENorma Ang\u00e9lica G\u00f3mez Bravo\u003C\/a\u003E\n      \n  \n    \u003C\/div\u003E\n\n    \n                          \u003Cdiv  class=\u0022fecha\u0022 \u003E\n      4 de Abril de 2022\u003C\/div\u003E\n      \n  \n\n\n  \u003C\/div\u003E\n    \n                          \u003Cdiv  class=\u0022texto\u0022 \u003E\n      \u003Cp\u003EMa\u00f1ana lunes 4 de abril, el quinto d\u00eda de la XXIII Feria Internacional del Libro de la UABC (FIL\u00a0UABC), se ofrecer\u00e1\u00a0un\u00a0amplio\u00a0programa\u00a0respecto a las\u00a0presentaciones\u00a0de\u00a0libros, adem\u00e1s de las ya cl\u00e1sicas actividades destinadas al p\u00fablico infantil, juvenil y adultos mayores. Tambi\u00e9n contin\u00faa la venta de publicaciones de todas las \u00e1reas del conocimiento, as\u00ed como art\u00edculos did\u00e1cticos y recreativos.\u003C\/p\u003E\n\n\u003Cp\u003EA las 11:00 horas, a trav\u00e9s de Facebook filuabcmxl, se transmitir\u00e1 la presentaci\u00f3n del libro\u00a0\u003Cem\u003EEl derecho de asilo y refugio en el Consejo de Europa transcurridos 70 a\u00f1os de su ejercicio,\u003C\/em\u003E\u00a0del autor Carlos Alberto Prieto Godoy. A esa misma hora, en el Foro de Publicaciones, ubicado dentro del recinto ferial, se expondr\u00e1 el libro\u00a0\u003Cem\u003EInstituciones, inequidad y sistema de privilegios en M\u00e9xico\u003C\/em\u003E.\u003C\/p\u003E\n\n\u003Cp\u003EA las 12:00 horas se hablar\u00e1 sobre el libro\u00a0\u003Cem\u003EEl fen\u00f3meno de la informalidad laboral en M\u00e9xico. Una perspectiva macroecon\u00f3mica dual e institucional\u003C\/em\u003E; a las 13:00 ser\u00e1 el turno para\u00a0\u003Cem\u003EVestigios de una felicidad jubilada\u00a0\u003C\/em\u003Ede Alberto G\u00e1rate; a las 17:00 horas se presentar\u00e1\u00a0\u003Cem\u003ELas proporciones de la resistencia. Acercamientos a la obra de Javier Sicilia,\u003C\/em\u003E\u00a0de los autores Carlos Gonz\u00e1lez Palacios, Ra\u00fal Fern\u00e1ndez Linares, Jorge Ortega y Miguel \u00c1ngel Osuna; a las 18:00 horas se expondr\u00e1 \u003Cem\u003ETres amigos,\u00a0un\u00a0Maserati y los se\u00f1ores mayas del tiempo\u003C\/em\u003E, y a las 19:00 horas la Revista\u00a0UABC\u00a0presenta la novela \u003Cem\u003EN\u00e9revik o la historia de Mam\u00e1 Ballena\u003C\/em\u003E de Edmundo Benett Durell.\u003C\/p\u003E\n\n\u003Cp\u003ELas actividades en el Foro Infantil y Juvenil iniciar\u00e1n a las 15:00 horas y culminar\u00e1n a las 20:00 horas. Cada hora se presentar\u00e1 una obra de teatro diferente, algunas de ellas ser\u00e1n: \u003Cem\u003EQuiero una mam\u00e1 robot\u003C\/em\u003E, \u003Cem\u003E\u00a1Una intrusa en mi casa!\u003C\/em\u003E, \u003Cem\u003EAtrapados\u003C\/em\u003E, \u003Cem\u003ELola y el monstruo \u003C\/em\u003Ey\u00a0\u003Cem\u003ELas zanahorias mal\u00e9ficas\u003C\/em\u003E. Se recomienda para ni\u00f1os entre 6 y 12 a\u00f1os de edad.\u003C\/p\u003E\n\n\u003Cp\u003EEl Anfiteatro Sint\u00f3nico iniciar\u00e1 a las 17:00 horas con la m\u00fasica de los grupos representativos de la\u00a0UABC, La Choya y Mariachi Los Viajeros. Estos conciertos se realizan en el anfiteatro del Centro Comunitario Estudiantil.\u00a0A las 20:00 horas en los Conciertos de la\u00a0FIL, subir\u00e1n al escenario Le Ra y Ruido Rosa, bandas mexicanas con propuestas que impactan en el ambiente musical. Ambos conciertos se efectuar\u00e1n en la pista de atletismo de la Unidad Deportiva \u201cRub\u00e9n Castro Boj\u00f3rquez\u201d.\u003C\/p\u003E\n\n\u003Cp\u003EAdem\u00e1s, tambi\u00e9n se cuenta con las exposiciones \u201cRadiograf\u00edas. Nuevas escrituras de la fon\u00e9tica del cuerpo\u201d, en el Jard\u00edn de la Vicerrector\u00eda y \u201cDe Dor\u00e9 a Sebasti\u00e1n y de Rivera a Brito\u201d, en la Sala de Arte Rub\u00e9n Garc\u00eda Benavides, ubicada dentro del Centro Comunitario Estudiantil.\u003C\/p\u003E\n\n\u003Cp\u003ELa XXIII\u00a0FIL\u00a0UABC\u00a0se lleva a cabo en las instalaciones de la Vicerrector\u00eda de la\u00a0UABC, Campus Mexicali, ubicada en el bulevar Benito Ju\u00e1rez.\u00a0Para conocer m\u00e1s\u00a0presentaciones\u00a0del s\u00e1bado 2 de abril, el\u00a0programa\u00a0completo se puede consultar en:\u00a0\u003Ca href=\u0022https:\/\/www.filuabc.mx\/\u0022\u003Ehttps:\/\/www.filuabc.mx\/\u003C\/a\u003E, as\u00ed como en las redes sociales de Feria Internacional del Libro\u00a0UABC\u00a0y Cultura\u00a0UABC.\u00a0\u003C\/p\u003E\n\n\u003Cp\u003ELos accesos al recinto ferial se abrir\u00e1n a partir de las 10:00 horas hasta las 21:00 horas. El horario del \u00e1rea Infantil y Juvenil entre semana ser\u00e1 de 15:00 a 20:00 horas y s\u00e1bado y domingo de 10:00 a 20:00 horas. Los asistentes deber\u00e1n utilizar correctamente el cubrebocas y seguir los protocolos de seguridad sanitaria.\u00a0\u003C\/p\u003E\n\n\u003Cp\u003E\u00a0\u003C\/p\u003E\n\n\u003Cp\u003EImagen: Cortes\u00eda\u00a0\u00a0\u003C\/p\u003E\u003C\/div\u003E\n      \n  \n\n    \n            \u003Cdiv  class=\u0022palabras-clave\u0022\u003E\n                        \u003Ca href=\u0022\/%7Egacetaua\/tags\/fil-uabc\u0022 hreflang=\u0022es\u0022\u003EFIL UABC\u003C\/a\u003E\n                \u003Ca href=\u0022\/%7Egacetaua\/tags\/feria-internacional-del-libro\u0022 hreflang=\u0022es\u0022\u003EFeria Internacional del Libro\u003C\/a\u003E\n                \u003Ca href=\u0022\/%7Egacetaua\/tags\/libros\u0022 hreflang=\u0022es\u0022\u003ELibros\u003C\/a\u003E\n                \u003Ca href=\u0022\/%7Egacetaua\/tags\/cultura\u0022 hreflang=\u0022es\u0022\u003ECultura\u003C\/a\u003E\n      \n      \u003C\/div\u003E\n  \n\n\n  \u003C\/div\u003E\n\n  \u003C\/div\u003E\n\n  \u003Cdiv class=\u0022area-extras group-right\u0022\u003E\n        \n                          \u003Cdiv  class=\u0022enlace-blockBottom\u0022 \u003E\n      \u003Cdiv\u003EVer m\u00e1s \u003Ca href=\u0022http:\/\/gaceta.uabc.mx\/notas\u0022\u003ENotas\u003C\/a\u003E\u003C\/div\u003E\n\u003C\/div\u003E\n      \n  \n\n\n  \u003C\/div\u003E\n\n\u003C\/div\u003E\n\n","settings":null}]