[{"command":"settings","settings":{"pluralDelimiter":"\u0003","suppressDeprecationErrors":true,"ajaxPageState":{"libraries":"core\/drupal.ajax,core\/picturefill,ds\/ds_3col_equal_width","theme":"gaceta","theme_token":null},"ajaxTrustedUrl":[],"field_group":{"html_element":{"mode":"media_expanded","context":"view","settings":{"classes":"datos","show_empty_fields":false,"id":"","element":"div","show_label":false,"label_element":"h3","label_element_classes":"","attributes":"","effect":"none","speed":"fast"}}},"user":{"uid":0,"permissionsHash":"55dc977d165ab1e05e51b6cc6487f6d73e65ab536d99ee82c6990d9001d5c21c"}},"merge":true},{"command":"add_css","data":"\u003Clink rel=\u0022stylesheet\u0022 media=\u0022all\u0022 href=\u0022\/~gacetaua\/sites\/default\/files\/css\/css_mxJrjoKKAZuuB4_4f-B1u9VnFZxvSor3Az4JEdrFEso.css\u0022 \/\u003E\n\u003Clink rel=\u0022stylesheet\u0022 media=\u0022all\u0022 href=\u0022\/~gacetaua\/sites\/default\/files\/css\/css_-BXSGQpS8YTwwuXGbPoshUvZ7W-_HbYR3H7d0DA_mEY.css\u0022 \/\u003E\n\u003Clink rel=\u0022stylesheet\u0022 media=\u0022all\u0022 href=\u0022\/~gacetaua\/sites\/default\/files\/css\/css_89YreTu0npezhXSakRJR9TVHyBS9bTcyt0s3IckAe-M.css\u0022 \/\u003E\n"},{"command":"add_js","selector":"body","data":[{"src":"\/~gacetaua\/sites\/default\/files\/js\/js_9UaAhXvc9u0KYXXUw-OKyLP2baQxdV4zY3Y_KGurcvY.js"},{"src":"\/~gacetaua\/sites\/default\/files\/js\/js_oDJxUBLBzfRb_FDgNfkNOm9-tiatS2kNfxQIeVRZA7Y.js"},{"src":"\/~gacetaua\/sites\/default\/files\/js\/js_YM82KRuzNIr2X-Kb8pQW8cOcSbWgQ_QGKclTYJ_aMlI.js"},{"src":"\/~gacetaua\/sites\/default\/files\/js\/js_pqqsPPmPmxKgamY6qk_WSawtL05XH_yAY8GkPHVyahI.js"}]},{"command":"insert","method":"replaceWith","selector":".view-mode-full","data":"\u003Cdiv data-history-node-id=\u002219729\u0022 class=\u0022contenido view-mode-media_expanded ds-3col-equal clearfix\u0022\u003E\n\n  \n\n  \u003Cdiv class=\u0022area-medios group-left\u0022\u003E\n        \n                          \u003Cdiv  class=\u0022imagen\u0022 \u003E\n          \u003Cpicture\u003E\n                  \u003Csource srcset=\u0022\/~gacetaua\/sites\/default\/files\/styles\/max_650x650\/public\/2022-08\/FMP.webp?itok=JfxSgRb9 650w, \/~gacetaua\/sites\/default\/files\/styles\/max_1900x1900\/public\/2022-08\/FMP.webp?itok=w-K9XP0B 1246w\u0022 type=\u0022image\/webp\u0022 sizes=\u0022100vw\u0022\/\u003E\n              \u003Csource srcset=\u0022\/~gacetaua\/sites\/default\/files\/styles\/max_650x650\/public\/2022-08\/FMP.jpg?itok=JfxSgRb9 650w, \/~gacetaua\/sites\/default\/files\/styles\/max_1900x1900\/public\/2022-08\/FMP.jpg?itok=w-K9XP0B 1246w\u0022 type=\u0022image\/jpeg\u0022 sizes=\u0022100vw\u0022\/\u003E\n                  \u003Cimg srcset=\u0022\/~gacetaua\/sites\/default\/files\/styles\/max_650x650\/public\/2022-08\/FMP.jpg?itok=JfxSgRb9 650w, \/~gacetaua\/sites\/default\/files\/styles\/max_1900x1900\/public\/2022-08\/FMP.jpg?itok=w-K9XP0B 1246w\u0022 sizes=\u0022100vw\u0022 src=\u0022\/~gacetaua\/sites\/default\/files\/styles\/max_1300x1300\/public\/2022-08\/FMP.jpg?itok=tHK5dOgP\u0022 alt=\u0022\u0022 typeof=\u0022foaf:Image\u0022 class=\u0022img-fluid\u0022 \/\u003E\n\n  \u003C\/picture\u003E\n\n\u003C\/div\u003E\n      \n  \n\n      \u003Cdiv  class=\u0022boton-expander\u0022\u003E\n        \n                  \u003Cdiv class=\u0022item-list\u0022\u003E\u003Cul\u003E\u003Cli\u003E\u003Ca href=\u0022\/%7Egacetaua\/ds-switch-view-mode\/node\/19729\/media_collapsed?selector=view-mode-media_expanded\u0022 class=\u0022use-ajax\u0022\u003E\u2191\u003C\/a\u003E\u003C\/li\u003E\u003C\/ul\u003E\u003C\/div\u003E\n      \n  \n    \u003C\/div\u003E\n\n\n  \u003C\/div\u003E\n\n  \u003Cdiv class=\u0022area-info group-middle\u0022\u003E\n    \n\u003Cdiv  class=\u0022inner\u0022\u003E\n          \n                          \u003Ch2  class=\u0022titulo\u0022 \u003E\n        Convoca UABC a participar en estudio de COVID-19\n\u003C\/h2\u003E\n      \n  \n\n    \n                          \u003Cdiv  class=\u0022resumen\u0022 \u003E\n      Se convoca a residentes de Baja California que deseen ser parte del proyecto de investigaci\u00f3n\u003C\/div\u003E\n      \n  \n\n\n\u003Cdiv  class=\u0022datos\u0022\u003E\n            \u003Cdiv  class=\u0022autor\u0022\u003E\n            \u003Cdiv  class=\u0022field-label-inline\u0022\u003EPor\u003C\/div\u003E\n  \n                  \u003Ca href=\u0022\/%7Egacetaua\/autores\/gaceta-uabc\u0022 hreflang=\u0022es\u0022\u003EGaceta UABC\u003C\/a\u003E\n      \n  \n    \u003C\/div\u003E\n\n      \u003Cdiv  class=\u0022campus\u0022\u003E\n            \u003Cdiv  class=\u0022field-label-inline\u0022\u003ECampus\u003C\/div\u003E\n  \n                  \u003Ca href=\u0022\/%7Egacetaua\/campus\/uabc\u0022 hreflang=\u0022es\u0022\u003EUABC\u003C\/a\u003E\n      \n  \n    \u003C\/div\u003E\n\n    \n                          \u003Cdiv  class=\u0022fecha\u0022 \u003E\n      8 de Agosto de 2022\u003C\/div\u003E\n      \n  \n\n\n  \u003C\/div\u003E\n    \n                          \u003Cdiv  class=\u0022texto\u0022 \u003E\n      \u003Cp\u003EInvestigadores de la Facultad de Medicina y Psicolog\u00eda de la UABC, en conjunto con investigadores de San Diego y personal m\u00e9dico del Hospital General de Tijuana, trabajar\u00e1n en el proyecto de investigaci\u00f3n denominado Gen\u00e9tica en Familias con COVID-19.\u00a0\u003C\/p\u003E\n\n\u003Cp\u003EEl objetivo de este estudio es analizar la informaci\u00f3n gen\u00e9tica de familias de ascendencia mexicana y su relaci\u00f3n con las diferentes manifestaciones de COVID-19, mejorando as\u00ed la comprensi\u00f3n de los factores implicados en el desarrollo de s\u00edntomas graves en la poblaci\u00f3n hispana afectada por esta enfermedad. El proyecto de investigaci\u00f3n cuenta con las actas de aprobaci\u00f3n de los comit\u00e9s cient\u00edficos de cada instituci\u00f3n participante y convoca a residentes de Baja California.\u003C\/p\u003E\n\n\u003Cp\u003ESe invita a las familias extendidas (hermanos, t\u00edos, sobrinos, abuelos, hijos, entre otros) que han sido afectados por la COVID-19 y est\u00e9n interesadas en participar, que se registren en la siguiente liga: \u003Ca href=\u0022https:\/\/my.ctri.ucsd.edu\/surveys\/?s=AELRKNJKMX\u0022\u003Ehttps:\/\/my.ctri.ucsd.edu\/surveys\/?s=AELRKNJKMX\u003C\/a\u003E. Adem\u00e1s de proporcionar la informaci\u00f3n personal de cada uno de los familiares, se deber\u00e1 incluir un n\u00famero telef\u00f3nico o correo electr\u00f3nico para un posible contacto.\u003C\/p\u003E\n\n\u003Cp\u003ESe podr\u00e1n integrar al estudio aquellas familias en las que varios miembros hayan dado positivo a la enfermedad y que al menos uno de ellos haya presentado s\u00edntomas graves, precisando ingreso hospitalario o uso de oxigenoterapia. Quienes resulten seleccionados ser\u00e1n contactados por los investigadores a los n\u00fameros de contacto que hayan registrado.\u003C\/p\u003E\n\n\u003Cp\u003ELa COVID-19 es una enfermedad infecciosa causada por el SARS-CoV-2. Las personas infectadas por este virus pueden presentar diferentes grados de intensidad en la sintomatolog\u00eda y en miembros de una misma familia pueden encontrarse individuos asintom\u00e1ticos, mientras que otros pueden presentar sintomatolog\u00eda leve, moderada o grave, requiriendo administraci\u00f3n de ox\u00edgeno, ingreso hospitalario e incluso llegando a fallecer.\u003C\/p\u003E\n\n\u003Cp\u003EEste proyecto de investigaci\u00f3n se suma a otros que la UABC ha emprendido tras la pandemia que inici\u00f3 en 2020 y que contin\u00faa siendo una emergencia sanitaria.\u003C\/p\u003E\n\n\u003Cp\u003E\u00a0\u003C\/p\u003E\n\n\u003Cp\u003EFotograf\u00eda: Jorge Magdaleno Arenas\u003C\/p\u003E\u003C\/div\u003E\n      \n  \n\n    \n            \u003Cdiv  class=\u0022palabras-clave\u0022\u003E\n                        \u003Ca href=\u0022\/%7Egacetaua\/tags\/covid-19-0\u0022 hreflang=\u0022es\u0022\u003ECOVID-19\u003C\/a\u003E\n                \u003Ca href=\u0022\/%7Egacetaua\/tags\/genetica-en-familias\u0022 hreflang=\u0022es\u0022\u003E Gen\u00e9tica en Familias\u003C\/a\u003E\n                \u003Ca href=\u0022\/%7Egacetaua\/tags\/investigacion\u0022 hreflang=\u0022es\u0022\u003EInvestigaci\u00f3n\u003C\/a\u003E\n      \n      \u003C\/div\u003E\n  \n\n\n  \u003C\/div\u003E\n\n  \u003C\/div\u003E\n\n  \u003Cdiv class=\u0022area-extras group-right\u0022\u003E\n        \n                          \u003Cdiv  class=\u0022enlace-blockBottom\u0022 \u003E\n      \u003Cdiv\u003EVer m\u00e1s \u003Ca href=\u0022http:\/\/gaceta.uabc.mx\/notas\u0022\u003ENotas\u003C\/a\u003E\u003C\/div\u003E\n\u003C\/div\u003E\n      \n  \n\n\n  \u003C\/div\u003E\n\n\u003C\/div\u003E\n\n","settings":null}]