[{"command":"settings","settings":{"pluralDelimiter":"\u0003","suppressDeprecationErrors":true,"ajaxPageState":{"libraries":"core\/drupal.ajax,core\/picturefill,ds\/ds_3col_equal_width","theme":"gaceta","theme_token":null},"ajaxTrustedUrl":[],"field_group":{"html_element":{"mode":"media_expanded","context":"view","settings":{"classes":"datos","show_empty_fields":false,"id":"","element":"div","show_label":false,"label_element":"h3","label_element_classes":"","attributes":"","effect":"none","speed":"fast"}}},"user":{"uid":0,"permissionsHash":"55dc977d165ab1e05e51b6cc6487f6d73e65ab536d99ee82c6990d9001d5c21c"}},"merge":true},{"command":"add_css","data":"\u003Clink rel=\u0022stylesheet\u0022 media=\u0022all\u0022 href=\u0022\/~gacetaua\/sites\/default\/files\/css\/css_mxJrjoKKAZuuB4_4f-B1u9VnFZxvSor3Az4JEdrFEso.css\u0022 \/\u003E\n\u003Clink rel=\u0022stylesheet\u0022 media=\u0022all\u0022 href=\u0022\/~gacetaua\/sites\/default\/files\/css\/css_-BXSGQpS8YTwwuXGbPoshUvZ7W-_HbYR3H7d0DA_mEY.css\u0022 \/\u003E\n\u003Clink rel=\u0022stylesheet\u0022 media=\u0022all\u0022 href=\u0022\/~gacetaua\/sites\/default\/files\/css\/css_89YreTu0npezhXSakRJR9TVHyBS9bTcyt0s3IckAe-M.css\u0022 \/\u003E\n"},{"command":"add_js","selector":"body","data":[{"src":"\/~gacetaua\/sites\/default\/files\/js\/js_9UaAhXvc9u0KYXXUw-OKyLP2baQxdV4zY3Y_KGurcvY.js"},{"src":"\/~gacetaua\/sites\/default\/files\/js\/js_oDJxUBLBzfRb_FDgNfkNOm9-tiatS2kNfxQIeVRZA7Y.js"},{"src":"\/~gacetaua\/sites\/default\/files\/js\/js_YM82KRuzNIr2X-Kb8pQW8cOcSbWgQ_QGKclTYJ_aMlI.js"},{"src":"\/~gacetaua\/sites\/default\/files\/js\/js_pqqsPPmPmxKgamY6qk_WSawtL05XH_yAY8GkPHVyahI.js"}]},{"command":"insert","method":"replaceWith","selector":".view-mode-full","data":"\u003Cdiv data-history-node-id=\u002224858\u0022 class=\u0022contenido view-mode-media_expanded ds-3col-equal clearfix\u0022\u003E\n\n  \n\n  \u003Cdiv class=\u0022area-medios group-left\u0022\u003E\n        \n                          \u003Cdiv  class=\u0022imagen\u0022 \u003E\n          \u003Cpicture\u003E\n                  \u003Csource srcset=\u0022\/~gacetaua\/sites\/default\/files\/styles\/max_650x650\/public\/notas\/2026-06-14\/Conocer_UABC_JB01.webp?itok=JOUiZd5B 650w, \/~gacetaua\/sites\/default\/files\/styles\/max_1900x1900\/public\/notas\/2026-06-14\/Conocer_UABC_JB01.webp?itok=VBaCbxEN 1280w\u0022 type=\u0022image\/webp\u0022 sizes=\u0022100vw\u0022\/\u003E\n              \u003Csource srcset=\u0022\/~gacetaua\/sites\/default\/files\/styles\/max_650x650\/public\/notas\/2026-06-14\/Conocer_UABC_JB01.jpeg?itok=JOUiZd5B 650w, \/~gacetaua\/sites\/default\/files\/styles\/max_1900x1900\/public\/notas\/2026-06-14\/Conocer_UABC_JB01.jpeg?itok=VBaCbxEN 1280w\u0022 type=\u0022image\/jpeg\u0022 sizes=\u0022100vw\u0022\/\u003E\n                  \u003Cimg srcset=\u0022\/~gacetaua\/sites\/default\/files\/styles\/max_650x650\/public\/notas\/2026-06-14\/Conocer_UABC_JB01.jpeg?itok=JOUiZd5B 650w, \/~gacetaua\/sites\/default\/files\/styles\/max_1900x1900\/public\/notas\/2026-06-14\/Conocer_UABC_JB01.jpeg?itok=VBaCbxEN 1280w\u0022 sizes=\u0022100vw\u0022 src=\u0022\/~gacetaua\/sites\/default\/files\/styles\/max_1300x1300\/public\/notas\/2026-06-14\/Conocer_UABC_JB01.jpeg?itok=5b1WWw5W\u0022 alt=\u0022.\u0022 typeof=\u0022foaf:Image\u0022 class=\u0022img-fluid\u0022 \/\u003E\n\n  \u003C\/picture\u003E\n\n\u003C\/div\u003E\n      \n  \n\n      \u003Cdiv  class=\u0022boton-expander\u0022\u003E\n        \n                  \u003Cdiv class=\u0022item-list\u0022\u003E\u003Cul\u003E\u003Cli\u003E\u003Ca href=\u0022\/%7Egacetaua\/ds-switch-view-mode\/node\/24858\/media_collapsed?selector=view-mode-media_expanded\u0022 class=\u0022use-ajax\u0022\u003E\u2191\u003C\/a\u003E\u003C\/li\u003E\u003C\/ul\u003E\u003C\/div\u003E\n      \n  \n    \u003C\/div\u003E\n\n\n  \u003C\/div\u003E\n\n  \u003Cdiv class=\u0022area-info group-middle\u0022\u003E\n    \n\u003Cdiv  class=\u0022inner\u0022\u003E\n          \n                          \u003Ch2  class=\u0022titulo\u0022 \u003E\n        Certifica UABC competencias laborales de su personal docente\n\u003C\/h2\u003E\n      \n  \n\n    \n                          \u003Cdiv  class=\u0022resumen\u0022 \u003E\n      La Red CONOCER UABC otorg\u00f3 218 certificaciones y ampli\u00f3 su cobertura con cuatro nuevos centros evaluadores\u003C\/div\u003E\n      \n  \n\n\n\u003Cdiv  class=\u0022datos\u0022\u003E\n            \u003Cdiv  class=\u0022autor\u0022\u003E\n            \u003Cdiv  class=\u0022field-label-inline\u0022\u003EPor\u003C\/div\u003E\n  \n                  \u003Ca href=\u0022\/%7Egacetaua\/autores\/olivia-yaritza-lopez-segoviano\u0022 hreflang=\u0022es\u0022\u003EOlivia Yaritza L\u00f3pez Segoviano\u003C\/a\u003E\n      \n  \n    \u003C\/div\u003E\n\n      \u003Cdiv  class=\u0022campus\u0022\u003E\n            \u003Cdiv  class=\u0022field-label-inline\u0022\u003ECampus\u003C\/div\u003E\n  \n                  \u003Ca href=\u0022\/%7Egacetaua\/campus\/uabc\u0022 hreflang=\u0022es\u0022\u003EUABC\u003C\/a\u003E\n      \n  \n    \u003C\/div\u003E\n\n    \n                          \u003Cdiv  class=\u0022fecha\u0022 \u003E\n      14 de Junio de 2026\u003C\/div\u003E\n      \n  \n\n\n  \u003C\/div\u003E\n    \n                          \u003Cdiv  class=\u0022texto\u0022 \u003E\n      \u003Cp\u003ELa Universidad Aut\u00f3noma de Baja California (UABC) entreg\u00f3 218 certificados de competencias laborales a 127 docentes de 16 unidades acad\u00e9micas de los tres campus universitarios, como parte de las convocatorias 2025-2 y 2026-1 de la Red CONOCER UABC, iniciativa orientada al fortalecimiento de la calidad educativa y la profesionalizaci\u00f3n del personal acad\u00e9mico.\u003C\/p\u003E\n\n\u003Cp\u003EDurante la ceremonia, el rector de la UABC, doctor Luis Enrique Palafox Maestre, destac\u00f3 que este proyecto institucional representa una estrategia fundamental para impulsar la actualizaci\u00f3n permanente del profesorado y fortalecer el v\u00ednculo entre la formaci\u00f3n universitaria y las necesidades del entorno productivo y social.\u003C\/p\u003E\n\n\u003Cp\u003E\u201cLos certificados que el d\u00eda de hoy estamos entregando son el reconocimiento a su compromiso con la actualizaci\u00f3n y con la excelencia, pero sobre todo es un reconocimiento a su disposici\u00f3n para seguir aprendiendo y a la convicci\u00f3n de que la educaci\u00f3n de calidad exige una actualizaci\u00f3n permanente\u201d, expres\u00f3.\u003C\/p\u003E\n\n\u003Cp\u003EEl rector inform\u00f3 que, con la incorporaci\u00f3n de cuatro nuevas unidades acad\u00e9micas, la Red CONOCER UABC cuenta ahora con 26 centros evaluadores. Asimismo, plante\u00f3 como meta que la universidad se convierta en un referente nacional en la generaci\u00f3n de est\u00e1ndares de competencias laborales. \u201cLa m\u00e1xima aspiraci\u00f3n es que la UABC sea un referente nacional en la emisi\u00f3n de est\u00e1ndares de competencias laborales que atiendan nuestras necesidades regionales y que puedan ser aprovechados por otras entidades del pa\u00eds\u201d, se\u00f1al\u00f3.\u003C\/p\u003E\n\n\u003Cp\u003ETambi\u00e9n subray\u00f3 que la certificaci\u00f3n docente impacta directamente en la formaci\u00f3n del estudiantado. \u201cCuando un profesor o una profesora se actualiza profesionalmente y actualiza sus pr\u00e1cticas pedag\u00f3gicas, las personas m\u00e1s beneficiadas ser\u00e1n nuestras y nuestros estudiantes\u201d, afirm\u00f3.\u003C\/p\u003E\n\n\u003Cp\u003EPor su parte, la coordinadora general de Vinculaci\u00f3n y Cooperaci\u00f3n Acad\u00e9mica, doctora Martha Ofelia Lobo Rodr\u00edguez, destac\u00f3 que la entrega de certificados representa un paso importante en la consolidaci\u00f3n de la UABC como centro certificador de la Red CONOCER a nivel nacional.\u003C\/p\u003E\n\n\u003Cp\u003EExplic\u00f3 que durante los \u00faltimos a\u00f1os se han implementado diversas estrategias para fortalecer la certificaci\u00f3n de docentes y estudiantes en est\u00e1ndares tanto b\u00e1sicos como especializados, mediante un esfuerzo coordinado entre las unidades acad\u00e9micas y los centros evaluadores.\u003C\/p\u003E\n\n\u003Cp\u003E\u201cEstamos consolidando a un grupo m\u00e1s grande de docentes, acad\u00e9micas y acad\u00e9micos que se est\u00e1n integrando en las certificaciones. Eso nos da much\u00edsimo gusto porque finalmente es un paso que avanzamos hacia el fortalecimiento de la Red CONOCER como centro evaluador a nivel nacional\u201d, manifest\u00f3.\u003C\/p\u003E\n\n\u003Cp\u003EEn representaci\u00f3n de las y los docentes certificados, la maestra Karina Alejandra Mor\u00e1n \u00c1valos, profesora de la Facultad de Ingenier\u00eda Mexicali, se\u00f1al\u00f3 que la certificaci\u00f3n constituye mucho m\u00e1s que la obtenci\u00f3n de un documento, ya que refleja el compromiso del profesorado con la mejora continua y la actualizaci\u00f3n permanente.\u003C\/p\u003E\n\n\u003Cp\u003E\u201cHoy somos nosotros quienes presentamos evidencias, demostramos competencias y validamos nuestra experiencia profesional bajo est\u00e1ndares reconocidos a nivel nacional\u201d, coment\u00f3.\u003C\/p\u003E\n\n\u003Cp\u003EAgreg\u00f3 que los beneficios de este esfuerzo trascienden al \u00e1mbito individual y se reflejan en la formaci\u00f3n de las y los estudiantes. \u201cDetr\u00e1s de cada docente certificado existen cientos de estudiantes que se ver\u00e1n beneficiados por este esfuerzo, porque cada vez que un profesor fortalece sus competencias, mejora tambi\u00e9n la experiencia educativa de sus alumnos\u201d, destac\u00f3.\u003C\/p\u003E\n\n\u003Cp\u003EAsimismo, se\u00f1al\u00f3 que la certificaci\u00f3n contribuye a fortalecer la relaci\u00f3n entre la universidad y los sectores productivos. \u201cLos est\u00e1ndares de competencia permiten construir un puente entre esos dos espacios porque traducen el conocimiento en desempe\u00f1o y convierten la experiencia en evidencia verificada\u201d, indic\u00f3.\u003C\/p\u003E\n\n\u003Cp\u003EFinalmente, las autoridades universitarias coincidieron en que este esfuerzo fortalece la calidad de los procesos educativos, impulsa la mejora continua del personal acad\u00e9mico y reafirma el compromiso institucional de la UABC con la formaci\u00f3n de profesionistas de alta capacidad para responder a los retos de una sociedad en constante transformaci\u00f3n.\u003C\/p\u003E\u003C\/div\u003E\n      \n  \n\n    \n            \u003Cdiv  class=\u0022palabras-clave\u0022\u003E\n                        \u003Ca href=\u0022\/%7Egacetaua\/tags\/red-conocer-uabc\u0022 hreflang=\u0022es\u0022\u003ERed CONOCER UABC\u003C\/a\u003E\n      \n      \u003C\/div\u003E\n  \n\n\n  \u003C\/div\u003E\n\n  \u003C\/div\u003E\n\n  \u003Cdiv class=\u0022area-extras group-right\u0022\u003E\n        \n                          \u003Cdiv  class=\u0022enlace-blockBottom\u0022 \u003E\n      \u003Cdiv\u003EVer m\u00e1s \u003Ca href=\u0022http:\/\/gaceta.uabc.mx\/notas\u0022\u003ENotas\u003C\/a\u003E\u003C\/div\u003E\n\u003C\/div\u003E\n      \n  \n\n\n  \u003C\/div\u003E\n\n\u003C\/div\u003E\n\n","settings":null}]