[{"command":"settings","settings":{"pluralDelimiter":"\u0003","suppressDeprecationErrors":true,"ajaxPageState":{"libraries":"core\/drupal.ajax,core\/picturefill,ds\/ds_3col_equal_width","theme":"gaceta","theme_token":null},"ajaxTrustedUrl":[],"field_group":{"html_element":{"mode":"media_expanded","context":"view","settings":{"classes":"datos","show_empty_fields":false,"id":"","element":"div","show_label":false,"label_element":"h3","label_element_classes":"","attributes":"","effect":"none","speed":"fast"}}},"user":{"uid":0,"permissionsHash":"55dc977d165ab1e05e51b6cc6487f6d73e65ab536d99ee82c6990d9001d5c21c"}},"merge":true},{"command":"add_css","data":"\u003Clink rel=\u0022stylesheet\u0022 media=\u0022all\u0022 href=\u0022\/~gacetaua\/sites\/default\/files\/css\/css_mxJrjoKKAZuuB4_4f-B1u9VnFZxvSor3Az4JEdrFEso.css\u0022 \/\u003E\n\u003Clink rel=\u0022stylesheet\u0022 media=\u0022all\u0022 href=\u0022\/~gacetaua\/sites\/default\/files\/css\/css_-BXSGQpS8YTwwuXGbPoshUvZ7W-_HbYR3H7d0DA_mEY.css\u0022 \/\u003E\n\u003Clink rel=\u0022stylesheet\u0022 media=\u0022all\u0022 href=\u0022\/~gacetaua\/sites\/default\/files\/css\/css_89YreTu0npezhXSakRJR9TVHyBS9bTcyt0s3IckAe-M.css\u0022 \/\u003E\n"},{"command":"add_js","selector":"body","data":[{"src":"\/~gacetaua\/sites\/default\/files\/js\/js_9UaAhXvc9u0KYXXUw-OKyLP2baQxdV4zY3Y_KGurcvY.js"},{"src":"\/~gacetaua\/sites\/default\/files\/js\/js_oDJxUBLBzfRb_FDgNfkNOm9-tiatS2kNfxQIeVRZA7Y.js"},{"src":"\/~gacetaua\/sites\/default\/files\/js\/js_YM82KRuzNIr2X-Kb8pQW8cOcSbWgQ_QGKclTYJ_aMlI.js"},{"src":"\/~gacetaua\/sites\/default\/files\/js\/js_pqqsPPmPmxKgamY6qk_WSawtL05XH_yAY8GkPHVyahI.js"}]},{"command":"insert","method":"replaceWith","selector":".view-mode-full","data":"\u003Cdiv data-history-node-id=\u00223371\u0022 class=\u0022contenido view-mode-media_expanded ds-3col-equal clearfix\u0022\u003E\n\n  \n\n  \u003Cdiv class=\u0022area-medios group-left\u0022\u003E\n        \n                          \u003Cdiv  class=\u0022imagen\u0022 \u003E\n          \u003Cpicture\u003E\n                  \u003Csource srcset=\u0022\/~gacetaua\/sites\/default\/files\/styles\/max_650x650\/public\/2018-08\/Foto%20del%20recuerdo.webp?itok=sMnZdFrh 650w, \/~gacetaua\/sites\/default\/files\/styles\/max_1300x1300\/public\/2018-08\/Foto%20del%20recuerdo.webp?itok=aSkuIVkg 1300w, \/~gacetaua\/sites\/default\/files\/styles\/max_1900x1900\/public\/2018-08\/Foto%20del%20recuerdo.webp?itok=GCymnyZt 1659w\u0022 type=\u0022image\/webp\u0022 sizes=\u0022100vw\u0022\/\u003E\n              \u003Csource srcset=\u0022\/~gacetaua\/sites\/default\/files\/styles\/max_650x650\/public\/2018-08\/Foto%20del%20recuerdo.jpg?itok=sMnZdFrh 650w, \/~gacetaua\/sites\/default\/files\/styles\/max_1300x1300\/public\/2018-08\/Foto%20del%20recuerdo.jpg?itok=aSkuIVkg 1300w, \/~gacetaua\/sites\/default\/files\/styles\/max_1900x1900\/public\/2018-08\/Foto%20del%20recuerdo.jpg?itok=GCymnyZt 1659w\u0022 type=\u0022image\/jpeg\u0022 sizes=\u0022100vw\u0022\/\u003E\n                  \u003Cimg srcset=\u0022\/~gacetaua\/sites\/default\/files\/styles\/max_650x650\/public\/2018-08\/Foto%20del%20recuerdo.jpg?itok=sMnZdFrh 650w, \/~gacetaua\/sites\/default\/files\/styles\/max_1300x1300\/public\/2018-08\/Foto%20del%20recuerdo.jpg?itok=aSkuIVkg 1300w, \/~gacetaua\/sites\/default\/files\/styles\/max_1900x1900\/public\/2018-08\/Foto%20del%20recuerdo.jpg?itok=GCymnyZt 1659w\u0022 sizes=\u0022100vw\u0022 src=\u0022\/~gacetaua\/sites\/default\/files\/styles\/max_1300x1300\/public\/2018-08\/Foto%20del%20recuerdo.jpg?itok=aSkuIVkg\u0022 alt=\u0022Bienvenidad_Actividades Deportivas_Rally_Competencias\u0022 typeof=\u0022foaf:Image\u0022 class=\u0022img-fluid\u0022 \/\u003E\n\n  \u003C\/picture\u003E\n\n\u003C\/div\u003E\n      \n  \n\n      \u003Cdiv  class=\u0022boton-expander\u0022\u003E\n        \n                  \u003Cdiv class=\u0022item-list\u0022\u003E\u003Cul\u003E\u003Cli\u003E\u003Ca href=\u0022\/%7Egacetaua\/ds-switch-view-mode\/node\/3371\/media_collapsed?selector=view-mode-media_expanded\u0022 class=\u0022use-ajax\u0022\u003E\u2191\u003C\/a\u003E\u003C\/li\u003E\u003C\/ul\u003E\u003C\/div\u003E\n      \n  \n    \u003C\/div\u003E\n\n\n  \u003C\/div\u003E\n\n  \u003Cdiv class=\u0022area-info group-middle\u0022\u003E\n    \n\u003Cdiv  class=\u0022inner\u0022\u003E\n          \n                          \u003Ch2  class=\u0022titulo\u0022 \u003E\n        Dan bienvenida a nuevos Cimarrones\n\u003C\/h2\u003E\n      \n  \n\n    \n                          \u003Cdiv  class=\u0022resumen\u0022 \u003E\n      Efect\u00faan diversas actividades deportivas y recreativas.\u003C\/div\u003E\n      \n  \n\n\n\u003Cdiv  class=\u0022datos\u0022\u003E\n            \u003Cdiv  class=\u0022autor\u0022\u003E\n            \u003Cdiv  class=\u0022field-label-inline\u0022\u003EPor\u003C\/div\u003E\n  \n                  \u003Ca href=\u0022\/%7Egacetaua\/autores\/vasthy-raquel-mejia-negrete\u0022 hreflang=\u0022es\u0022\u003EVasthy Raquel Mej\u00eda Negrete\u003C\/a\u003E\n      \n  \n    \u003C\/div\u003E\n\n      \u003Cdiv  class=\u0022campus\u0022\u003E\n            \u003Cdiv  class=\u0022field-label-inline\u0022\u003ECampus\u003C\/div\u003E\n  \n                  \u003Ca href=\u0022\/%7Egacetaua\/campus\/tijuana\u0022 hreflang=\u0022es\u0022\u003ETijuana\u003C\/a\u003E\n      \n  \n    \u003C\/div\u003E\n\n    \n                          \u003Cdiv  class=\u0022fecha\u0022 \u003E\n      10 de Agosto de 2018\u003C\/div\u003E\n      \n  \n\n\n  \u003C\/div\u003E\n    \n                          \u003Cdiv  class=\u0022texto\u0022 \u003E\n      \u003Cp\u003ESe llev\u00f3 a cabo el tradicional evento de bienvenida para los alumnos de nuevo ingreso en la UABC, Campus Tijuana.\u003C\/p\u003E\n\n\u003Cp\u003EDentro del circuito de actividades recreativas y deportivas se cont\u00f3 con la participaci\u00f3n de alrededor de 90 equipos, los cuales compitieron en carrera atl\u00e9tica, baloncesto el\u00e1stico, jal\u00f3n de cuerda, El Rey, carrera con obst\u00e1culos, El Globo Rasurado, Pasa la Bolita, Globo Volador, Elefantes, Office Tenis, Pasa Bal\u00f3n, Esponjas Locas y \u00a0El Gato, con la finalidad de obtener el mayor n\u00famero de puntos y as\u00ed conseguir uno de los primeros lugares.\u003C\/p\u003E\n\n\u003Cp\u003EEn esta ocasi\u00f3n, la Facultad de Deportes logr\u00f3 hacer el 1, 2, ya que obtuvieron los primeros dos lugares de la competencia. El equipo que logr\u00f3 el campeonato fue \u201cJ\u00f3venes Titanes\u201d, con un total de 1,190 puntos; en segundo sitio se ubic\u00f3 \u201cDeportivo 213\u201d, con 1,180; el tercer puesto fue para \u201cSparta Crew\u201d de la Facultad de Derecho, con 1,150 puntos; \u201cLos Chicos del Barrio\u201d de Deportes se situ\u00f3 en el cuarto lugar, tambi\u00e9n con 1,150 puntos, pero con la diferencia de que ellos no consiguieron uno de los primeros lugares de la carrera atl\u00e9tica; \u201cD.A. 02\u201d de Ecitec alcanz\u00f3 el quinto sitio, con 1,105 puntos; mientras que \u201cSistema Sexagesimal\u201d de Ciencias Qu\u00edmicas e Ingenier\u00eda se coloc\u00f3 en el sexto lugar, con 1,100 puntos.\u003C\/p\u003E\n\n\u003Cp\u003EEn el concurso de baile, el primer lugar lo obtuvo la pareja de la Facultad de Ciencias Qu\u00edmicas e Ingenier\u00eda.\u003C\/p\u003E\n\n\u003Cp\u003EEn el Rally Universitario, el equipo campe\u00f3n fue \u201cMKT\u201d, de la Facultad de Turismo y Mercadotecnia; el segundo lugar \u00a0lo obtuvo \u201cLos Meros Meros\u201d, de la Facultad de Ciencias Qu\u00edmicas e Ingenier\u00eda, y en el tercero se ubicaron \u201cLos Ferrosos\u201d, tambi\u00e9n de Ciencias Qu\u00edmicas e Ingenier\u00eda.\u003C\/p\u003E\n\n\u003Cp\u003ELos primeros lugares de cada competencia fueron premiados con art\u00edculos universitarios, adem\u00e1s de productos y cortes\u00edas de los patrocinadores que estuvieron presentes en el evento, as\u00ed como tambi\u00e9n su respectivo trofeo.\u003C\/p\u003E\n\n\u003Cp\u003EComo siempre, el evento de integraci\u00f3n universitaria fue todo un \u00e9xito gracias a la labor realizada por el Departamento de Formaci\u00f3n B\u00e1sica de UABC, a cargo del maestro Luis Alberto Alc\u00e1ntara Jurado, al igual que del personal de la Facultad de Deportes encabezado por el maestro Juan Jos\u00e9 Calleja N\u00fa\u00f1ez, Subdirector de la Unidad Acad\u00e9mica; as\u00ed como el equipo de trabajo de la Coordinaci\u00f3n de Actividad F\u00edsica y Deporte, dirigido por el maestro Omar Plascencia Enr\u00edquez, quienes organizaron el circuito recreativo-deportivo; y tambi\u00e9n el Servicio M\u00e9dico, a cargo del doctor Jos\u00e9 Juan Leyva.\u003C\/p\u003E\u003C\/div\u003E\n      \n  \n\n    \n            \u003Cdiv  class=\u0022palabras-clave\u0022\u003E\n                        \u003Ca href=\u0022\/%7Egacetaua\/tags\/bienvenida\u0022 hreflang=\u0022es\u0022\u003EBienvenida\u003C\/a\u003E\n                \u003Ca href=\u0022\/%7Egacetaua\/tags\/actividades\u0022 hreflang=\u0022es\u0022\u003EActividades\u003C\/a\u003E\n                \u003Ca href=\u0022\/%7Egacetaua\/tags\/rally-deportivo\u0022 hreflang=\u0022es\u0022\u003ERally deportivo\u003C\/a\u003E\n                \u003Ca href=\u0022\/%7Egacetaua\/tags\/competencias\u0022 hreflang=\u0022es\u0022\u003ECompetencias\u003C\/a\u003E\n      \n      \u003C\/div\u003E\n  \n\n\n  \u003C\/div\u003E\n\n  \u003C\/div\u003E\n\n  \u003Cdiv class=\u0022area-extras group-right\u0022\u003E\n        \n                          \u003Cdiv  class=\u0022enlace-blockBottom\u0022 \u003E\n      \u003Cdiv\u003EVer m\u00e1s \u003Ca href=\u0022http:\/\/gaceta.uabc.mx\/notas\u0022\u003ENotas\u003C\/a\u003E\u003C\/div\u003E\n\u003C\/div\u003E\n      \n  \n\n\n  \u003C\/div\u003E\n\n\u003C\/div\u003E\n\n","settings":null}]