[{"command":"settings","settings":{"pluralDelimiter":"\u0003","suppressDeprecationErrors":true,"ajaxPageState":{"libraries":"core\/drupal.ajax,core\/picturefill,ds\/ds_3col_equal_width","theme":"gaceta","theme_token":null},"ajaxTrustedUrl":[],"field_group":{"html_element":{"mode":"media_expanded","context":"view","settings":{"classes":"datos","show_empty_fields":false,"id":"","element":"div","show_label":false,"label_element":"h3","label_element_classes":"","attributes":"","effect":"none","speed":"fast"}}},"user":{"uid":0,"permissionsHash":"55dc977d165ab1e05e51b6cc6487f6d73e65ab536d99ee82c6990d9001d5c21c"}},"merge":true},{"command":"add_css","data":"\u003Clink rel=\u0022stylesheet\u0022 media=\u0022all\u0022 href=\u0022\/~gacetaua\/sites\/default\/files\/css\/css_mxJrjoKKAZuuB4_4f-B1u9VnFZxvSor3Az4JEdrFEso.css\u0022 \/\u003E\n\u003Clink rel=\u0022stylesheet\u0022 media=\u0022all\u0022 href=\u0022\/~gacetaua\/sites\/default\/files\/css\/css_-BXSGQpS8YTwwuXGbPoshUvZ7W-_HbYR3H7d0DA_mEY.css\u0022 \/\u003E\n\u003Clink rel=\u0022stylesheet\u0022 media=\u0022all\u0022 href=\u0022\/~gacetaua\/sites\/default\/files\/css\/css_89YreTu0npezhXSakRJR9TVHyBS9bTcyt0s3IckAe-M.css\u0022 \/\u003E\n"},{"command":"add_js","selector":"body","data":[{"src":"\/~gacetaua\/sites\/default\/files\/js\/js_9UaAhXvc9u0KYXXUw-OKyLP2baQxdV4zY3Y_KGurcvY.js"},{"src":"\/~gacetaua\/sites\/default\/files\/js\/js_oDJxUBLBzfRb_FDgNfkNOm9-tiatS2kNfxQIeVRZA7Y.js"},{"src":"\/~gacetaua\/sites\/default\/files\/js\/js_YM82KRuzNIr2X-Kb8pQW8cOcSbWgQ_QGKclTYJ_aMlI.js"},{"src":"\/~gacetaua\/sites\/default\/files\/js\/js_pqqsPPmPmxKgamY6qk_WSawtL05XH_yAY8GkPHVyahI.js"}]},{"command":"insert","method":"replaceWith","selector":".view-mode-full","data":"\u003Cdiv data-history-node-id=\u002211077\u0022 class=\u0022contenido view-mode-media_expanded ds-3col-equal clearfix\u0022\u003E\n\n  \n\n  \u003Cdiv class=\u0022area-medios group-left\u0022\u003E\n        \n                          \u003Cdiv  class=\u0022imagen\u0022 \u003E\n          \u003Cpicture\u003E\n                  \u003Csource srcset=\u0022\/~gacetaua\/sites\/default\/files\/styles\/max_650x650\/public\/2019-07\/11077.webp?itok=wqILRPLL 650w, \/~gacetaua\/sites\/default\/files\/styles\/max_1900x1900\/public\/2019-07\/11077.webp?itok=HyXbzJyY 1206w\u0022 type=\u0022image\/webp\u0022 sizes=\u0022100vw\u0022\/\u003E\n              \u003Csource srcset=\u0022\/~gacetaua\/sites\/default\/files\/styles\/max_650x650\/public\/2019-07\/11077.jpg?itok=wqILRPLL 650w, \/~gacetaua\/sites\/default\/files\/styles\/max_1900x1900\/public\/2019-07\/11077.jpg?itok=HyXbzJyY 1206w\u0022 type=\u0022image\/jpeg\u0022 sizes=\u0022100vw\u0022\/\u003E\n                  \u003Cimg srcset=\u0022\/~gacetaua\/sites\/default\/files\/styles\/max_650x650\/public\/2019-07\/11077.jpg?itok=wqILRPLL 650w, \/~gacetaua\/sites\/default\/files\/styles\/max_1900x1900\/public\/2019-07\/11077.jpg?itok=HyXbzJyY 1206w\u0022 sizes=\u0022100vw\u0022 src=\u0022\/~gacetaua\/sites\/default\/files\/styles\/max_1300x1300\/public\/2019-07\/11077.jpg?itok=XXX7hXao\u0022 alt=\u0022\u0022 typeof=\u0022foaf:Image\u0022 class=\u0022img-fluid\u0022 \/\u003E\n\n  \u003C\/picture\u003E\n\n\u003C\/div\u003E\n      \n  \n\n      \u003Cdiv  class=\u0022boton-expander\u0022\u003E\n        \n                  \u003Cdiv class=\u0022item-list\u0022\u003E\u003Cul\u003E\u003Cli\u003E\u003Ca href=\u0022\/%7egacetaua\/ds-switch-view-mode\/node\/11077\/media_collapsed?selector=view-mode-media_expanded\u0022 class=\u0022use-ajax\u0022\u003E\u2191\u003C\/a\u003E\u003C\/li\u003E\u003C\/ul\u003E\u003C\/div\u003E\n      \n  \n    \u003C\/div\u003E\n\n\n  \u003C\/div\u003E\n\n  \u003Cdiv class=\u0022area-info group-middle\u0022\u003E\n    \n\u003Cdiv  class=\u0022inner\u0022\u003E\n          \n                          \u003Ch2  class=\u0022titulo\u0022 \u003E\n        Busca UABC transformar el esp\u00edritu humano \n\u003C\/h2\u003E\n      \n  \n\n    \n                          \u003Cdiv  class=\u0022resumen\u0022 \u003E\n      Presenta obra y panel sobre la cultura de la paz.\u003C\/div\u003E\n      \n  \n\n\n\u003Cdiv  class=\u0022datos\u0022\u003E\n            \u003Cdiv  class=\u0022campus\u0022\u003E\n            \u003Cdiv  class=\u0022field-label-inline\u0022\u003ECampus\u003C\/div\u003E\n  \n                  \u003Ca href=\u0022\/%7egacetaua\/campus\/mexicali\u0022 hreflang=\u0022es\u0022\u003EMexicali\u003C\/a\u003E\n      \n  \n    \u003C\/div\u003E\n\n    \n                          \u003Cdiv  class=\u0022fecha\u0022 \u003E\n      26 de Noviembre de 2013\u003C\/div\u003E\n      \n  \n\n\n  \u003C\/div\u003E\n    \n                          \u003Cdiv  class=\u0022texto\u0022 \u003E\n      \u003Cp\u003EQue la sociedad en general reflexione sobre las implicaciones de la violencia y sobre c\u00f3mo puede contribuir para lograr una convivencia en la que domine la paz en todos los \u00e1mbitos, es el objetivo que tiene la exposici\u00f3n \u0022Transformando el esp\u00edritu humano; de una cultura de violencia a una cultura de paz\u0022, que presenta la Universidad Aut\u00f3noma de Baja California (UABC), en el patio central del edificio de Rector\u00eda.\u003C\/p\u003E\u003Cp\u003E\u003Cspan style=\u0022line-height: 1.538em;\u0022\u003ELa UABC busca con esta exposici\u00f3n fotogr\u00e1fica demostrar que como instituci\u00f3n de educaci\u00f3n superior desaprueba la violencia, el hambre, la guerra y la injusticia. La obra se estar\u00e1 presentando en el edificio de Rector\u00eda hasta el 15 de diciembre y el a\u00f1o pr\u00f3ximo se trasladar\u00e1 a otros recintos universitarios.\u003C\/span\u003E\u003C\/p\u003E\n\u003Cp\u003E\u003Cspan style=\u0022line-height: 1.538em;\u0022\u003EEn la ceremonia inaugural se cont\u00f3 con la presencia del doctor Felipe Cuamea Vel\u00e1zquez, Rector de la UABC; licenciado Roberto R\u00edos Ram\u00edrez, Presidente y Director General de Soka Gakai Internacional M\u00e9xico, entidad que presenta la exposici\u00f3n; as\u00ed como el doctor Jans Fromow Guerra, Consejero Internacional de la Asociaci\u00f3n de M\u00e9dicos para la Prevenci\u00f3n de una Guerra Nuclear.\u003C\/span\u003E\u003C\/p\u003E\n\u003Cp\u003E\u003Cspan style=\u0022line-height: 1.538em;\u0022\u003EDurante su discurso, el doctor Cuamea Vel\u00e1zquez se\u00f1al\u00f3 que desde hace tiempo miembros de la comunidad universitaria se han preocupado por establecer acciones que propicien una conciencia a favor de la paz, y ejemplific\u00f3 la creaci\u00f3n del Comit\u00e9 Pro Desarme Nuclear por parte de algunos acad\u00e9micos, as\u00ed como el mural \u201cPaz o Aniquilaci\u00f3n\u201d instalado en la Biblioteca Central del Campus Tijuana.\u003C\/span\u003E\u003C\/p\u003E\n\u003Cp\u003E\u003Cspan style=\u0022line-height: 1.538em;\u0022\u003EIndic\u00f3 que el tema de la guerra y la paz es un binomio que ha perseguido a la humanidad desde siempre. \u201cLos cambios se tienen que dar en cada uno de nosotros. Nuestra forma de ver al otro, ya sea como un enemigo o como un ser humano, hace la enorme diferencia, porque de esta manera tenemos la posibilidad de tomar acciones a favor o en contra de la paz\u201d, expres\u00f3 el doctor Cuamea Vel\u00e1zquez.\u003C\/span\u003E\u003C\/p\u003E\n\u003Cp\u003E\u003Cspan style=\u0022line-height: 1.538em;\u0022\u003EA los alumnos de la Facultad de Ciencias Sociales y Pol\u00edticas presentes en el evento inaugural, los exhort\u00f3 a incluir en su pr\u00f3xima simulaci\u00f3n de Naciones Unidad, una mesa de promoci\u00f3n de la paz, con la finalidad de seguir propagando este tema entre los universitarios.\u003C\/span\u003E\u003C\/p\u003E\n\u003Cp\u003E\u003Cspan style=\u0022line-height: 1.538em;\u0022\u003EPor su parte, el licenciado R\u00edos Ram\u00edrez, mencion\u00f3 que en Mexicali, ciudad en donde presentan la exposici\u00f3n, adem\u00e1s de ser el municipio m\u00e1s al norte de Latinoam\u00e9rica es donde inicia una zona de 10 mil kil\u00f3metros libre de armas nucleares, protegida por el Tratado de Tlatelolco, la cual culmina en la localidad chilena Puerto Williams.\u003C\/span\u003E\u003C\/p\u003E\n\u003Cp\u003E\u003Cspan style=\u0022line-height: 1.538em;\u0022\u003EPara finalizar este evento, en el Instituto de Investigaciones Culturales-Museo, se llev\u00f3 a cabo el panel \u201cDesarme nuclear y seguridad humana\u201d, en el que tambi\u00e9n intervinieron el licenciado R\u00edos Ram\u00edrez y el doctor Fromow Guerra.\u003C\/span\u003E\u003C\/p\u003E\u003C\/div\u003E\n      \n  \n\n\n  \u003C\/div\u003E\n\n  \u003C\/div\u003E\n\n  \u003Cdiv class=\u0022area-extras group-right\u0022\u003E\n        \n                          \u003Cdiv  class=\u0022enlace-blockBottom\u0022 \u003E\n      \u003Cdiv\u003EVer m\u00e1s \u003Ca href=\u0022http:\/\/gaceta.uabc.mx\/notas\u0022\u003ENotas\u003C\/a\u003E\u003C\/div\u003E\n\u003C\/div\u003E\n      \n  \n\n\n  \u003C\/div\u003E\n\n\u003C\/div\u003E\n\n","settings":null}]