[{"command":"settings","settings":{"pluralDelimiter":"\u0003","suppressDeprecationErrors":true,"ajaxPageState":{"libraries":"core\/drupal.ajax,core\/picturefill,ds\/ds_3col_equal_width","theme":"gaceta","theme_token":null},"ajaxTrustedUrl":[],"field_group":{"html_element":{"mode":"media_expanded","context":"view","settings":{"classes":"datos","show_empty_fields":false,"id":"","element":"div","show_label":false,"label_element":"h3","label_element_classes":"","attributes":"","effect":"none","speed":"fast"}}},"user":{"uid":0,"permissionsHash":"55dc977d165ab1e05e51b6cc6487f6d73e65ab536d99ee82c6990d9001d5c21c"}},"merge":true},{"command":"add_css","data":"\u003Clink rel=\u0022stylesheet\u0022 media=\u0022all\u0022 href=\u0022\/~gacetaua\/sites\/default\/files\/css\/css_mxJrjoKKAZuuB4_4f-B1u9VnFZxvSor3Az4JEdrFEso.css\u0022 \/\u003E\n\u003Clink rel=\u0022stylesheet\u0022 media=\u0022all\u0022 href=\u0022\/~gacetaua\/sites\/default\/files\/css\/css_-BXSGQpS8YTwwuXGbPoshUvZ7W-_HbYR3H7d0DA_mEY.css\u0022 \/\u003E\n\u003Clink rel=\u0022stylesheet\u0022 media=\u0022all\u0022 href=\u0022\/~gacetaua\/sites\/default\/files\/css\/css_89YreTu0npezhXSakRJR9TVHyBS9bTcyt0s3IckAe-M.css\u0022 \/\u003E\n"},{"command":"add_js","selector":"body","data":[{"src":"\/~gacetaua\/sites\/default\/files\/js\/js_9UaAhXvc9u0KYXXUw-OKyLP2baQxdV4zY3Y_KGurcvY.js"},{"src":"\/~gacetaua\/sites\/default\/files\/js\/js_oDJxUBLBzfRb_FDgNfkNOm9-tiatS2kNfxQIeVRZA7Y.js"},{"src":"\/~gacetaua\/sites\/default\/files\/js\/js_YM82KRuzNIr2X-Kb8pQW8cOcSbWgQ_QGKclTYJ_aMlI.js"},{"src":"\/~gacetaua\/sites\/default\/files\/js\/js_pqqsPPmPmxKgamY6qk_WSawtL05XH_yAY8GkPHVyahI.js"}]},{"command":"insert","method":"replaceWith","selector":".view-mode-full","data":"\u003Cdiv data-history-node-id=\u00221328\u0022 class=\u0022contenido view-mode-media_expanded ds-3col-equal clearfix\u0022\u003E\n\n  \n\n  \u003Cdiv class=\u0022area-medios group-left\u0022\u003E\n        \n                          \u003Cdiv  class=\u0022imagen\u0022 \u003E\n          \u003Cpicture\u003E\n                  \u003Csource srcset=\u0022\/~gacetaua\/sites\/default\/files\/styles\/max_650x650\/public\/2017-05\/Invita%20UABC%20a%20Expo%20Empleo.webp?itok=aFh1PUPB 650w, \/~gacetaua\/sites\/default\/files\/styles\/max_1900x1900\/public\/2017-05\/Invita%20UABC%20a%20Expo%20Empleo.webp?itok=TZi_aePJ 719w\u0022 type=\u0022image\/webp\u0022 sizes=\u0022100vw\u0022\/\u003E\n              \u003Csource srcset=\u0022\/~gacetaua\/sites\/default\/files\/styles\/max_650x650\/public\/2017-05\/Invita%20UABC%20a%20Expo%20Empleo.jpg?itok=aFh1PUPB 650w, \/~gacetaua\/sites\/default\/files\/styles\/max_1900x1900\/public\/2017-05\/Invita%20UABC%20a%20Expo%20Empleo.jpg?itok=TZi_aePJ 719w\u0022 type=\u0022image\/jpeg\u0022 sizes=\u0022100vw\u0022\/\u003E\n                  \u003Cimg srcset=\u0022\/~gacetaua\/sites\/default\/files\/styles\/max_650x650\/public\/2017-05\/Invita%20UABC%20a%20Expo%20Empleo.jpg?itok=aFh1PUPB 650w, \/~gacetaua\/sites\/default\/files\/styles\/max_1900x1900\/public\/2017-05\/Invita%20UABC%20a%20Expo%20Empleo.jpg?itok=TZi_aePJ 719w\u0022 sizes=\u0022100vw\u0022 src=\u0022\/~gacetaua\/sites\/default\/files\/styles\/max_1300x1300\/public\/2017-05\/Invita%20UABC%20a%20Expo%20Empleo.jpg?itok=ZklFrtVC\u0022 alt=\u0022Expo_Empleo_Vinculaci\u00f3n\u0022 typeof=\u0022foaf:Image\u0022 class=\u0022img-fluid\u0022 \/\u003E\n\n  \u003C\/picture\u003E\n\n\u003C\/div\u003E\n      \n  \n\n      \u003Cdiv  class=\u0022boton-expander\u0022\u003E\n        \n                  \u003Cdiv class=\u0022item-list\u0022\u003E\u003Cul\u003E\u003Cli\u003E\u003Ca href=\u0022\/%7egacetaua\/ds-switch-view-mode\/node\/1328\/media_collapsed?selector=view-mode-media_expanded\u0022 class=\u0022use-ajax\u0022\u003E\u2191\u003C\/a\u003E\u003C\/li\u003E\u003C\/ul\u003E\u003C\/div\u003E\n      \n  \n    \u003C\/div\u003E\n\n\n  \u003C\/div\u003E\n\n  \u003Cdiv class=\u0022area-info group-middle\u0022\u003E\n    \n\u003Cdiv  class=\u0022inner\u0022\u003E\n          \n                          \u003Ch2  class=\u0022titulo\u0022 \u003E\n        Invita UABC a Expo Empleo \n\u003C\/h2\u003E\n      \n  \n\n    \n                          \u003Cdiv  class=\u0022resumen\u0022 \u003E\n      Ofertar\u00e1n empleo 40 empresas relacionadas a los sectores de comercio, industria, educaci\u00f3n, gobierno y servicios. \u003C\/div\u003E\n      \n  \n\n\n\u003Cdiv  class=\u0022datos\u0022\u003E\n            \u003Cdiv  class=\u0022autor\u0022\u003E\n            \u003Cdiv  class=\u0022field-label-inline\u0022\u003EPor\u003C\/div\u003E\n  \n                  \u003Ca href=\u0022\/%7egacetaua\/autores\/ignacio-anguis-elizalde\u0022 hreflang=\u0022es\u0022\u003EIgnacio Anguis Elizalde\u003C\/a\u003E\n      \n  \n    \u003C\/div\u003E\n\n      \u003Cdiv  class=\u0022campus\u0022\u003E\n            \u003Cdiv  class=\u0022field-label-inline\u0022\u003ECampus\u003C\/div\u003E\n  \n                  \u003Ca href=\u0022\/%7egacetaua\/campus\/mexicali\u0022 hreflang=\u0022es\u0022\u003EMexicali\u003C\/a\u003E\n      \n  \n    \u003C\/div\u003E\n\n    \n                          \u003Cdiv  class=\u0022fecha\u0022 \u003E\n      22 de Mayo de 2017\u003C\/div\u003E\n      \n  \n\n\n  \u003C\/div\u003E\n    \n                          \u003Cdiv  class=\u0022texto\u0022 \u003E\n      \u003Cp\u003ECon el objetivo principal de vincular a la comunidad estudiantil y sus egresados al mercado laboral acorde con su profesi\u00f3n, la Universidad Aut\u00f3noma de Baja California (UABC), a trav\u00e9s del Departamento de Formaci\u00f3n Profesional y Vinculaci\u00f3n Universitaria de la Vicerrector\u00eda del Campus Mexicali, llevar\u00e1 a cabo una Expo Empleo.\u003C\/p\u003E\n\n\u003Cp\u003ESer\u00e1 este mi\u00e9rcoles 24 de mayo en el estacionamiento del Gimnasio Universitario, ubicado en avenida Ignacio L\u00f3pez Ray\u00f3n y avenida Churubusco s\/n en la colonia Insurgentes, de las 10:00 a las 13:00 horas. Cabe mencionar que la invitaci\u00f3n se extiende al p\u00fablico en general.\u003C\/p\u003E\n\n\u003Cp\u003ESe presentar\u00e1n empresas principalmente relacionadas con los campos de conocimiento en: ciencia y tecnolog\u00eda, humanidades, administraci\u00f3n, derecho, y educaci\u00f3n. Adem\u00e1s, en el lugar se ubicar\u00e1n m\u00f3dulos que expidan actas de nacimiento y cartas de no antecedentes penales de forma gratuita.\u003C\/p\u003E\n\n\u003Cp\u003ELos interesados podr\u00e1n registrarse sin costo llamando al n\u00famero telef\u00f3nico 841-8214, extensi\u00f3n 43076, o enviando un correo electr\u00f3nico a:\u00a0\u003Ca href=\u0022mailto:dianalaura.gonzalez@uabc.edu.mx\u0022\u003Edianalaura.gonzalez@uabc.edu.mx\u003C\/a\u003E. Una vez registrados recibir\u00e1n un formato de solicitud de empleo que deber\u00e1n llenar e imprimir para entregar a las empresas de su inter\u00e9s, pero tambi\u00e9n se les recomienda llevar su Curr\u00edculum Vitae.\u003C\/p\u003E\n\n\u003Cp\u003EEntre las empresas y dependencias participantes se encuentran: Gkn Aerospace, Skyworks Solutions, Coppel, Cargas Gasolineras, Vip Market, Breg M\u00e9xico, Canaco, Softtek Information Services, Banco Nacional de M\u00e9xico, G5 Seguridad Privada, Seglo Logistics, Atusa, Nsg \u2013Pilkington, Servicio de Administraci\u00f3n Tributaria, Grumesa S.A. de C.V., Canacintra, Colegio Miguel de Cervantes Saavedra.\u003C\/p\u003E\n\n\u003Cp\u003ETambi\u00e9n: Inncoentro, Coparmex, Manpower Industrial, Dataproducts Imaging Solutions S.A. de C.V., Martech Medical Products, Gt Service, Corporativo Juridico Corona y Asociados, Honeywell, Humetryc, Securitas, Protev, Grupo Soft Air, entre otras.\u003C\/p\u003E\u003C\/div\u003E\n      \n  \n\n    \n            \u003Cdiv  class=\u0022palabras-clave\u0022\u003E\n                        \u003Ca href=\u0022\/%7egacetaua\/tags\/expo\u0022 hreflang=\u0022es\u0022\u003EExpo\u003C\/a\u003E\n                \u003Ca href=\u0022\/%7egacetaua\/tags\/empleo\u0022 hreflang=\u0022es\u0022\u003EEmpleo\u003C\/a\u003E\n                \u003Ca href=\u0022\/%7egacetaua\/tags\/vinculacion\u0022 hreflang=\u0022es\u0022\u003EVinculaci\u00f3n\u003C\/a\u003E\n      \n      \u003C\/div\u003E\n  \n\n\n  \u003C\/div\u003E\n\n  \u003C\/div\u003E\n\n  \u003Cdiv class=\u0022area-extras group-right\u0022\u003E\n        \n                          \u003Cdiv  class=\u0022enlace-blockBottom\u0022 \u003E\n      \u003Cdiv\u003EVer m\u00e1s \u003Ca href=\u0022http:\/\/gaceta.uabc.mx\/notas\u0022\u003ENotas\u003C\/a\u003E\u003C\/div\u003E\n\u003C\/div\u003E\n      \n  \n\n\n  \u003C\/div\u003E\n\n\u003C\/div\u003E\n\n","settings":null}]