[{"command":"settings","settings":{"pluralDelimiter":"\u0003","suppressDeprecationErrors":true,"ajaxPageState":{"libraries":"core\/drupal.ajax,core\/picturefill,ds\/ds_3col_equal_width","theme":"gaceta","theme_token":null},"ajaxTrustedUrl":[],"field_group":{"html_element":{"mode":"media_expanded","context":"view","settings":{"classes":"datos","show_empty_fields":false,"id":"","element":"div","show_label":false,"label_element":"h3","label_element_classes":"","attributes":"","effect":"none","speed":"fast"}}},"user":{"uid":0,"permissionsHash":"55dc977d165ab1e05e51b6cc6487f6d73e65ab536d99ee82c6990d9001d5c21c"}},"merge":true},{"command":"add_css","data":"\u003Clink rel=\u0022stylesheet\u0022 media=\u0022all\u0022 href=\u0022\/~gacetaua\/sites\/default\/files\/css\/css_mxJrjoKKAZuuB4_4f-B1u9VnFZxvSor3Az4JEdrFEso.css\u0022 \/\u003E\n\u003Clink rel=\u0022stylesheet\u0022 media=\u0022all\u0022 href=\u0022\/~gacetaua\/sites\/default\/files\/css\/css_-BXSGQpS8YTwwuXGbPoshUvZ7W-_HbYR3H7d0DA_mEY.css\u0022 \/\u003E\n\u003Clink rel=\u0022stylesheet\u0022 media=\u0022all\u0022 href=\u0022\/~gacetaua\/sites\/default\/files\/css\/css_89YreTu0npezhXSakRJR9TVHyBS9bTcyt0s3IckAe-M.css\u0022 \/\u003E\n"},{"command":"add_js","selector":"body","data":[{"src":"\/~gacetaua\/sites\/default\/files\/js\/js_9UaAhXvc9u0KYXXUw-OKyLP2baQxdV4zY3Y_KGurcvY.js"},{"src":"\/~gacetaua\/sites\/default\/files\/js\/js_oDJxUBLBzfRb_FDgNfkNOm9-tiatS2kNfxQIeVRZA7Y.js"},{"src":"\/~gacetaua\/sites\/default\/files\/js\/js_YM82KRuzNIr2X-Kb8pQW8cOcSbWgQ_QGKclTYJ_aMlI.js"},{"src":"\/~gacetaua\/sites\/default\/files\/js\/js_pqqsPPmPmxKgamY6qk_WSawtL05XH_yAY8GkPHVyahI.js"}]},{"command":"insert","method":"replaceWith","selector":".view-mode-full","data":"\u003Cdiv data-history-node-id=\u00221336\u0022 class=\u0022contenido view-mode-media_expanded ds-3col-equal clearfix\u0022\u003E\n\n  \n\n  \u003Cdiv class=\u0022area-medios group-left\u0022\u003E\n        \n                          \u003Cdiv  class=\u0022imagen\u0022 \u003E\n          \u003Cpicture\u003E\n                  \u003Csource srcset=\u0022\/~gacetaua\/sites\/default\/files\/styles\/max_650x650\/public\/2017-05\/Realizar%C3%A1%20UABC%20Expo%20Empleo.webp?itok=m90P_uIF 650w, \/~gacetaua\/sites\/default\/files\/styles\/max_1300x1300\/public\/2017-05\/Realizar%C3%A1%20UABC%20Expo%20Empleo.webp?itok=pD4dYgH9 1300w, \/~gacetaua\/sites\/default\/files\/styles\/max_1900x1900\/public\/2017-05\/Realizar%C3%A1%20UABC%20Expo%20Empleo.webp?itok=FIcgZozb 1900w\u0022 type=\u0022image\/webp\u0022 sizes=\u0022100vw\u0022\/\u003E\n              \u003Csource srcset=\u0022\/~gacetaua\/sites\/default\/files\/styles\/max_650x650\/public\/2017-05\/Realizar%C3%A1%20UABC%20Expo%20Empleo.jpg?itok=m90P_uIF 650w, \/~gacetaua\/sites\/default\/files\/styles\/max_1300x1300\/public\/2017-05\/Realizar%C3%A1%20UABC%20Expo%20Empleo.jpg?itok=pD4dYgH9 1300w, \/~gacetaua\/sites\/default\/files\/styles\/max_1900x1900\/public\/2017-05\/Realizar%C3%A1%20UABC%20Expo%20Empleo.jpg?itok=FIcgZozb 1900w\u0022 type=\u0022image\/jpeg\u0022 sizes=\u0022100vw\u0022\/\u003E\n                  \u003Cimg srcset=\u0022\/~gacetaua\/sites\/default\/files\/styles\/max_650x650\/public\/2017-05\/Realizar%C3%A1%20UABC%20Expo%20Empleo.jpg?itok=m90P_uIF 650w, \/~gacetaua\/sites\/default\/files\/styles\/max_1300x1300\/public\/2017-05\/Realizar%C3%A1%20UABC%20Expo%20Empleo.jpg?itok=pD4dYgH9 1300w, \/~gacetaua\/sites\/default\/files\/styles\/max_1900x1900\/public\/2017-05\/Realizar%C3%A1%20UABC%20Expo%20Empleo.jpg?itok=FIcgZozb 1900w\u0022 sizes=\u0022100vw\u0022 src=\u0022\/~gacetaua\/sites\/default\/files\/styles\/max_1300x1300\/public\/2017-05\/Realizar%C3%A1%20UABC%20Expo%20Empleo.jpg?itok=pD4dYgH9\u0022 alt=\u0022Expo_Empleo_Vinculaci\u00f3n\u0022 typeof=\u0022foaf:Image\u0022 class=\u0022img-fluid\u0022 \/\u003E\n\n  \u003C\/picture\u003E\n\n\u003C\/div\u003E\n      \n  \n\n      \u003Cdiv  class=\u0022boton-expander\u0022\u003E\n        \n                  \u003Cdiv class=\u0022item-list\u0022\u003E\u003Cul\u003E\u003Cli\u003E\u003Ca href=\u0022\/%7egacetaua\/ds-switch-view-mode\/node\/1336\/media_collapsed?selector=view-mode-media_expanded\u0022 class=\u0022use-ajax\u0022\u003E\u2191\u003C\/a\u003E\u003C\/li\u003E\u003C\/ul\u003E\u003C\/div\u003E\n      \n  \n    \u003C\/div\u003E\n\n\n  \u003C\/div\u003E\n\n  \u003Cdiv class=\u0022area-info group-middle\u0022\u003E\n    \n\u003Cdiv  class=\u0022inner\u0022\u003E\n          \n                          \u003Ch2  class=\u0022titulo\u0022 \u003E\n        Realizar\u00e1 UABC Expo Empleo \n\u003C\/h2\u003E\n      \n  \n\n    \n                          \u003Cdiv  class=\u0022resumen\u0022 \u003E\n      Se ofrecer\u00e1n m\u00e1s de mil empleos, la mayor\u00eda de ellos en el \u00e1rea profesional \u003C\/div\u003E\n      \n  \n\n\n\u003Cdiv  class=\u0022datos\u0022\u003E\n            \u003Cdiv  class=\u0022campus\u0022\u003E\n            \u003Cdiv  class=\u0022field-label-inline\u0022\u003ECampus\u003C\/div\u003E\n  \n                  \u003Ca href=\u0022\/%7egacetaua\/campus\/mexicali\u0022 hreflang=\u0022es\u0022\u003EMexicali\u003C\/a\u003E\n      \n  \n    \u003C\/div\u003E\n\n    \n                          \u003Cdiv  class=\u0022fecha\u0022 \u003E\n      23 de Mayo de 2017\u003C\/div\u003E\n      \n  \n\n\n  \u003C\/div\u003E\n    \n                          \u003Cdiv  class=\u0022texto\u0022 \u003E\n      \u003Cp\u003EComo parte de las actividades que realiza la UABC para mejorar las condiciones de vida de los bajacalifornianos, el Departamento de Formaci\u00f3n Profesional y Vinculaci\u00f3n Universitaria dio a conocer en rueda de prensa la realizaci\u00f3n, para el mi\u00e9rcoles 24 de mayo, de la II Expo Empleo.\u003C\/p\u003E\n\n\u003Cp\u003EEl maestro Alberto Jabalera Oviedo, Jefe del\u00a0 Departamento de Formaci\u00f3n Profesional y Vinculaci\u00f3n Universitaria, coment\u00f3 que la invitaci\u00f3n a este evento est\u00e1 abierta a la comunidad estudiantil, egresados y comunidad en general. La\u00a0 exposici\u00f3n se realizar\u00e1\u00a0 a partir de las 10: 00 horas en las inmediaciones del Gimnasio Universitario.\u003C\/p\u003E\n\n\u003Cp\u003ESubray\u00f3 que esta exposici\u00f3n cuenta con la colaboraci\u00f3n de la Secretar\u00eda del Trabajo y Previsi\u00f3n Social. El evento contar\u00e1 con 50 carpas donde participar\u00e1n Canaco, Coparmex y Canacintra; los perfiles de las vacantes disponibles son en su mayor\u00eda para profesionistas y t\u00e9cnicos, pero tambi\u00e9n se contar\u00e1 con oferta laboral\u00a0 para\u00a0 los perfiles de empleado y operador. \u00a0\u003C\/p\u003E\n\n\u003Cp\u003EEn la rueda de prensa se cont\u00f3 con la presencia de la titular de la Secretar\u00eda del Trabajo y Previsi\u00f3n Social, licenciada Juana Laura P\u00e9rez Floriano, quien recalc\u00f3\u00a0 que esta clase de eventos son un espacio de vinculaci\u00f3n laboral para j\u00f3venes estudiantes, egresados y comunidad en general. Mencion\u00f3 que la Secretar\u00eda del Trabajo y Previsi\u00f3n Social trabaja en particular con la UABC por el reconocimiento del talento Cimarr\u00f3n para incorporarse al sector econ\u00f3mico del estado y aportar en beneficio del desarrollo de la sociedad.\u003C\/p\u003E\n\n\u003Cp\u003EPor su parte, el Director del Servicio Nacional del Empleo en Baja California, Luis Rodolfo Enr\u00edquez coment\u00f3 que durante el evento se ofrecer\u00e1n mil 100 plazas en el sector privado y de instituciones gubernamentales, de las cuales 973 son para t\u00e9cnicos y profesionistas, 24 para operadores y 76 para empelados.\u003C\/p\u003E\n\n\u003Cp\u003ECabe recalcar que en el evento se contar\u00e1 con la emisi\u00f3n de actas de nacimiento y cartas de antecedentes no penales para agilizar los tr\u00e1mites de contrataci\u00f3n.\u003C\/p\u003E\u003C\/div\u003E\n      \n  \n\n    \n            \u003Cdiv  class=\u0022palabras-clave\u0022\u003E\n                        \u003Ca href=\u0022\/%7egacetaua\/tags\/expo\u0022 hreflang=\u0022es\u0022\u003EExpo\u003C\/a\u003E\n                \u003Ca href=\u0022\/%7egacetaua\/tags\/empleo\u0022 hreflang=\u0022es\u0022\u003EEmpleo\u003C\/a\u003E\n                \u003Ca href=\u0022\/%7egacetaua\/tags\/vinculacion\u0022 hreflang=\u0022es\u0022\u003EVinculaci\u00f3n\u003C\/a\u003E\n      \n      \u003C\/div\u003E\n  \n\n\n  \u003C\/div\u003E\n\n  \u003C\/div\u003E\n\n  \u003Cdiv class=\u0022area-extras group-right\u0022\u003E\n        \n                          \u003Cdiv  class=\u0022enlace-blockBottom\u0022 \u003E\n      \u003Cdiv\u003EVer m\u00e1s \u003Ca href=\u0022http:\/\/gaceta.uabc.mx\/notas\u0022\u003ENotas\u003C\/a\u003E\u003C\/div\u003E\n\u003C\/div\u003E\n      \n  \n\n\n  \u003C\/div\u003E\n\n\u003C\/div\u003E\n\n","settings":null}]