[{"command":"settings","settings":{"pluralDelimiter":"\u0003","suppressDeprecationErrors":true,"ajaxPageState":{"libraries":"core\/drupal.ajax,core\/picturefill,ds\/ds_3col_equal_width","theme":"gaceta","theme_token":null},"ajaxTrustedUrl":[],"field_group":{"html_element":{"mode":"media_expanded","context":"view","settings":{"classes":"datos","show_empty_fields":false,"id":"","element":"div","show_label":false,"label_element":"h3","label_element_classes":"","attributes":"","effect":"none","speed":"fast"}}},"user":{"uid":0,"permissionsHash":"55dc977d165ab1e05e51b6cc6487f6d73e65ab536d99ee82c6990d9001d5c21c"}},"merge":true},{"command":"add_css","data":"\u003Clink rel=\u0022stylesheet\u0022 media=\u0022all\u0022 href=\u0022\/~gacetaua\/sites\/default\/files\/css\/css_mxJrjoKKAZuuB4_4f-B1u9VnFZxvSor3Az4JEdrFEso.css\u0022 \/\u003E\n\u003Clink rel=\u0022stylesheet\u0022 media=\u0022all\u0022 href=\u0022\/~gacetaua\/sites\/default\/files\/css\/css_-BXSGQpS8YTwwuXGbPoshUvZ7W-_HbYR3H7d0DA_mEY.css\u0022 \/\u003E\n\u003Clink rel=\u0022stylesheet\u0022 media=\u0022all\u0022 href=\u0022\/~gacetaua\/sites\/default\/files\/css\/css_89YreTu0npezhXSakRJR9TVHyBS9bTcyt0s3IckAe-M.css\u0022 \/\u003E\n"},{"command":"add_js","selector":"body","data":[{"src":"\/~gacetaua\/sites\/default\/files\/js\/js_9UaAhXvc9u0KYXXUw-OKyLP2baQxdV4zY3Y_KGurcvY.js"},{"src":"\/~gacetaua\/sites\/default\/files\/js\/js_oDJxUBLBzfRb_FDgNfkNOm9-tiatS2kNfxQIeVRZA7Y.js"},{"src":"\/~gacetaua\/sites\/default\/files\/js\/js_YM82KRuzNIr2X-Kb8pQW8cOcSbWgQ_QGKclTYJ_aMlI.js"},{"src":"\/~gacetaua\/sites\/default\/files\/js\/js_pqqsPPmPmxKgamY6qk_WSawtL05XH_yAY8GkPHVyahI.js"}]},{"command":"insert","method":"replaceWith","selector":".view-mode-full","data":"\u003Cdiv data-history-node-id=\u002213424\u0022 class=\u0022contenido view-mode-media_expanded ds-3col-equal clearfix\u0022\u003E\n\n  \n\n  \u003Cdiv class=\u0022area-medios group-left\u0022\u003E\n        \n                          \u003Cdiv  class=\u0022imagen\u0022 \u003E\n          \u003Cpicture\u003E\n                  \u003Csource srcset=\u0022\/~gacetaua\/sites\/default\/files\/styles\/max_650x650\/public\/2019-07\/090512_2316_DAINICIOCON1.webp?itok=ztmaSSHN 476w\u0022 type=\u0022image\/webp\u0022 sizes=\u0022100vw\u0022\/\u003E\n              \u003Csource srcset=\u0022\/~gacetaua\/sites\/default\/files\/styles\/max_650x650\/public\/2019-07\/090512_2316_DAINICIOCON1.jpg?itok=ztmaSSHN 476w\u0022 type=\u0022image\/jpeg\u0022 sizes=\u0022100vw\u0022\/\u003E\n                  \u003Cimg srcset=\u0022\/~gacetaua\/sites\/default\/files\/styles\/max_650x650\/public\/2019-07\/090512_2316_DAINICIOCON1.jpg?itok=ztmaSSHN 476w\u0022 sizes=\u0022100vw\u0022 src=\u0022\/~gacetaua\/sites\/default\/files\/styles\/max_1300x1300\/public\/2019-07\/090512_2316_DAINICIOCON1.jpg?itok=ox6TeZek\u0022 alt=\u0022\u0022 typeof=\u0022foaf:Image\u0022 class=\u0022img-fluid\u0022 \/\u003E\n\n  \u003C\/picture\u003E\n\n\u003C\/div\u003E\n      \n  \n\n      \u003Cdiv  class=\u0022boton-expander\u0022\u003E\n        \n                  \u003Cdiv class=\u0022item-list\u0022\u003E\u003Cul\u003E\u003Cli\u003E\u003Ca href=\u0022\/%7egacetaua\/ds-switch-view-mode\/node\/13424\/media_collapsed?selector=view-mode-media_expanded\u0022 class=\u0022use-ajax\u0022\u003E\u2191\u003C\/a\u003E\u003C\/li\u003E\u003C\/ul\u003E\u003C\/div\u003E\n      \n  \n    \u003C\/div\u003E\n\n\n  \u003C\/div\u003E\n\n  \u003Cdiv class=\u0022area-info group-middle\u0022\u003E\n    \n\u003Cdiv  class=\u0022inner\u0022\u003E\n          \n                          \u003Ch2  class=\u0022titulo\u0022 \u003E\n        Inicia Congreso V\u00e9rtice 2012\n\u003C\/h2\u003E\n      \n  \n\n    \n                          \u003Cdiv  class=\u0022resumen\u0022 \u003E\n      Contribuir\u00e1 en la formaci\u00f3n y desarrollo de profesionistas con una visi\u00f3n global en la sociedad.\u003C\/div\u003E\n      \n  \n\n\n\u003Cdiv  class=\u0022datos\u0022\u003E\n            \u003Cdiv  class=\u0022campus\u0022\u003E\n            \u003Cdiv  class=\u0022field-label-inline\u0022\u003ECampus\u003C\/div\u003E\n  \n                  \u003Ca href=\u0022\/%7egacetaua\/campus\/ensenada\u0022 hreflang=\u0022es\u0022\u003EEnsenada\u003C\/a\u003E\n      \n  \n    \u003C\/div\u003E\n\n    \n                          \u003Cdiv  class=\u0022fecha\u0022 \u003E\n      5 de Septiembre de 2012\u003C\/div\u003E\n      \n  \n\n\n  \u003C\/div\u003E\n    \n                          \u003Cdiv  class=\u0022texto\u0022 \u003E\n      \u003Cp\u003E\u003Cstrong\u003EC\u003C\/strong\u003Eon la asistencia de aproximadamente 400 participantes y 55 ponencias programadas, \u00a0la Facultad de Ingenier\u00eda, Arquitectura y Dise\u00f1o (FIAD) de la Universidad Aut\u00f3noma de Baja California (UABC), Campus Ensenada, celebr\u00f3 la inauguraci\u00f3n del Congreso Internacional V\u00e9rtice 2012, en el cual se realizar\u00e1n actividades durante tres d\u00edas consecutivos.\u003C\/p\u003E\u003Cp\u003EComo cada a\u00f1o, este Congreso contribuir\u00e1 en la formaci\u00f3n y desarrollo de profesionistas de calidad, brindando a los alumnos una visi\u00f3n integral acerca de su profesi\u00f3n y la incidencia de \u00e9sta en la sociedad.\u003C\/p\u003E\n\u003Cp\u003EEn la s\u00e9ptima edici\u00f3n de V\u00e9rtice, el Presidente del XX Ayuntamiento de Ensenada, C.P Enrique Pelayo Torres, fue el invitado especial en la inauguraci\u00f3n, quien en su mensaje expres\u00f3 a los congresistas la importancia de fortalecer el v\u00ednculo entre la academia y el sector privado, con la finalidad de impulsar proyectos emprendedores que se desprenden de este tipo de eventos.\u003C\/p\u003E\n\u003Cp\u003E\u0022Es importante que continuemos comprometidos con los procesos esenciales que conforman el concepto de Ensenada, como ciudad del conocimiento, y V\u00e9rtice es parte esencial en este esfuerzo, que va encaminado a construir las bases para un mejor futuro\u0022, destac\u00f3 el Presidente Municipal.\u003C\/p\u003E\n\u003Cp\u003EAsimismo, el doctor Oscar Roberto L\u00f3pez Bonilla, Vicerrector de la UABC, Campus Ensenada y el Director de la FIAD, doctor Juan Iv\u00e1n Nieto Hip\u00f3lito, coincidieron en que este evento es el punto de convergencia de la academia, la ciencia y la industria; donde los j\u00f3venes demuestran sus capacidades y desarrollan la habilidad de vincularse.\u003C\/p\u003E\n\u003Cp\u003EPor su parte, Carlos Garc\u00eda Horta, Presidente del Comit\u00e9 organizador de V\u00e9rtice 2012, destac\u00f3 que el congreso consta de conferencias magistrales de reconocidos exponentes con temas de actualidad, talleres din\u00e1micos para que los j\u00f3venes pongan en pr\u00e1ctica los conocimientos adquiridos en el aula, adem\u00e1s de realizar visitas a empresas de Ensenada y sus alrededores; ofreciendo a los alumnos participantes la oportunidad de conocer innovadoras alternativas de desarrollo espec\u00edficas para cada \u00e1rea de la facultad.\u003C\/p\u003E\n\u003Cp\u003ELas conferencias magistrales dieron inicio este d\u00eda con la participaci\u00f3n del doctor Alejandro Mungaray Lagarda, Secretario de Desarrollo Econ\u00f3mico del Estado, con el tema \u201cLas oportunidades que ofrece Baja California para el Desarrollo Profesional\u201d; por su parte el doctor Roberto Conte Galv\u00e1n, investigador del CICESE, expuso el tema \u0022\u00bfPor qu\u00e9 M\u00e9xico necesita una agencia espacial?\u0022.\u003C\/p\u003E\n\u003Cp\u003EPara mayor informaci\u00f3n sobre las actividades y horarios del Congreso V\u00e9rtice 2012, podr\u00e1n consultar la p\u00e1gina www.congresovertice.mx , o bien, pueden comunicarse v\u00eda telef\u00f3nica a la FIAD a trav\u00e9s del n\u00famero 01 (646) 175-07-44.\u003C\/p\u003E\n\u003Cp\u003E\u00a0\u003C\/p\u003E\u003C\/div\u003E\n      \n  \n\n\n  \u003C\/div\u003E\n\n  \u003C\/div\u003E\n\n  \u003Cdiv class=\u0022area-extras group-right\u0022\u003E\n        \n                          \u003Cdiv  class=\u0022enlace-blockBottom\u0022 \u003E\n      \u003Cdiv\u003EVer m\u00e1s \u003Ca href=\u0022http:\/\/gaceta.uabc.mx\/notas\u0022\u003ENotas\u003C\/a\u003E\u003C\/div\u003E\n\u003C\/div\u003E\n      \n  \n\n\n  \u003C\/div\u003E\n\n\u003C\/div\u003E\n\n","settings":null}]