[{"command":"settings","settings":{"pluralDelimiter":"\u0003","suppressDeprecationErrors":true,"ajaxPageState":{"libraries":"core\/drupal.ajax,core\/picturefill,ds\/ds_3col_equal_width","theme":"gaceta","theme_token":null},"ajaxTrustedUrl":[],"field_group":{"html_element":{"mode":"media_expanded","context":"view","settings":{"classes":"datos","show_empty_fields":false,"id":"","element":"div","show_label":false,"label_element":"h3","label_element_classes":"","attributes":"","effect":"none","speed":"fast"}}},"user":{"uid":0,"permissionsHash":"55dc977d165ab1e05e51b6cc6487f6d73e65ab536d99ee82c6990d9001d5c21c"}},"merge":true},{"command":"add_css","data":"\u003Clink rel=\u0022stylesheet\u0022 media=\u0022all\u0022 href=\u0022\/~gacetaua\/sites\/default\/files\/css\/css_mxJrjoKKAZuuB4_4f-B1u9VnFZxvSor3Az4JEdrFEso.css\u0022 \/\u003E\n\u003Clink rel=\u0022stylesheet\u0022 media=\u0022all\u0022 href=\u0022\/~gacetaua\/sites\/default\/files\/css\/css_-BXSGQpS8YTwwuXGbPoshUvZ7W-_HbYR3H7d0DA_mEY.css\u0022 \/\u003E\n\u003Clink rel=\u0022stylesheet\u0022 media=\u0022all\u0022 href=\u0022\/~gacetaua\/sites\/default\/files\/css\/css_89YreTu0npezhXSakRJR9TVHyBS9bTcyt0s3IckAe-M.css\u0022 \/\u003E\n"},{"command":"add_js","selector":"body","data":[{"src":"\/~gacetaua\/sites\/default\/files\/js\/js_9UaAhXvc9u0KYXXUw-OKyLP2baQxdV4zY3Y_KGurcvY.js"},{"src":"\/~gacetaua\/sites\/default\/files\/js\/js_oDJxUBLBzfRb_FDgNfkNOm9-tiatS2kNfxQIeVRZA7Y.js"},{"src":"\/~gacetaua\/sites\/default\/files\/js\/js_YM82KRuzNIr2X-Kb8pQW8cOcSbWgQ_QGKclTYJ_aMlI.js"},{"src":"\/~gacetaua\/sites\/default\/files\/js\/js_pqqsPPmPmxKgamY6qk_WSawtL05XH_yAY8GkPHVyahI.js"}]},{"command":"insert","method":"replaceWith","selector":".view-mode-full","data":"\u003Cdiv data-history-node-id=\u002213429\u0022 class=\u0022contenido view-mode-media_expanded ds-3col-equal clearfix\u0022\u003E\n\n  \n\n  \u003Cdiv class=\u0022area-medios group-left\u0022\u003E\n        \n                          \u003Cdiv  class=\u0022imagen\u0022 \u003E\n          \u003Cpicture\u003E\n                  \u003Csource srcset=\u0022\/~gacetaua\/sites\/default\/files\/styles\/max_650x650\/public\/2019-07\/090412_2341_Presentanal11.webp?itok=77P3h49d 471w\u0022 type=\u0022image\/webp\u0022 sizes=\u0022100vw\u0022\/\u003E\n              \u003Csource srcset=\u0022\/~gacetaua\/sites\/default\/files\/styles\/max_650x650\/public\/2019-07\/090412_2341_Presentanal11.jpg?itok=77P3h49d 471w\u0022 type=\u0022image\/jpeg\u0022 sizes=\u0022100vw\u0022\/\u003E\n                  \u003Cimg srcset=\u0022\/~gacetaua\/sites\/default\/files\/styles\/max_650x650\/public\/2019-07\/090412_2341_Presentanal11.jpg?itok=77P3h49d 471w\u0022 sizes=\u0022100vw\u0022 src=\u0022\/~gacetaua\/sites\/default\/files\/styles\/max_1300x1300\/public\/2019-07\/090412_2341_Presentanal11.jpg?itok=s7kxZoB_\u0022 alt=\u0022\u0022 typeof=\u0022foaf:Image\u0022 class=\u0022img-fluid\u0022 \/\u003E\n\n  \u003C\/picture\u003E\n\n\u003C\/div\u003E\n      \n  \n\n      \u003Cdiv  class=\u0022boton-expander\u0022\u003E\n        \n                  \u003Cdiv class=\u0022item-list\u0022\u003E\u003Cul\u003E\u003Cli\u003E\u003Ca href=\u0022\/%7egacetaua\/ds-switch-view-mode\/node\/13429\/media_collapsed?selector=view-mode-media_expanded\u0022 class=\u0022use-ajax\u0022\u003E\u2191\u003C\/a\u003E\u003C\/li\u003E\u003C\/ul\u003E\u003C\/div\u003E\n      \n  \n    \u003C\/div\u003E\n\n\n  \u003C\/div\u003E\n\n  \u003Cdiv class=\u0022area-info group-middle\u0022\u003E\n    \n\u003Cdiv  class=\u0022inner\u0022\u003E\n          \n                          \u003Ch2  class=\u0022titulo\u0022 \u003E\n        Presentan alternativas de movilidad sustentable\n\u003C\/h2\u003E\n      \n  \n\n    \n                          \u003Cdiv  class=\u0022resumen\u0022 \u003E\n      Organizan Foro sobre uso de bicicletas como medio de transporte.\u003C\/div\u003E\n      \n  \n\n\n\u003Cdiv  class=\u0022datos\u0022\u003E\n            \u003Cdiv  class=\u0022campus\u0022\u003E\n            \u003Cdiv  class=\u0022field-label-inline\u0022\u003ECampus\u003C\/div\u003E\n  \n                  \u003Ca href=\u0022\/%7egacetaua\/campus\/ensenada\u0022 hreflang=\u0022es\u0022\u003EEnsenada\u003C\/a\u003E\n      \n  \n    \u003C\/div\u003E\n\n    \n                          \u003Cdiv  class=\u0022fecha\u0022 \u003E\n      4 de Septiembre de 2012\u003C\/div\u003E\n      \n  \n\n\n  \u003C\/div\u003E\n    \n                          \u003Cdiv  class=\u0022texto\u0022 \u003E\n      \u003Cp\u003ELa Universidad Aut\u00f3noma de Baja California, a trav\u00e9s de la Red de Estudios Sociales Transfronterizos del Norte de M\u00e9xico, llev\u00f3 a cabo en las instalaciones de la Facultad de Ciencias Administrativas y Sociales (FCAyS), el Primer Foro de Movilidad Urbana y Ciclov\u00edas \u201cRetos y avances en el contexto nacional\u201d, en donde se presentaron temas trascendentes en relaci\u00f3n a movilidad urbana en un contexto global.\u003C\/p\u003E\u003Cp\u003ELa creaci\u00f3n de instrumentos para la atenci\u00f3n de problem\u00e1tica ambiental, fue el tema central de la conferencia \u201cEl impulso de la movilidad urbana sustentable en la Ciudad de M\u00e9xico\u201d, impartida por la licenciada Mar\u00eda del Carmen Mendoza y de la Llave, Directora de Comunicaci\u00f3n de la Secretar\u00eda de Medio Ambiente de la Ciudad de M\u00e9xico. Ante m\u00e1s de 60 personas, se expuso el desarrollo del programa \u201cEcobici\u201d, que desde hace dos a\u00f1os y medio fomenta la cultura vial ciclista en dicha ciudad. Este programa tiene como objetivo hacer accesible el uso de la bicicleta a la poblaci\u00f3n, promovi\u00e9ndola como una alternativa de transporte que ofrece un estilo de vida intermodal y adem\u00e1s atrae beneficios que impactan directamente en materia de seguridad, contaminaci\u00f3n y movilidad.\u003C\/p\u003E\n\u003Cp\u003EPosteriormente se llev\u00f3 a cabo la mesa redonda: \u201cRetos para la planeaci\u00f3n y la movilidad urbana\u201d, \u201cDe paseos recreativos a propuestas ciudadanas la experiencia de los grupos en pro del ciclismo urbano en Baja California\u201d y la conferencia \u201cLa experiencia de la movilidad y recreaci\u00f3n en Guadalajara\u201d.\u003C\/p\u003E\u003C\/div\u003E\n      \n  \n\n\n  \u003C\/div\u003E\n\n  \u003C\/div\u003E\n\n  \u003Cdiv class=\u0022area-extras group-right\u0022\u003E\n        \n                          \u003Cdiv  class=\u0022enlace-blockBottom\u0022 \u003E\n      \u003Cdiv\u003EVer m\u00e1s \u003Ca href=\u0022http:\/\/gaceta.uabc.mx\/notas\u0022\u003ENotas\u003C\/a\u003E\u003C\/div\u003E\n\u003C\/div\u003E\n      \n  \n\n\n  \u003C\/div\u003E\n\n\u003C\/div\u003E\n\n","settings":null}]