[{"command":"settings","settings":{"pluralDelimiter":"\u0003","suppressDeprecationErrors":true,"ajaxPageState":{"libraries":"core\/drupal.ajax,ds\/ds_3col_equal_width","theme":"gaceta","theme_token":null},"ajaxTrustedUrl":[],"field_group":{"html_element":{"mode":"media_expanded","context":"view","settings":{"classes":"datos","show_empty_fields":false,"id":"","element":"div","show_label":false,"label_element":"h3","label_element_classes":"","attributes":"","effect":"none","speed":"fast"}}},"user":{"uid":0,"permissionsHash":"55dc977d165ab1e05e51b6cc6487f6d73e65ab536d99ee82c6990d9001d5c21c"}},"merge":true},{"command":"add_css","data":"\u003Clink rel=\u0022stylesheet\u0022 media=\u0022all\u0022 href=\u0022\/~gacetaua\/sites\/default\/files\/css\/css_mxJrjoKKAZuuB4_4f-B1u9VnFZxvSor3Az4JEdrFEso.css\u0022 \/\u003E\n\u003Clink rel=\u0022stylesheet\u0022 media=\u0022all\u0022 href=\u0022\/~gacetaua\/sites\/default\/files\/css\/css_-BXSGQpS8YTwwuXGbPoshUvZ7W-_HbYR3H7d0DA_mEY.css\u0022 \/\u003E\n\u003Clink rel=\u0022stylesheet\u0022 media=\u0022all\u0022 href=\u0022\/~gacetaua\/sites\/default\/files\/css\/css_89YreTu0npezhXSakRJR9TVHyBS9bTcyt0s3IckAe-M.css\u0022 \/\u003E\n"},{"command":"add_js","selector":"body","data":[{"src":"\/~gacetaua\/sites\/default\/files\/js\/js_9UaAhXvc9u0KYXXUw-OKyLP2baQxdV4zY3Y_KGurcvY.js"},{"src":"\/~gacetaua\/sites\/default\/files\/js\/js_oDJxUBLBzfRb_FDgNfkNOm9-tiatS2kNfxQIeVRZA7Y.js"},{"src":"\/~gacetaua\/sites\/default\/files\/js\/js_1RP4qUEvRifRPl9mYl8nA5jNqky6vVqo6nKEmFCp0ko.js"},{"src":"\/~gacetaua\/sites\/default\/files\/js\/js_JWYilEE4EQG7Dr-JhBmcQVwxs1c7FMUMbFbUcXjlSYw.js"}]},{"command":"insert","method":"replaceWith","selector":".view-mode-full","data":"\u003Cdiv data-history-node-id=\u002213584\u0022 class=\u0022contenido view-mode-media_expanded ds-3col-equal clearfix\u0022\u003E\n\n  \n\n  \u003Cdiv class=\u0022area-medios group-left\u0022\u003E\n          \u003Cdiv  class=\u0022boton-expander\u0022\u003E\n        \n                  \u003Cdiv class=\u0022item-list\u0022\u003E\u003Cul\u003E\u003Cli\u003E\u003Ca href=\u0022\/%7egacetaua\/ds-switch-view-mode\/node\/13584\/media_collapsed?selector=view-mode-media_expanded\u0022 class=\u0022use-ajax\u0022\u003E\u2191\u003C\/a\u003E\u003C\/li\u003E\u003C\/ul\u003E\u003C\/div\u003E\n      \n  \n    \u003C\/div\u003E\n\n\n  \u003C\/div\u003E\n\n  \u003Cdiv class=\u0022area-info group-middle\u0022\u003E\n    \n\u003Cdiv  class=\u0022inner\u0022\u003E\n          \n                          \u003Ch2  class=\u0022titulo\u0022 \u003E\n        Taller de producci\u00f3n de audio\n\u003C\/h2\u003E\n      \n  \n\n    \n                          \u003Cdiv  class=\u0022resumen\u0022 \u003E\n      En el taller los estudiantes de Ciencias de la Comunicaci\u00f3n realizan sus pr\u00e1cticas.\u003C\/div\u003E\n      \n  \n\n\n\u003Cdiv  class=\u0022datos\u0022\u003E\n            \u003Cdiv  class=\u0022campus\u0022\u003E\n            \u003Cdiv  class=\u0022field-label-inline\u0022\u003ECampus\u003C\/div\u003E\n  \n                  \u003Ca href=\u0022\/%7egacetaua\/campus\/ensenada\u0022 hreflang=\u0022es\u0022\u003EEnsenada\u003C\/a\u003E\n      \n  \n    \u003C\/div\u003E\n\n    \n                          \u003Cdiv  class=\u0022fecha\u0022 \u003E\n      5 de Junio de 2012\u003C\/div\u003E\n      \n  \n\n\n  \u003C\/div\u003E\n    \n                          \u003Cdiv  class=\u0022texto\u0022 \u003E\n      \u003Cp\u003EEl taller de audio de Campus Ensenada, es un espacio adaptado y equipado para que los alumnos desarrollen sus propias producciones de audio, ya sea como parte de su plan de estudios o como un trabajo creativo para alguna asignatura.\u003C\/p\u003E\u003Cp\u003EEl taller es coordinado por el licenciado Marco Meza y representado por Iris Villela, profesora de Radio I y II.\u003C\/p\u003E\n\u003Cp\u003E\u003Cstrong\u003EAntecedentes\u003C\/strong\u003E\u003C\/p\u003E\n\u003Cp\u003ESurgi\u00f3 como necesidad por parte de los alumnos de Ciencias de la Comunicaci\u00f3n, quienes buscaban practicar el conocimiento aprendido en clase de Radio.\u003C\/p\u003E\n\u003Cp\u003ECabe se\u00f1alar que la primeras dos generaciones de la carrera no cont\u00f3 con el taller, pero fue al inicio de la tercera que se inauguraron sus instalaciones, impulsadas por la maestros Nina Mart\u00ednez y el entonces Director de la Facultad de Ciencias Administrativas y Sociales (Fcays), Sa\u00fal M\u00e9ndez Hern\u00e1ndez.\u003C\/p\u003E\n\u003Cp\u003E\u003Cstrong\u003EInstalaciones\u003C\/strong\u003E\u003C\/p\u003E\n\u003Cp\u003ELas instalaciones est\u00e1n ubicadas en la Fcays y constan de tres cabinas:\u003C\/p\u003E\n\u003Cp\u003ELa cabina central est\u00e1 dividida en cuarto de control y cuarto locutorio; que contienen consola, computadora y mezclador, el cuarto locutorio cuenta con cuatro micr\u00f3fonos.\u003C\/p\u003E\n\u003Cp\u003ELas dos cabinas restantes cuentan con dos micr\u00f3fonos, consola, computadora, bocinas y mezclador cada una.\u003C\/p\u003E\n\u003Cp\u003E\u003Cstrong\u003EServicios\u003C\/strong\u003E\u003C\/p\u003E\n\u003Cp\u003EGrabaci\u00f3n, edici\u00f3n y reproducci\u00f3n de audio.\u003C\/p\u003E\n\u003Cp\u003EEn caso de que los alumnos no tengan los conocimientos necesarios para realizar alguno de estos servicios, el becario en turno puede apoyar dando instrucciones paso a paso el desarrollo de un buen producto.\u003C\/p\u003E\n\u003Cp\u003ESe pueden realizar productos auditivos, tales como: cr\u00f3nicas, reportajes, capsulas o programas radiof\u00f3nicos de larga duraci\u00f3n.\u003C\/p\u003E\n\u003Cp\u003EEn el caso de los alumnos de las asignaturas Radio I y Radio II, estos tienen algunas de sus clases en los cuartos de las cabinas y realizan ah\u00ed sus pr\u00e1cticas.\u003C\/p\u003E\n\u003Cp\u003EEs utilizado tambi\u00e9n por los alumnos que llevan a cabo trabajos en el Taller del Producci\u00f3n Audiovisual, pues acuden a descargar y editar sus audios para posteriormente complementarlos con la imagen.\u003C\/p\u003E\n\u003Cp\u003E\u003Cstrong\u003EBeneficios\u003C\/strong\u003E\u003C\/p\u003E\n\u003Cp\u003EEl taller aporta beneficios espec\u00edficos a la carrera de Ciencias de la Comunicaci\u00f3n, pues alumnos tienen la oportunidad de practicar en un medio en el que algunos se pudieran orientar.\u003C\/p\u003E\n\u003Cp\u003EEn cuanto a otras carreras, sirve para generar conocimiento acerca de otros medios de comunicaci\u00f3n (que los com\u00fanmente utilizados en sus asignaturas) para la realizaci\u00f3n de sus trabajos.\u003C\/p\u003E\n\u003Cp\u003E\u003Cstrong\u003EProyectos\u003C\/strong\u003E\u003C\/p\u003E\n\u003Cp\u003EActualmente se desarrollan tres proyectos:\u003C\/p\u003E\n\u003Cp\u003EUn Noticiario, el cual pr\u00f3ximamente se va a transmitir por Internet.\u003C\/p\u003E\n\u003Cp\u003EEl segundo es una radionovela, la cual una vez terminados los cap\u00edtulos se buscar\u00e1 el espacio adecuado para su transmisi\u00f3n.\u003C\/p\u003E\n\u003Cp\u003EEl \u00faltimo es un Programa de tipo morning show llamado \u201cEl almohadazo\u201d que se transmite por UABC Radio en la 95.5 FM.\u003C\/p\u003E\n\u003Cp\u003E\u003Cstrong\u003EHorarios\u003C\/strong\u003E\u003C\/p\u003E\n\u003Cp\u003EAbierto de lunes a viernes de 9:00 a.m. a 13:00 horas.\u003C\/p\u003E\n\u003Cp\u003ELas cabinas cuentan con micr\u00f3fonos, computadora, consola y mezclador.\u003C\/p\u003E\n\u003Cp\u003E\u003Cbr \/\u003E\n\t\u00a0\u003C\/p\u003E\u003C\/div\u003E\n      \n  \n\n\n  \u003C\/div\u003E\n\n  \u003C\/div\u003E\n\n  \u003Cdiv class=\u0022area-extras group-right\u0022\u003E\n        \n                          \u003Cdiv  class=\u0022enlace-blockBottom\u0022 \u003E\n      \u003Cdiv\u003EVer m\u00e1s \u003Ca href=\u0022http:\/\/gaceta.uabc.mx\/notas\u0022\u003ENotas\u003C\/a\u003E\u003C\/div\u003E\n\u003C\/div\u003E\n      \n  \n\n\n  \u003C\/div\u003E\n\n\u003C\/div\u003E\n\n","settings":null}]