[{"command":"settings","settings":{"pluralDelimiter":"\u0003","suppressDeprecationErrors":true,"ajaxPageState":{"libraries":"core\/drupal.ajax,core\/picturefill,ds\/ds_3col_equal_width","theme":"gaceta","theme_token":null},"ajaxTrustedUrl":[],"field_group":{"html_element":{"mode":"media_expanded","context":"view","settings":{"classes":"datos","show_empty_fields":false,"id":"","element":"div","show_label":false,"label_element":"h3","label_element_classes":"","attributes":"","effect":"none","speed":"fast"}}},"user":{"uid":0,"permissionsHash":"55dc977d165ab1e05e51b6cc6487f6d73e65ab536d99ee82c6990d9001d5c21c"}},"merge":true},{"command":"add_css","data":"\u003Clink rel=\u0022stylesheet\u0022 media=\u0022all\u0022 href=\u0022\/~gacetaua\/sites\/default\/files\/css\/css_mxJrjoKKAZuuB4_4f-B1u9VnFZxvSor3Az4JEdrFEso.css\u0022 \/\u003E\n\u003Clink rel=\u0022stylesheet\u0022 media=\u0022all\u0022 href=\u0022\/~gacetaua\/sites\/default\/files\/css\/css_-BXSGQpS8YTwwuXGbPoshUvZ7W-_HbYR3H7d0DA_mEY.css\u0022 \/\u003E\n\u003Clink rel=\u0022stylesheet\u0022 media=\u0022all\u0022 href=\u0022\/~gacetaua\/sites\/default\/files\/css\/css_89YreTu0npezhXSakRJR9TVHyBS9bTcyt0s3IckAe-M.css\u0022 \/\u003E\n"},{"command":"add_js","selector":"body","data":[{"src":"\/~gacetaua\/sites\/default\/files\/js\/js_9UaAhXvc9u0KYXXUw-OKyLP2baQxdV4zY3Y_KGurcvY.js"},{"src":"\/~gacetaua\/sites\/default\/files\/js\/js_oDJxUBLBzfRb_FDgNfkNOm9-tiatS2kNfxQIeVRZA7Y.js"},{"src":"\/~gacetaua\/sites\/default\/files\/js\/js_YM82KRuzNIr2X-Kb8pQW8cOcSbWgQ_QGKclTYJ_aMlI.js"},{"src":"\/~gacetaua\/sites\/default\/files\/js\/js_pqqsPPmPmxKgamY6qk_WSawtL05XH_yAY8GkPHVyahI.js"}]},{"command":"insert","method":"replaceWith","selector":".view-mode-full","data":"\u003Cdiv data-history-node-id=\u002214148\u0022 class=\u0022contenido view-mode-media_expanded ds-3col-equal clearfix\u0022\u003E\n\n  \n\n  \u003Cdiv class=\u0022area-medios group-left\u0022\u003E\n        \n                          \u003Cdiv  class=\u0022imagen\u0022 \u003E\n          \u003Cpicture\u003E\n                  \u003Csource srcset=\u0022\/~gacetaua\/sites\/default\/files\/styles\/max_650x650\/public\/2019-04\/IMG_8110.webp?itok=QEkcPc_d 650w, \/~gacetaua\/sites\/default\/files\/styles\/max_1300x1300\/public\/2019-04\/IMG_8110.webp?itok=PMRwhs9z 1300w, \/~gacetaua\/sites\/default\/files\/styles\/max_1900x1900\/public\/2019-04\/IMG_8110.webp?itok=iOQMoC2O 1900w\u0022 type=\u0022image\/webp\u0022 sizes=\u0022100vw\u0022\/\u003E\n              \u003Csource srcset=\u0022\/~gacetaua\/sites\/default\/files\/styles\/max_650x650\/public\/2019-04\/IMG_8110.JPG?itok=QEkcPc_d 650w, \/~gacetaua\/sites\/default\/files\/styles\/max_1300x1300\/public\/2019-04\/IMG_8110.JPG?itok=PMRwhs9z 1300w, \/~gacetaua\/sites\/default\/files\/styles\/max_1900x1900\/public\/2019-04\/IMG_8110.JPG?itok=iOQMoC2O 1900w\u0022 type=\u0022image\/jpeg\u0022 sizes=\u0022100vw\u0022\/\u003E\n                  \u003Cimg srcset=\u0022\/~gacetaua\/sites\/default\/files\/styles\/max_650x650\/public\/2019-04\/IMG_8110.JPG?itok=QEkcPc_d 650w, \/~gacetaua\/sites\/default\/files\/styles\/max_1300x1300\/public\/2019-04\/IMG_8110.JPG?itok=PMRwhs9z 1300w, \/~gacetaua\/sites\/default\/files\/styles\/max_1900x1900\/public\/2019-04\/IMG_8110.JPG?itok=iOQMoC2O 1900w\u0022 sizes=\u0022100vw\u0022 src=\u0022\/~gacetaua\/sites\/default\/files\/styles\/max_1300x1300\/public\/2019-04\/IMG_8110.JPG?itok=PMRwhs9z\u0022 alt=\u0022futbol_universiada\u0022 typeof=\u0022foaf:Image\u0022 class=\u0022img-fluid\u0022 \/\u003E\n\n  \u003C\/picture\u003E\n\n\u003C\/div\u003E\n      \n  \n\n      \u003Cdiv  class=\u0022boton-expander\u0022\u003E\n        \n                  \u003Cdiv class=\u0022item-list\u0022\u003E\u003Cul\u003E\u003Cli\u003E\u003Ca href=\u0022\/%7egacetaua\/ds-switch-view-mode\/node\/14148\/media_collapsed?selector=view-mode-media_expanded\u0022 class=\u0022use-ajax\u0022\u003E\u2191\u003C\/a\u003E\u003C\/li\u003E\u003C\/ul\u003E\u003C\/div\u003E\n      \n  \n    \u003C\/div\u003E\n\n\n  \u003C\/div\u003E\n\n  \u003Cdiv class=\u0022area-info group-middle\u0022\u003E\n    \n\u003Cdiv  class=\u0022inner\u0022\u003E\n          \n                          \u003Ch2  class=\u0022titulo\u0022 \u003E\n        Clasifican Cimarronas a Universiada Nacional \n\u003C\/h2\u003E\n      \n  \n\n    \n                          \u003Cdiv  class=\u0022resumen\u0022 \u003E\n      Enfrentar\u00e1n a Itson en la final de F\u00fatbol Asociaci\u00f3n  \u003C\/div\u003E\n      \n  \n\n\n\u003Cdiv  class=\u0022datos\u0022\u003E\n            \u003Cdiv  class=\u0022autor\u0022\u003E\n            \u003Cdiv  class=\u0022field-label-inline\u0022\u003EPor\u003C\/div\u003E\n  \n                  \u003Ca href=\u0022\/%7egacetaua\/autores\/alejandrina-mendoza-rivera\u0022 hreflang=\u0022es\u0022\u003EAlejandrina Mendoza Rivera\u003C\/a\u003E\n      \n  \n    \u003C\/div\u003E\n\n      \u003Cdiv  class=\u0022campus\u0022\u003E\n            \u003Cdiv  class=\u0022field-label-inline\u0022\u003ECampus\u003C\/div\u003E\n  \n                  \u003Ca href=\u0022\/%7egacetaua\/campus\/tijuana\u0022 hreflang=\u0022es\u0022\u003ETijuana\u003C\/a\u003E\n      \n  \n    \u003C\/div\u003E\n\n    \n                          \u003Cdiv  class=\u0022fecha\u0022 \u003E\n      3 de Abril de 2019\u003C\/div\u003E\n      \n  \n\n\n  \u003C\/div\u003E\n    \n                          \u003Cdiv  class=\u0022texto\u0022 \u003E\n      \u003Cp dir=\u0022ltr\u0022\u003EEn el segundo d\u00eda de actividades en la Universiada Regional UABC 2019, las Cimarronas del selectivo de F\u00fatbol Asociaci\u00f3n Femenil, disputaron su segundo juego al enfrentarse a CEUX, a quien derrotaron con marcador de 7-0.\u003C\/p\u003E\n\n\u003Cp\u003EDesde los primeros minutos las Cimarronas abrieron el marcador y tuvieron el dominio en todo momento, realizando cinco anotaciones en el primer tiempo. En la segunda parte del partido CEUX se esforz\u00f3 por ir adelante, sin embargo no logr\u00f3 concretar ninguna jugada y anotar. El equipo \u00a0Cimarr\u00f3n consigui\u00f3 anotar dos veces m\u00e1s para finalizar el encuentro con marcador a su favor. Los goles estuvieron a cargo de Itzel Becerra, Araceli Hern\u00e1ndez, Karen Hern\u00e1ndez, Melissa Mej\u00eda y Silvia Nieto.\u003C\/p\u003E\n\n\u003Cp\u003ECon este resultado, UABC logra clasificarse a la Universiada Nacional y el mi\u00e9rcoles 3 de abril se definir\u00e1 si lo hace como primer o segundo lugar cuando se enfrente a su similar de Itson, en punto de las 5:00 p.m.\u003C\/p\u003E\n\n\u003Cp\u003E\u201cEstamos felices por haber conseguido el pase, obviamente queremos que el campeonato se quede en casa y ma\u00f1ana lo estaremos buscando. El hecho de poder participar en la justa deportiva m\u00e1s importante, la universiada, representa para nosotros un gran compromiso y yo espero de mis jugadoras su mejor versi\u00f3n y que disfruten esta etapa, desde hace dos a\u00f1os no clasific\u00e1bamos y esta vez se logr\u00f3 y esperamos hacer un buen papel y por qu\u00e9 no, estar entre las mejores\u201d, declar\u00f3 Nancy Portillo Santiago, entrenadora de las Cimarronas.\u003C\/p\u003E\n\n\u003Cp\u003E\u003Cimg alt=\u0022Imagen eliminada.\u0022 data-entity-type=\u0022file\u0022 data-entity-uuid=\u00229d1be142-40f5-4ce7-930a-9b661fc641ce\u0022 src=\u0022\/~gacetaua\/sites\/default\/files\/inline-images\/IMG_8061.JPG\u0022 title=\u0022Esta imagen se ha eliminado. Por razones de seguridad, s\u00f3lo se permiten im\u00e1genes de dominio local.\u0022 height=\u002216\u0022 width=\u002216\u0022 class=\u0022filter-image-invalid\u0022 \/\u003E\u003C\/p\u003E\u003C\/div\u003E\n      \n  \n\n    \n            \u003Cdiv  class=\u0022palabras-clave\u0022\u003E\n                        \u003Ca href=\u0022\/%7egacetaua\/tags\/futbol\u0022 hreflang=\u0022es\u0022\u003EF\u00fatbol\u003C\/a\u003E\n                \u003Ca href=\u0022\/%7egacetaua\/tags\/universiada-regional-2019\u0022 hreflang=\u0022es\u0022\u003EUniversiada Regional 2019\u003C\/a\u003E\n                \u003Ca href=\u0022\/%7egacetaua\/tags\/universiada-nacional-2019\u0022 hreflang=\u0022es\u0022\u003EUniversiada Nacional 2019\u003C\/a\u003E\n      \n      \u003C\/div\u003E\n  \n\n\n  \u003C\/div\u003E\n\n  \u003C\/div\u003E\n\n  \u003Cdiv class=\u0022area-extras group-right\u0022\u003E\n        \n                          \u003Cdiv  class=\u0022enlace-blockBottom\u0022 \u003E\n      \u003Cdiv\u003EVer m\u00e1s \u003Ca href=\u0022http:\/\/gaceta.uabc.mx\/notas\u0022\u003ENotas\u003C\/a\u003E\u003C\/div\u003E\n\u003C\/div\u003E\n      \n  \n\n\n  \u003C\/div\u003E\n\n\u003C\/div\u003E\n\n","settings":null}]