[{"command":"settings","settings":{"pluralDelimiter":"\u0003","suppressDeprecationErrors":true,"ajaxPageState":{"libraries":"core\/drupal.ajax,core\/picturefill,ds\/ds_3col_equal_width","theme":"gaceta","theme_token":null},"ajaxTrustedUrl":[],"field_group":{"html_element":{"mode":"media_expanded","context":"view","settings":{"classes":"datos","show_empty_fields":false,"id":"","element":"div","show_label":false,"label_element":"h3","label_element_classes":"","attributes":"","effect":"none","speed":"fast"}}},"user":{"uid":0,"permissionsHash":"55dc977d165ab1e05e51b6cc6487f6d73e65ab536d99ee82c6990d9001d5c21c"}},"merge":true},{"command":"add_css","data":"\u003Clink rel=\u0022stylesheet\u0022 media=\u0022all\u0022 href=\u0022\/~gacetaua\/sites\/default\/files\/css\/css_mxJrjoKKAZuuB4_4f-B1u9VnFZxvSor3Az4JEdrFEso.css\u0022 \/\u003E\n\u003Clink rel=\u0022stylesheet\u0022 media=\u0022all\u0022 href=\u0022\/~gacetaua\/sites\/default\/files\/css\/css_-BXSGQpS8YTwwuXGbPoshUvZ7W-_HbYR3H7d0DA_mEY.css\u0022 \/\u003E\n\u003Clink rel=\u0022stylesheet\u0022 media=\u0022all\u0022 href=\u0022\/~gacetaua\/sites\/default\/files\/css\/css_89YreTu0npezhXSakRJR9TVHyBS9bTcyt0s3IckAe-M.css\u0022 \/\u003E\n"},{"command":"add_js","selector":"body","data":[{"src":"\/~gacetaua\/sites\/default\/files\/js\/js_9UaAhXvc9u0KYXXUw-OKyLP2baQxdV4zY3Y_KGurcvY.js"},{"src":"\/~gacetaua\/sites\/default\/files\/js\/js_oDJxUBLBzfRb_FDgNfkNOm9-tiatS2kNfxQIeVRZA7Y.js"},{"src":"\/~gacetaua\/sites\/default\/files\/js\/js_YM82KRuzNIr2X-Kb8pQW8cOcSbWgQ_QGKclTYJ_aMlI.js"},{"src":"\/~gacetaua\/sites\/default\/files\/js\/js_pqqsPPmPmxKgamY6qk_WSawtL05XH_yAY8GkPHVyahI.js"}]},{"command":"insert","method":"replaceWith","selector":".view-mode-full","data":"\u003Cdiv data-history-node-id=\u002214273\u0022 class=\u0022contenido view-mode-media_expanded ds-3col-equal clearfix\u0022\u003E\n\n  \n\n  \u003Cdiv class=\u0022area-medios group-left\u0022\u003E\n        \n                          \u003Cdiv  class=\u0022imagen\u0022 \u003E\n          \u003Cpicture\u003E\n                  \u003Csource srcset=\u0022\/~gacetaua\/sites\/default\/files\/styles\/max_650x650\/public\/2019-04\/desemb%C3%B3lsate.webp?itok=UNsbUyOO 650w, \/~gacetaua\/sites\/default\/files\/styles\/max_1300x1300\/public\/2019-04\/desemb%C3%B3lsate.webp?itok=D6XNdS9x 1300w, \/~gacetaua\/sites\/default\/files\/styles\/max_1900x1900\/public\/2019-04\/desemb%C3%B3lsate.webp?itok=ARc-5rz7 1900w\u0022 type=\u0022image\/webp\u0022 sizes=\u0022100vw\u0022\/\u003E\n              \u003Csource srcset=\u0022\/~gacetaua\/sites\/default\/files\/styles\/max_650x650\/public\/2019-04\/desemb%C3%B3lsate.JPG?itok=UNsbUyOO 650w, \/~gacetaua\/sites\/default\/files\/styles\/max_1300x1300\/public\/2019-04\/desemb%C3%B3lsate.JPG?itok=D6XNdS9x 1300w, \/~gacetaua\/sites\/default\/files\/styles\/max_1900x1900\/public\/2019-04\/desemb%C3%B3lsate.JPG?itok=ARc-5rz7 1900w\u0022 type=\u0022image\/jpeg\u0022 sizes=\u0022100vw\u0022\/\u003E\n                  \u003Cimg srcset=\u0022\/~gacetaua\/sites\/default\/files\/styles\/max_650x650\/public\/2019-04\/desemb%C3%B3lsate.JPG?itok=UNsbUyOO 650w, \/~gacetaua\/sites\/default\/files\/styles\/max_1300x1300\/public\/2019-04\/desemb%C3%B3lsate.JPG?itok=D6XNdS9x 1300w, \/~gacetaua\/sites\/default\/files\/styles\/max_1900x1900\/public\/2019-04\/desemb%C3%B3lsate.JPG?itok=ARc-5rz7 1900w\u0022 sizes=\u0022100vw\u0022 src=\u0022\/~gacetaua\/sites\/default\/files\/styles\/max_1300x1300\/public\/2019-04\/desemb%C3%B3lsate.JPG?itok=D6XNdS9x\u0022 alt=\u0022Conferencia_Desemb\u00f3lsate_Medio Ambiente_Oce\u00e1nos_Pl\u00e1stico_Bolsas\u0022 typeof=\u0022foaf:Image\u0022 class=\u0022img-fluid\u0022 \/\u003E\n\n  \u003C\/picture\u003E\n\n\u003C\/div\u003E\n      \n  \n\n      \u003Cdiv  class=\u0022boton-expander\u0022\u003E\n        \n                  \u003Cdiv class=\u0022item-list\u0022\u003E\u003Cul\u003E\u003Cli\u003E\u003Ca href=\u0022\/%7egacetaua\/ds-switch-view-mode\/node\/14273\/media_collapsed?selector=view-mode-media_expanded\u0022 class=\u0022use-ajax\u0022\u003E\u2191\u003C\/a\u003E\u003C\/li\u003E\u003C\/ul\u003E\u003C\/div\u003E\n      \n  \n    \u003C\/div\u003E\n\n\n  \u003C\/div\u003E\n\n  \u003Cdiv class=\u0022area-info group-middle\u0022\u003E\n    \n\u003Cdiv  class=\u0022inner\u0022\u003E\n          \n                          \u003Ch2  class=\u0022titulo\u0022 \u003E\n        Buscan concientizar sobre el uso de bolsas de pl\u00e1stico\n\u003C\/h2\u003E\n      \n  \n\n    \n                          \u003Cdiv  class=\u0022resumen\u0022 \u003E\n      Con participaci\u00f3n de la Facultad de Derecho y la Facultad de Deportes se logra reforestaci\u00f3n.\u003C\/div\u003E\n      \n  \n\n\n\u003Cdiv  class=\u0022datos\u0022\u003E\n            \u003Cdiv  class=\u0022autor\u0022\u003E\n            \u003Cdiv  class=\u0022field-label-inline\u0022\u003EPor\u003C\/div\u003E\n  \n                  \u003Ca href=\u0022\/%7egacetaua\/autores\/jesus-david-morales-rosales\u0022 hreflang=\u0022es\u0022\u003EJes\u00fas David Morales Rosales\u003C\/a\u003E\n      \n  \n    \u003C\/div\u003E\n\n      \u003Cdiv  class=\u0022campus\u0022\u003E\n            \u003Cdiv  class=\u0022field-label-inline\u0022\u003ECampus\u003C\/div\u003E\n  \n                  \u003Ca href=\u0022\/%7egacetaua\/campus\/tijuana\u0022 hreflang=\u0022es\u0022\u003ETijuana\u003C\/a\u003E\n      \n  \n    \u003C\/div\u003E\n\n    \n                          \u003Cdiv  class=\u0022fecha\u0022 \u003E\n      8 de Abril de 2019\u003C\/div\u003E\n      \n  \n\n\n  \u003C\/div\u003E\n    \n                          \u003Cdiv  class=\u0022texto\u0022 \u003E\n      \u003Cp\u003ECon la iniciativa Ecothemis comienza un proyecto estudiantil de reforestaci\u00f3n dentro de la Unidad Universitaria Otay, a cargo de los alumnos de la Facultad de Derecho con la colaboraci\u00f3n de la Facultad de Deportes.\u003C\/p\u003E\n\n\u003Cp\u003ELa iniciativa de la reforestaci\u00f3n dentro del Campus\u00a0 surgi\u00f3 de forma simult\u00e1nea al conocimiento producido por la materia Derecho Ambiental, impartida por la maestra Lucina Araujo Yong, a los alumnos de los grupos 141, 142, 151 y 654, los cuales se encargan de analizar \u00a0la flora y fauna, especies acu\u00e1ticas, especies en peligro de extinci\u00f3n y la composici\u00f3n del territorio geogr\u00e1fico de Baja California.\u003C\/p\u003E\n\n\u003Cp\u003ELos estudiantes fueron quienes presentaron la inquietud por realizar un proyecto de esta escala, mediante la adopci\u00f3n de un espacio dentro de la Instituci\u00f3n para crear zonas de plantaci\u00f3n de \u00e1rboles para la comunidad.\u003C\/p\u003E\n\n\u003Cp\u003EEl contacto con la Facultad de Deportes y la Facultad de Derecho se logr\u00f3 por medio de los encargados de \u00e1reas verdes de la UABC en las cuales se se\u00f1alaron los espacios de la Facultad de Deportes como zonas adecuadas para el proyecto por su adaptaci\u00f3n a actividades de recreaci\u00f3n de la comunidad interna y externa.\u003C\/p\u003E\n\n\u003Cp\u003EComo parte final, la maestra Lucina Araujo Yong, manifest\u00f3 su expectativa y\u00a0 entusiasmo por el significado e impacto que este proyecto podr\u00eda significar\u003C\/p\u003E\n\n\u003Cp\u003E\u00a0\u201cConsideramos que este proyecto no quede solo en la Universidad, sino que se extienda a otras \u00e1reas del municipio y estado\u201d, expres\u00f3 la maestra.\u003C\/p\u003E\n\n\u003Cp\u003E\u00a0\u003C\/p\u003E\n\n\u003Cp\u003EFOTO: Julio C\u00e9sar F\u00e9lix Mart\u00ednez.\u003C\/p\u003E\u003C\/div\u003E\n      \n  \n\n    \n            \u003Cdiv  class=\u0022palabras-clave\u0022\u003E\n                        \u003Ca href=\u0022\/%7egacetaua\/tags\/conferencia\u0022 hreflang=\u0022es\u0022\u003EConferencia\u003C\/a\u003E\n                \u003Ca href=\u0022\/%7egacetaua\/tags\/desembolsate\u0022 hreflang=\u0022es\u0022\u003EDesemb\u00f3lsate\u003C\/a\u003E\n                \u003Ca href=\u0022\/%7egacetaua\/tags\/medio-ambiente\u0022 hreflang=\u0022es\u0022\u003EMedio ambiente\u003C\/a\u003E\n                \u003Ca href=\u0022\/%7egacetaua\/tags\/oceanos\u0022 hreflang=\u0022es\u0022\u003EOc\u00e9anos\u003C\/a\u003E\n                \u003Ca href=\u0022\/%7egacetaua\/tags\/plastico\u0022 hreflang=\u0022es\u0022\u003EPl\u00e1stico\u003C\/a\u003E\n                \u003Ca href=\u0022\/%7egacetaua\/tags\/bolsas\u0022 hreflang=\u0022es\u0022\u003EBolsas\u003C\/a\u003E\n      \n      \u003C\/div\u003E\n  \n\n\n  \u003C\/div\u003E\n\n  \u003C\/div\u003E\n\n  \u003Cdiv class=\u0022area-extras group-right\u0022\u003E\n        \n                          \u003Cdiv  class=\u0022enlace-blockBottom\u0022 \u003E\n      \u003Cdiv\u003EVer m\u00e1s \u003Ca href=\u0022http:\/\/gaceta.uabc.mx\/notas\u0022\u003ENotas\u003C\/a\u003E\u003C\/div\u003E\n\u003C\/div\u003E\n      \n  \n\n\n  \u003C\/div\u003E\n\n\u003C\/div\u003E\n\n","settings":null}]