[{"command":"settings","settings":{"pluralDelimiter":"\u0003","suppressDeprecationErrors":true,"ajaxPageState":{"libraries":"core\/drupal.ajax,core\/picturefill,ds\/ds_3col_equal_width","theme":"gaceta","theme_token":null},"ajaxTrustedUrl":[],"field_group":{"html_element":{"mode":"media_expanded","context":"view","settings":{"classes":"datos","show_empty_fields":false,"id":"","element":"div","show_label":false,"label_element":"h3","label_element_classes":"","attributes":"","effect":"none","speed":"fast"}}},"user":{"uid":0,"permissionsHash":"55dc977d165ab1e05e51b6cc6487f6d73e65ab536d99ee82c6990d9001d5c21c"}},"merge":true},{"command":"add_css","data":"\u003Clink rel=\u0022stylesheet\u0022 media=\u0022all\u0022 href=\u0022\/~gacetaua\/sites\/default\/files\/css\/css_mxJrjoKKAZuuB4_4f-B1u9VnFZxvSor3Az4JEdrFEso.css\u0022 \/\u003E\n\u003Clink rel=\u0022stylesheet\u0022 media=\u0022all\u0022 href=\u0022\/~gacetaua\/sites\/default\/files\/css\/css_-BXSGQpS8YTwwuXGbPoshUvZ7W-_HbYR3H7d0DA_mEY.css\u0022 \/\u003E\n\u003Clink rel=\u0022stylesheet\u0022 media=\u0022all\u0022 href=\u0022\/~gacetaua\/sites\/default\/files\/css\/css_89YreTu0npezhXSakRJR9TVHyBS9bTcyt0s3IckAe-M.css\u0022 \/\u003E\n"},{"command":"add_js","selector":"body","data":[{"src":"\/~gacetaua\/sites\/default\/files\/js\/js_9UaAhXvc9u0KYXXUw-OKyLP2baQxdV4zY3Y_KGurcvY.js"},{"src":"\/~gacetaua\/sites\/default\/files\/js\/js_oDJxUBLBzfRb_FDgNfkNOm9-tiatS2kNfxQIeVRZA7Y.js"},{"src":"\/~gacetaua\/sites\/default\/files\/js\/js_YM82KRuzNIr2X-Kb8pQW8cOcSbWgQ_QGKclTYJ_aMlI.js"},{"src":"\/~gacetaua\/sites\/default\/files\/js\/js_pqqsPPmPmxKgamY6qk_WSawtL05XH_yAY8GkPHVyahI.js"}]},{"command":"insert","method":"replaceWith","selector":".view-mode-full","data":"\u003Cdiv data-history-node-id=\u002214599\u0022 class=\u0022contenido view-mode-media_expanded ds-3col-equal clearfix\u0022\u003E\n\n  \n\n  \u003Cdiv class=\u0022area-medios group-left\u0022\u003E\n        \n                          \u003Cdiv  class=\u0022imagen\u0022 \u003E\n          \u003Cpicture\u003E\n                  \u003Csource srcset=\u0022\/~gacetaua\/sites\/default\/files\/styles\/max_650x650\/public\/2019-05\/convenio%20uabc-obserbc.webp?itok=LWgMKnBh 650w, \/~gacetaua\/sites\/default\/files\/styles\/max_1300x1300\/public\/2019-05\/convenio%20uabc-obserbc.webp?itok=vlc3aA4I 1300w, \/~gacetaua\/sites\/default\/files\/styles\/max_1900x1900\/public\/2019-05\/convenio%20uabc-obserbc.webp?itok=n5FQO4_K 1900w\u0022 type=\u0022image\/webp\u0022 sizes=\u0022100vw\u0022\/\u003E\n              \u003Csource srcset=\u0022\/~gacetaua\/sites\/default\/files\/styles\/max_650x650\/public\/2019-05\/convenio%20uabc-obserbc.jpg?itok=LWgMKnBh 650w, \/~gacetaua\/sites\/default\/files\/styles\/max_1300x1300\/public\/2019-05\/convenio%20uabc-obserbc.jpg?itok=vlc3aA4I 1300w, \/~gacetaua\/sites\/default\/files\/styles\/max_1900x1900\/public\/2019-05\/convenio%20uabc-obserbc.jpg?itok=n5FQO4_K 1900w\u0022 type=\u0022image\/jpeg\u0022 sizes=\u0022100vw\u0022\/\u003E\n                  \u003Cimg srcset=\u0022\/~gacetaua\/sites\/default\/files\/styles\/max_650x650\/public\/2019-05\/convenio%20uabc-obserbc.jpg?itok=LWgMKnBh 650w, \/~gacetaua\/sites\/default\/files\/styles\/max_1300x1300\/public\/2019-05\/convenio%20uabc-obserbc.jpg?itok=vlc3aA4I 1300w, \/~gacetaua\/sites\/default\/files\/styles\/max_1900x1900\/public\/2019-05\/convenio%20uabc-obserbc.jpg?itok=n5FQO4_K 1900w\u0022 sizes=\u0022100vw\u0022 src=\u0022\/~gacetaua\/sites\/default\/files\/styles\/max_1300x1300\/public\/2019-05\/convenio%20uabc-obserbc.jpg?itok=vlc3aA4I\u0022 alt=\u0022Convenio_Obserbc_Transparencia_Vinculaci\u00f3n\u0022 typeof=\u0022foaf:Image\u0022 class=\u0022img-fluid\u0022 \/\u003E\n\n  \u003C\/picture\u003E\n\n\u003C\/div\u003E\n      \n  \n\n      \u003Cdiv  class=\u0022boton-expander\u0022\u003E\n        \n                  \u003Cdiv class=\u0022item-list\u0022\u003E\u003Cul\u003E\u003Cli\u003E\u003Ca href=\u0022\/%7egacetaua\/ds-switch-view-mode\/node\/14599\/media_collapsed?selector=view-mode-media_expanded\u0022 class=\u0022use-ajax\u0022\u003E\u2191\u003C\/a\u003E\u003C\/li\u003E\u003C\/ul\u003E\u003C\/div\u003E\n      \n  \n    \u003C\/div\u003E\n\n\n  \u003C\/div\u003E\n\n  \u003Cdiv class=\u0022area-info group-middle\u0022\u003E\n    \n\u003Cdiv  class=\u0022inner\u0022\u003E\n          \n                          \u003Ch2  class=\u0022titulo\u0022 \u003E\n        Establecen convenio UABC y Obserbc\n\u003C\/h2\u003E\n      \n  \n\n    \n                          \u003Cdiv  class=\u0022resumen\u0022 \u003E\n      El trabajo conjunto que se realizar\u00e1 con este organismo atender\u00e1 los reclamos sociales a problemas locales.\u003C\/div\u003E\n      \n  \n\n\n\u003Cdiv  class=\u0022datos\u0022\u003E\n            \u003Cdiv  class=\u0022autor\u0022\u003E\n            \u003Cdiv  class=\u0022field-label-inline\u0022\u003EPor\u003C\/div\u003E\n  \n                  \u003Ca href=\u0022\/%7egacetaua\/autores\/norma-angelica-gomez-bravo\u0022 hreflang=\u0022es\u0022\u003ENorma Ang\u00e9lica G\u00f3mez Bravo\u003C\/a\u003E\n      \n  \n    \u003C\/div\u003E\n\n      \u003Cdiv  class=\u0022campus\u0022\u003E\n            \u003Cdiv  class=\u0022field-label-inline\u0022\u003ECampus\u003C\/div\u003E\n  \n                  \u003Ca href=\u0022\/%7egacetaua\/campus\/uabc\u0022 hreflang=\u0022es\u0022\u003EUABC\u003C\/a\u003E\n      \n  \n    \u003C\/div\u003E\n\n    \n                          \u003Cdiv  class=\u0022fecha\u0022 \u003E\n      24 de Mayo de 2019\u003C\/div\u003E\n      \n  \n\n\n  \u003C\/div\u003E\n    \n                          \u003Cdiv  class=\u0022texto\u0022 \u003E\n      \u003Cp\u003ESe llev\u00f3 a cabo una firma de convenio entre UABC y Obserbc, con el objetivo de establecer las bases para la colaboraci\u00f3n conjunta, para que dentro del \u00e1mbito de sus respectivas competencias y de conformidad con la legislaci\u00f3n aplicable, desarrollen estrategias y actividades con el fin de promover, impulsar y fortalecer la cultura de la transparencia, acceso a la informaci\u00f3n p\u00fablica, rendici\u00f3n de cuentas, mejorar la calidad del aire y realizar acciones relacionadas a la formaci\u00f3n y\/o capacitaci\u00f3n de la sociedad civil, as\u00ed como de alumnos universitarios.\u003C\/p\u003E\n\n\u003Cp\u003EEncabezaron la firma el Rector de la UABC, doctor Daniel Octavio Valdez Delgadillo y el Presidente de Obserbc, se\u00f1or Eduardo Mart\u00ednez Palomera. Posteriormente se celebrar\u00e1n convenios de colaboraci\u00f3n espec\u00edficos derivados, en los cuales se detallar\u00e1n las actividades que habr\u00e1n de llevarse a cabo en forma concreta.\u003C\/p\u003E\n\n\u003Cp\u003EEl Rector expuso que el trabajo conjunto que se realizar\u00e1 con este organismo atender\u00e1 los reclamos sociales a problemas locales. Asimismo, indic\u00f3 que en los convenios espec\u00edficos se involucrar\u00e1n diversas unidades acad\u00e9micas, entre ellas el Instituto de Ingenier\u00eda y las facultades de Medicina, Ciencias Administrativas y Derecho.\u003C\/p\u003E\n\n\u003Cp\u003EPor su parte el Presidente de Obserbc manifest\u00f3 que es importante la participaci\u00f3n de la M\u00e1xima Casa de Estudios en diversos proyectos relacionados a los temas que se abordan en el objetivo del convenio, ya que la instituci\u00f3n cuenta con el recurso humano para resolver las problem\u00e1ticas.\u003C\/p\u003E\n\n\u003Cp\u003ESe cont\u00f3 con la presencia por parte de la UABC del doctor Edgar Ismael Alarc\u00f3n Meza, Secretario General; maestro David \u00c1lvarez Garc\u00eda, Abogado General y la maestra Karina C\u00e1rdenas Rodr\u00edguez, Secretaria de Transparencia y Acceso a la Informaci\u00f3n P\u00fablica.\u003C\/p\u003E\n\n\u003Cp\u003EPor Obserbc asisti\u00f3 el licenciado Jos\u00e9 Luis Huape Rodr\u00edguez, Secretario; doctor Fernando Flores Pradis, Representante de la calidad del aire; V\u00edctor \u00c1valos Figueroa y Armando G\u00f3mez L\u00f3pez, contadores; Gabriela Reyes Ru\u00edz, Directora, as\u00ed como Alejandra \u00c1lvarez Carrillo, calidad del aire.\u003C\/p\u003E\n\n\u003Cp\u003EComo testigo estuvo presente el doctor N\u00e9stor Sa\u00fal Hern\u00e1ndez Mil\u00e1n, Director de Servicios de Salud del Instituto de Servicios de Salud P\u00fablica del Estado de Baja California.\u003C\/p\u003E\u003C\/div\u003E\n      \n  \n\n    \n            \u003Cdiv  class=\u0022palabras-clave\u0022\u003E\n                        \u003Ca href=\u0022\/%7egacetaua\/tags\/convenio\u0022 hreflang=\u0022es\u0022\u003EConvenio\u003C\/a\u003E\n                \u003Ca href=\u0022\/%7egacetaua\/tags\/obserbc\u0022 hreflang=\u0022es\u0022\u003EObserbc\u003C\/a\u003E\n                \u003Ca href=\u0022\/%7egacetaua\/tags\/transparencia\u0022 hreflang=\u0022es\u0022\u003ETransparencia\u003C\/a\u003E\n                \u003Ca href=\u0022\/%7egacetaua\/tags\/vinculacion\u0022 hreflang=\u0022es\u0022\u003EVinculaci\u00f3n\u003C\/a\u003E\n      \n      \u003C\/div\u003E\n  \n\n\n  \u003C\/div\u003E\n\n  \u003C\/div\u003E\n\n  \u003Cdiv class=\u0022area-extras group-right\u0022\u003E\n        \n                          \u003Cdiv  class=\u0022enlace-blockBottom\u0022 \u003E\n      \u003Cdiv\u003EVer m\u00e1s \u003Ca href=\u0022http:\/\/gaceta.uabc.mx\/notas\u0022\u003ENotas\u003C\/a\u003E\u003C\/div\u003E\n\u003C\/div\u003E\n      \n  \n\n\n  \u003C\/div\u003E\n\n\u003C\/div\u003E\n\n","settings":null}]