[{"command":"settings","settings":{"pluralDelimiter":"\u0003","suppressDeprecationErrors":true,"ajaxPageState":{"libraries":"core\/drupal.ajax,core\/picturefill,ds\/ds_3col_equal_width","theme":"gaceta","theme_token":null},"ajaxTrustedUrl":[],"field_group":{"html_element":{"mode":"media_expanded","context":"view","settings":{"classes":"datos","show_empty_fields":false,"id":"","element":"div","show_label":false,"label_element":"h3","label_element_classes":"","attributes":"","effect":"none","speed":"fast"}}},"user":{"uid":0,"permissionsHash":"55dc977d165ab1e05e51b6cc6487f6d73e65ab536d99ee82c6990d9001d5c21c"}},"merge":true},{"command":"add_css","data":"\u003Clink rel=\u0022stylesheet\u0022 media=\u0022all\u0022 href=\u0022\/~gacetaua\/sites\/default\/files\/css\/css_mxJrjoKKAZuuB4_4f-B1u9VnFZxvSor3Az4JEdrFEso.css\u0022 \/\u003E\n\u003Clink rel=\u0022stylesheet\u0022 media=\u0022all\u0022 href=\u0022\/~gacetaua\/sites\/default\/files\/css\/css_-BXSGQpS8YTwwuXGbPoshUvZ7W-_HbYR3H7d0DA_mEY.css\u0022 \/\u003E\n\u003Clink rel=\u0022stylesheet\u0022 media=\u0022all\u0022 href=\u0022\/~gacetaua\/sites\/default\/files\/css\/css_89YreTu0npezhXSakRJR9TVHyBS9bTcyt0s3IckAe-M.css\u0022 \/\u003E\n"},{"command":"add_js","selector":"body","data":[{"src":"\/~gacetaua\/sites\/default\/files\/js\/js_9UaAhXvc9u0KYXXUw-OKyLP2baQxdV4zY3Y_KGurcvY.js"},{"src":"\/~gacetaua\/sites\/default\/files\/js\/js_oDJxUBLBzfRb_FDgNfkNOm9-tiatS2kNfxQIeVRZA7Y.js"},{"src":"\/~gacetaua\/sites\/default\/files\/js\/js_YM82KRuzNIr2X-Kb8pQW8cOcSbWgQ_QGKclTYJ_aMlI.js"},{"src":"\/~gacetaua\/sites\/default\/files\/js\/js_pqqsPPmPmxKgamY6qk_WSawtL05XH_yAY8GkPHVyahI.js"}]},{"command":"insert","method":"replaceWith","selector":".view-mode-full","data":"\u003Cdiv data-history-node-id=\u002214939\u0022 class=\u0022contenido view-mode-media_expanded ds-3col-equal clearfix\u0022\u003E\n\n  \n\n  \u003Cdiv class=\u0022area-medios group-left\u0022\u003E\n        \n                          \u003Cdiv  class=\u0022imagen\u0022 \u003E\n          \u003Cpicture\u003E\n                  \u003Csource srcset=\u0022\/~gacetaua\/sites\/default\/files\/styles\/max_650x650\/public\/2019-08\/6b9981fa-45ba-4393-855b-1d90cf7bb6b3_0.webp?itok=KW_sDDrg 650w, \/~gacetaua\/sites\/default\/files\/styles\/max_1900x1900\/public\/2019-08\/6b9981fa-45ba-4393-855b-1d90cf7bb6b3_0.webp?itok=15Rdsuaq 1280w\u0022 type=\u0022image\/webp\u0022 sizes=\u0022100vw\u0022\/\u003E\n              \u003Csource srcset=\u0022\/~gacetaua\/sites\/default\/files\/styles\/max_650x650\/public\/2019-08\/6b9981fa-45ba-4393-855b-1d90cf7bb6b3_0.JPG?itok=KW_sDDrg 650w, \/~gacetaua\/sites\/default\/files\/styles\/max_1900x1900\/public\/2019-08\/6b9981fa-45ba-4393-855b-1d90cf7bb6b3_0.JPG?itok=15Rdsuaq 1280w\u0022 type=\u0022image\/jpeg\u0022 sizes=\u0022100vw\u0022\/\u003E\n                  \u003Cimg srcset=\u0022\/~gacetaua\/sites\/default\/files\/styles\/max_650x650\/public\/2019-08\/6b9981fa-45ba-4393-855b-1d90cf7bb6b3_0.JPG?itok=KW_sDDrg 650w, \/~gacetaua\/sites\/default\/files\/styles\/max_1900x1900\/public\/2019-08\/6b9981fa-45ba-4393-855b-1d90cf7bb6b3_0.JPG?itok=15Rdsuaq 1280w\u0022 sizes=\u0022100vw\u0022 src=\u0022\/~gacetaua\/sites\/default\/files\/styles\/max_1300x1300\/public\/2019-08\/6b9981fa-45ba-4393-855b-1d90cf7bb6b3_0.JPG?itok=qIZx-ynj\u0022 alt=\u0022atletas_pruebas_deporte\u0022 typeof=\u0022foaf:Image\u0022 class=\u0022img-fluid\u0022 \/\u003E\n\n  \u003C\/picture\u003E\n\n\u003C\/div\u003E\n      \n  \n\n      \u003Cdiv  class=\u0022boton-expander\u0022\u003E\n        \n                  \u003Cdiv class=\u0022item-list\u0022\u003E\u003Cul\u003E\u003Cli\u003E\u003Ca href=\u0022\/%7egacetaua\/ds-switch-view-mode\/node\/14939\/media_collapsed?selector=view-mode-media_expanded\u0022 class=\u0022use-ajax\u0022\u003E\u2191\u003C\/a\u003E\u003C\/li\u003E\u003C\/ul\u003E\u003C\/div\u003E\n      \n  \n    \u003C\/div\u003E\n\n\n  \u003C\/div\u003E\n\n  \u003Cdiv class=\u0022area-info group-middle\u0022\u003E\n    \n\u003Cdiv  class=\u0022inner\u0022\u003E\n          \n                          \u003Ch2  class=\u0022titulo\u0022 \u003E\n        Realizaron pruebas f\u00edsicas a selectivos de UABC\n\u003C\/h2\u003E\n      \n  \n\n    \n                          \u003Cdiv  class=\u0022resumen\u0022 \u003E\n      133 atletas cimarrones se sometieron a las evaluaciones\u003C\/div\u003E\n      \n  \n\n\n\u003Cdiv  class=\u0022datos\u0022\u003E\n            \u003Cdiv  class=\u0022autor\u0022\u003E\n            \u003Cdiv  class=\u0022field-label-inline\u0022\u003EPor\u003C\/div\u003E\n  \n                  \u003Ca href=\u0022\/%7egacetaua\/autores\/vasthy-raquel-mejia-negrete\u0022 hreflang=\u0022es\u0022\u003EVasthy Raquel Mej\u00eda Negrete\u003C\/a\u003E\n      \n  \n    \u003C\/div\u003E\n\n      \u003Cdiv  class=\u0022campus\u0022\u003E\n            \u003Cdiv  class=\u0022field-label-inline\u0022\u003ECampus\u003C\/div\u003E\n  \n                  \u003Ca href=\u0022\/%7egacetaua\/campus\/tijuana\u0022 hreflang=\u0022es\u0022\u003ETijuana\u003C\/a\u003E\n      \n  \n    \u003C\/div\u003E\n\n    \n                          \u003Cdiv  class=\u0022fecha\u0022 \u003E\n      30 de Agosto de 2019\u003C\/div\u003E\n      \n  \n\n\n  \u003C\/div\u003E\n    \n                          \u003Cdiv  class=\u0022texto\u0022 \u003E\n      \u003Cp\u003ECon la finalidad de conocer el estado f\u00edsico de los deportistas cimarrones se les realizaron una serie de pruebas f\u00edsicas iniciales a los equipos representativos del campus Tijuana, con miras al proceso que convoca el consejo Nacional del Deporte de la Educaci\u00f3n A.C. (CONDDE).\u003C\/p\u003E\n\n\u003Cp\u003EUn total de 133 atletas, quienes forman parte de los selectivos de 13 disciplinas, se dieron cita en las instalaciones de la Facultad de Deportes el pasado s\u00e1bado 24 de agosto, donde se realiz\u00f3 una bater\u00eda de pruebas\u00a0de laboratorio como tambi\u00e9n f\u00edsicas, cuyo objetivo fue evaluar sus capacidades f\u00edsicas condicionales.\u003C\/p\u003E\n\n\u003Cp\u003EEsto se hace cada a\u00f1o con la finalidad de que el entrenador conozca la situaci\u00f3n en la que se encuentran sus atletas y as\u00ed pueda elaborar una planeaci\u00f3n m\u00e1s adecuada de sus sesiones de entrenamiento, con el objetivo de obtener mejores resultados en el rendimiento de los deportistas.\u003C\/p\u003E\n\n\u003Cp\u003E\u201cPara nosotros es de suma importancia conocer el estado f\u00edsico de nuestros deportistas, por lo que estas pruebas \u00a0son una herramienta muy \u00fatil que nos ayuda a proporcionarle a los entrenadores un panorama m\u00e1s amplio de la situaci\u00f3n en la que se encuentran sus selectivos y que as\u00ed ellos puedan realizar un mejor\u00a0 trabajo\u201d, coment\u00f3 el Mtro. Oswaldo Esequiel H\u00edjar Airola, Responsable del Deporte Representativo en el campus Tijuana.\u003C\/p\u003E\n\n\u003Cp\u003EAl finalizar este semestre se realizar\u00e1 nuevamente esta bater\u00eda de pruebas, con el objetivo de saber cu\u00e1l fue el avance de los atletas en las diferentes \u00e1reas evaluadas y as\u00ed continuar realizando una buena planeaci\u00f3n de los entrenamientos.\u003C\/p\u003E\n\u003Cimg alt=\u0022Imagen eliminada.\u0022 data-entity-type=\u0022file\u0022 data-entity-uuid=\u0022ccefac07-2ede-43e8-ad12-e474057201e9\u0022 src=\u0022\/~gacetaua\/sites\/default\/files\/inline-images\/80c75ebb-c84c-4237-aa95-f2a9e5b566e0.JPG\u0022 class=\u0022align-center filter-image-invalid\u0022 title=\u0022Esta imagen se ha eliminado. Por razones de seguridad, s\u00f3lo se permiten im\u00e1genes de dominio local.\u0022 height=\u002216\u0022 width=\u002216\u0022 \/\u003E\u003Cp\u003E\u00a0\u003C\/p\u003E\u003C\/div\u003E\n      \n  \n\n    \n            \u003Cdiv  class=\u0022palabras-clave\u0022\u003E\n                        \u003Ca href=\u0022\/%7egacetaua\/tags\/pruebas\u0022 hreflang=\u0022es\u0022\u003Epruebas\u003C\/a\u003E\n                \u003Ca href=\u0022\/%7egacetaua\/tags\/atletas\u0022 hreflang=\u0022es\u0022\u003EAtletas\u003C\/a\u003E\n                \u003Ca href=\u0022\/%7egacetaua\/tags\/deporte\u0022 hreflang=\u0022es\u0022\u003Edeporte\u003C\/a\u003E\n      \n      \u003C\/div\u003E\n  \n\n\n  \u003C\/div\u003E\n\n  \u003C\/div\u003E\n\n  \u003Cdiv class=\u0022area-extras group-right\u0022\u003E\n        \n                          \u003Cdiv  class=\u0022enlace-blockBottom\u0022 \u003E\n      \u003Cdiv\u003EVer m\u00e1s \u003Ca href=\u0022http:\/\/gaceta.uabc.mx\/notas\u0022\u003ENotas\u003C\/a\u003E\u003C\/div\u003E\n\u003C\/div\u003E\n      \n  \n\n\n  \u003C\/div\u003E\n\n\u003C\/div\u003E\n\n","settings":null}]