[{"command":"settings","settings":{"pluralDelimiter":"\u0003","suppressDeprecationErrors":true,"ajaxPageState":{"libraries":"core\/drupal.ajax,core\/picturefill,ds\/ds_3col_equal_width","theme":"gaceta","theme_token":null},"ajaxTrustedUrl":[],"field_group":{"html_element":{"mode":"media_expanded","context":"view","settings":{"classes":"datos","show_empty_fields":false,"id":"","element":"div","show_label":false,"label_element":"h3","label_element_classes":"","attributes":"","effect":"none","speed":"fast"}}},"user":{"uid":0,"permissionsHash":"55dc977d165ab1e05e51b6cc6487f6d73e65ab536d99ee82c6990d9001d5c21c"}},"merge":true},{"command":"add_css","data":"\u003Clink rel=\u0022stylesheet\u0022 media=\u0022all\u0022 href=\u0022\/~gacetaua\/sites\/default\/files\/css\/css_mxJrjoKKAZuuB4_4f-B1u9VnFZxvSor3Az4JEdrFEso.css\u0022 \/\u003E\n\u003Clink rel=\u0022stylesheet\u0022 media=\u0022all\u0022 href=\u0022\/~gacetaua\/sites\/default\/files\/css\/css_-BXSGQpS8YTwwuXGbPoshUvZ7W-_HbYR3H7d0DA_mEY.css\u0022 \/\u003E\n\u003Clink rel=\u0022stylesheet\u0022 media=\u0022all\u0022 href=\u0022\/~gacetaua\/sites\/default\/files\/css\/css_89YreTu0npezhXSakRJR9TVHyBS9bTcyt0s3IckAe-M.css\u0022 \/\u003E\n"},{"command":"add_js","selector":"body","data":[{"src":"\/~gacetaua\/sites\/default\/files\/js\/js_9UaAhXvc9u0KYXXUw-OKyLP2baQxdV4zY3Y_KGurcvY.js"},{"src":"\/~gacetaua\/sites\/default\/files\/js\/js_oDJxUBLBzfRb_FDgNfkNOm9-tiatS2kNfxQIeVRZA7Y.js"},{"src":"\/~gacetaua\/sites\/default\/files\/js\/js_YM82KRuzNIr2X-Kb8pQW8cOcSbWgQ_QGKclTYJ_aMlI.js"},{"src":"\/~gacetaua\/sites\/default\/files\/js\/js_pqqsPPmPmxKgamY6qk_WSawtL05XH_yAY8GkPHVyahI.js"}]},{"command":"insert","method":"replaceWith","selector":".view-mode-full","data":"\u003Cdiv data-history-node-id=\u002215031\u0022 class=\u0022contenido view-mode-media_expanded ds-3col-equal clearfix\u0022\u003E\n\n  \n\n  \u003Cdiv class=\u0022area-medios group-left\u0022\u003E\n        \n                          \u003Cdiv  class=\u0022imagen\u0022 \u003E\n          \u003Cpicture\u003E\n                  \u003Csource srcset=\u0022\/~gacetaua\/sites\/default\/files\/styles\/max_650x650\/public\/2019-09\/Participan%20acad%C3%A9micos%20en%20foro%20de%20cine_0.webp?itok=yKbvmBw1 650w, \/~gacetaua\/sites\/default\/files\/styles\/max_1300x1300\/public\/2019-09\/Participan%20acad%C3%A9micos%20en%20foro%20de%20cine_0.webp?itok=-sXYtazl 1300w, \/~gacetaua\/sites\/default\/files\/styles\/max_1900x1900\/public\/2019-09\/Participan%20acad%C3%A9micos%20en%20foro%20de%20cine_0.webp?itok=D4xRqZxP 1860w\u0022 type=\u0022image\/webp\u0022 sizes=\u0022100vw\u0022\/\u003E\n              \u003Csource srcset=\u0022\/~gacetaua\/sites\/default\/files\/styles\/max_650x650\/public\/2019-09\/Participan%20acad%C3%A9micos%20en%20foro%20de%20cine_0.jpg?itok=yKbvmBw1 650w, \/~gacetaua\/sites\/default\/files\/styles\/max_1300x1300\/public\/2019-09\/Participan%20acad%C3%A9micos%20en%20foro%20de%20cine_0.jpg?itok=-sXYtazl 1300w, \/~gacetaua\/sites\/default\/files\/styles\/max_1900x1900\/public\/2019-09\/Participan%20acad%C3%A9micos%20en%20foro%20de%20cine_0.jpg?itok=D4xRqZxP 1860w\u0022 type=\u0022image\/jpeg\u0022 sizes=\u0022100vw\u0022\/\u003E\n                  \u003Cimg srcset=\u0022\/~gacetaua\/sites\/default\/files\/styles\/max_650x650\/public\/2019-09\/Participan%20acad%C3%A9micos%20en%20foro%20de%20cine_0.jpg?itok=yKbvmBw1 650w, \/~gacetaua\/sites\/default\/files\/styles\/max_1300x1300\/public\/2019-09\/Participan%20acad%C3%A9micos%20en%20foro%20de%20cine_0.jpg?itok=-sXYtazl 1300w, \/~gacetaua\/sites\/default\/files\/styles\/max_1900x1900\/public\/2019-09\/Participan%20acad%C3%A9micos%20en%20foro%20de%20cine_0.jpg?itok=D4xRqZxP 1860w\u0022 sizes=\u0022100vw\u0022 src=\u0022\/~gacetaua\/sites\/default\/files\/styles\/max_1300x1300\/public\/2019-09\/Participan%20acad%C3%A9micos%20en%20foro%20de%20cine_0.jpg?itok=-sXYtazl\u0022 alt=\u0022foro cinematogr\u00e1fico\u0022 typeof=\u0022foaf:Image\u0022 class=\u0022img-fluid\u0022 \/\u003E\n\n  \u003C\/picture\u003E\n\n\u003C\/div\u003E\n      \n  \n\n      \u003Cdiv  class=\u0022boton-expander\u0022\u003E\n        \n                  \u003Cdiv class=\u0022item-list\u0022\u003E\u003Cul\u003E\u003Cli\u003E\u003Ca href=\u0022\/%7egacetaua\/ds-switch-view-mode\/node\/15031\/media_collapsed?selector=view-mode-media_expanded\u0022 class=\u0022use-ajax\u0022\u003E\u2191\u003C\/a\u003E\u003C\/li\u003E\u003C\/ul\u003E\u003C\/div\u003E\n      \n  \n    \u003C\/div\u003E\n\n\n  \u003C\/div\u003E\n\n  \u003Cdiv class=\u0022area-info group-middle\u0022\u003E\n    \n\u003Cdiv  class=\u0022inner\u0022\u003E\n          \n                          \u003Ch2  class=\u0022titulo\u0022 \u003E\n        Participan acad\u00e9micos en foro de cine\n\u003C\/h2\u003E\n      \n  \n\n    \n                          \u003Cdiv  class=\u0022resumen\u0022 \u003E\n      Presentan ponencias\u003Cbr \/\u003E\r\n \u003Cbr \/\u003E\r\n\u003C\/div\u003E\n      \n  \n\n\n\u003Cdiv  class=\u0022datos\u0022\u003E\n            \u003Cdiv  class=\u0022autor\u0022\u003E\n            \u003Cdiv  class=\u0022field-label-inline\u0022\u003EPor\u003C\/div\u003E\n  \n                  \u003Ca href=\u0022\/%7egacetaua\/autores\/claudia-carballo-de-alba\u0022 hreflang=\u0022es\u0022\u003EClaudia Carballo de Alba\u003C\/a\u003E\n      \n  \n    \u003C\/div\u003E\n\n      \u003Cdiv  class=\u0022campus\u0022\u003E\n            \u003Cdiv  class=\u0022field-label-inline\u0022\u003ECampus\u003C\/div\u003E\n  \n                  \u003Ca href=\u0022\/%7egacetaua\/campus\/mexicali\u0022 hreflang=\u0022es\u0022\u003EMexicali\u003C\/a\u003E\n      \n  \n    \u003C\/div\u003E\n\n    \n                          \u003Cdiv  class=\u0022fecha\u0022 \u003E\n      13 de Septiembre de 2019\u003C\/div\u003E\n      \n  \n\n\n  \u003C\/div\u003E\n    \n                          \u003Cdiv  class=\u0022texto\u0022 \u003E\n      \u003Cp dir=\u0022ltr\u0022\u003ELos maestros Rosa Beltr\u00e1n Pedr\u00edn, Flor Torres Narv\u00e1ez, Basilia Madrid Navarro y Axel N\u00fa\u00f1ez Morales, docentes de la Licenciatura en Medios Audiovisuales en la Facultad de Artes Campus Mexicali, participaron en la novena edici\u00f3n del Foro de An\u00e1lisis Cinematogr\u00e1fico en Tijuana.\u003C\/p\u003E\n\n\u003Cp dir=\u0022ltr\u0022\u003EDicho foro es organizado por el maestro Juan Alberto Apodaca apoyado por la Facultad de Humanidades y Ciencias Sociales de la UABC, el Centro Universitario de Tijuana, entre otras instituciones educativas y culturales con el fin de tener un espacio en donde coincidan distintas miradas sobre el fen\u00f3meno f\u00edlmico, generando as\u00ed intercambio y discusi\u00f3n entre los analistas y cr\u00edticos que participan.\u003C\/p\u003E\n\n\u003Cp dir=\u0022ltr\u0022\u003ELa mesa en la que participaron los docentes fueron: Cine e Historia, Cine mexicano, denuncia social y violencia, as\u00ed como Cine y Fronteras, donde presentaron las ponencias: \u201cTlatelolco: verano del 68\u201d, \u201cEl documental experimental como modo de resistencia\u201d y \u201cTouch of Evil\u201d, respectivamente.\u003C\/p\u003E\n\n\u003Cp dir=\u0022ltr\u0022\u003ETambi\u00e9n se llevaron a cabo proyecciones de cortometrajes y charlas con los directores, mismos que hicieron importantes aportaciones al fen\u00f3meno f\u00edlmico.\u00a0\u003C\/p\u003E\u003C\/div\u003E\n      \n  \n\n    \n            \u003Cdiv  class=\u0022palabras-clave\u0022\u003E\n                        \u003Ca href=\u0022\/%7egacetaua\/tags\/foro\u0022 hreflang=\u0022es\u0022\u003EForo\u003C\/a\u003E\n                \u003Ca href=\u0022\/%7egacetaua\/tags\/cine\u0022 hreflang=\u0022es\u0022\u003ECine\u003C\/a\u003E\n                \u003Ca href=\u0022\/%7egacetaua\/tags\/tijuana\u0022 hreflang=\u0022es\u0022\u003ETijuana\u003C\/a\u003E\n      \n      \u003C\/div\u003E\n  \n\n\n  \u003C\/div\u003E\n\n  \u003C\/div\u003E\n\n  \u003Cdiv class=\u0022area-extras group-right\u0022\u003E\n        \n                          \u003Cdiv  class=\u0022enlace-blockBottom\u0022 \u003E\n      \u003Cdiv\u003EVer m\u00e1s \u003Ca href=\u0022http:\/\/gaceta.uabc.mx\/notas\u0022\u003ENotas\u003C\/a\u003E\u003C\/div\u003E\n\u003C\/div\u003E\n      \n  \n\n\n  \u003C\/div\u003E\n\n\u003C\/div\u003E\n\n","settings":null}]