[{"command":"settings","settings":{"pluralDelimiter":"\u0003","suppressDeprecationErrors":true,"ajaxPageState":{"libraries":"core\/drupal.ajax,ds\/ds_3col_equal_width","theme":"gaceta","theme_token":null},"ajaxTrustedUrl":[],"field_group":{"html_element":{"mode":"media_expanded","context":"view","settings":{"classes":"datos","show_empty_fields":false,"id":"","element":"div","show_label":false,"label_element":"h3","label_element_classes":"","attributes":"","effect":"none","speed":"fast"}}},"user":{"uid":0,"permissionsHash":"55dc977d165ab1e05e51b6cc6487f6d73e65ab536d99ee82c6990d9001d5c21c"}},"merge":true},{"command":"add_css","data":"\u003Clink rel=\u0022stylesheet\u0022 media=\u0022all\u0022 href=\u0022\/~gacetaua\/sites\/default\/files\/css\/css_mxJrjoKKAZuuB4_4f-B1u9VnFZxvSor3Az4JEdrFEso.css\u0022 \/\u003E\n\u003Clink rel=\u0022stylesheet\u0022 media=\u0022all\u0022 href=\u0022\/~gacetaua\/sites\/default\/files\/css\/css_-BXSGQpS8YTwwuXGbPoshUvZ7W-_HbYR3H7d0DA_mEY.css\u0022 \/\u003E\n\u003Clink rel=\u0022stylesheet\u0022 media=\u0022all\u0022 href=\u0022\/~gacetaua\/sites\/default\/files\/css\/css_89YreTu0npezhXSakRJR9TVHyBS9bTcyt0s3IckAe-M.css\u0022 \/\u003E\n"},{"command":"add_js","selector":"body","data":[{"src":"\/~gacetaua\/sites\/default\/files\/js\/js_9UaAhXvc9u0KYXXUw-OKyLP2baQxdV4zY3Y_KGurcvY.js"},{"src":"\/~gacetaua\/sites\/default\/files\/js\/js_oDJxUBLBzfRb_FDgNfkNOm9-tiatS2kNfxQIeVRZA7Y.js"},{"src":"\/~gacetaua\/sites\/default\/files\/js\/js_1RP4qUEvRifRPl9mYl8nA5jNqky6vVqo6nKEmFCp0ko.js"},{"src":"\/~gacetaua\/sites\/default\/files\/js\/js_JWYilEE4EQG7Dr-JhBmcQVwxs1c7FMUMbFbUcXjlSYw.js"}]},{"command":"insert","method":"replaceWith","selector":".view-mode-full","data":"\u003Cdiv data-history-node-id=\u002215914\u0022 class=\u0022contenido view-mode-media_expanded ds-3col-equal clearfix\u0022\u003E\n\n  \n\n  \u003Cdiv class=\u0022area-medios group-left\u0022\u003E\n        \n                          \u003Cdiv  class=\u0022imagen-alterna\u0022 \u003E\n        \u003Cimg loading=\u0022lazy\u0022 src=\u0022\/~gacetaua\/sites\/default\/files\/imagenes\/notas\/2020-02\/IMG_4843.jpg\u0022 alt=\u0022\u0022 typeof=\u0022foaf:Image\u0022 class=\u0022img-fluid\u0022 \/\u003E\n\n\u003C\/div\u003E\n      \n  \n\n      \u003Cdiv  class=\u0022boton-expander\u0022\u003E\n        \n                  \u003Cdiv class=\u0022item-list\u0022\u003E\u003Cul\u003E\u003Cli\u003E\u003Ca href=\u0022\/%7egacetaua\/ds-switch-view-mode\/node\/15914\/media_collapsed?selector=view-mode-media_expanded\u0022 class=\u0022use-ajax\u0022\u003E\u2191\u003C\/a\u003E\u003C\/li\u003E\u003C\/ul\u003E\u003C\/div\u003E\n      \n  \n    \u003C\/div\u003E\n\n\n  \u003C\/div\u003E\n\n  \u003Cdiv class=\u0022area-info group-middle\u0022\u003E\n    \n\u003Cdiv  class=\u0022inner\u0022\u003E\n          \n                          \u003Ch2  class=\u0022titulo\u0022 \u003E\n        Se suma UABC a Tijuana Innovadora 2020\n\u003C\/h2\u003E\n      \n  \n\n    \n                          \u003Cdiv  class=\u0022resumen\u0022 \u003E\n      Adem\u00e1s de encabezar el pabell\u00f3n de la ciencia, se pretende encabezar el cl\u00faster de turismo y gastronom\u00eda\u003Cbr \/\u003E\r\n\u003C\/div\u003E\n      \n  \n\n\n\u003Cdiv  class=\u0022datos\u0022\u003E\n            \u003Cdiv  class=\u0022autor\u0022\u003E\n            \u003Cdiv  class=\u0022field-label-inline\u0022\u003EPor\u003C\/div\u003E\n  \n                  \u003Ca href=\u0022\/%7egacetaua\/autores\/julio-cesar-felix-martinez-0\u0022 hreflang=\u0022es\u0022\u003E Julio C\u00e9sar F\u00e9lix Mart\u00ednez\u003C\/a\u003E\n      \n  \n    \u003C\/div\u003E\n\n      \u003Cdiv  class=\u0022campus\u0022\u003E\n            \u003Cdiv  class=\u0022field-label-inline\u0022\u003ECampus\u003C\/div\u003E\n  \n                  \u003Ca href=\u0022\/%7egacetaua\/campus\/tijuana\u0022 hreflang=\u0022es\u0022\u003ETijuana\u003C\/a\u003E\n      \n  \n    \u003C\/div\u003E\n\n    \n                          \u003Cdiv  class=\u0022fecha\u0022 \u003E\n      28 de Febrero de 2020\u003C\/div\u003E\n      \n  \n\n\n  \u003C\/div\u003E\n    \n                          \u003Cdiv  class=\u0022texto\u0022 \u003E\n      \u003Cp\u003ELa UABC, a trav\u00e9s de la Coordinaci\u00f3n General de Vinculaci\u00f3n y Cooperaci\u00f3n Acad\u00e9mica, se sum\u00f3 al comit\u00e9 organizador de Tijuana Innovadora 2020 (TI2020), que en esta edici\u00f3n celebra su d\u00e9cimo aniversario.\u003C\/p\u003E\n\n\u003Cp\u003ETijuana Innovadora es una exposici\u00f3n que muestra al mundo lo m\u00e1s destacado que Tijuana produce en diversas \u00e1reas, tanto en el sector industrial como el social. Actualmente el enfoque de sus causas sociales se orienta en los ejes de prevenci\u00f3n a la violencia, educaci\u00f3n, sustentabilidad, emprendimiento e innovaci\u00f3n.\u003C\/p\u003E\n\n\u003Cp\u003E\u201cLa UABC contar\u00e1 con una exhibici\u00f3n de sus proyectos de investigaci\u00f3n y desarrollo tecnol\u00f3gico m\u00e1s emblem\u00e1ticos, tanto de Tijuana como de todo el estado\u201d, coment\u00f3 el doctor David Guadalupe Toledo Sarracino, coordinador general de Vinculaci\u00f3n y Cooperaci\u00f3n Acad\u00e9mica.\u003C\/p\u003E\n\n\u003Cp\u003EA\u00f1adi\u00f3 que el primer acercamiento con el Comit\u00e9 de TI2020 se dio a trav\u00e9s del rector, doctor Daniel Octavio Valdez Delgadillo, quien ha solicitado que las unidades acad\u00e9micas participen con la exhibici\u00f3n de los mejores proyectos y el trabajo que la sociedad de Tijuana debe conocer con mayor detalle.\u003C\/p\u003E\n\n\u003Cp dir=\u0022ltr\u0022\u003EAsimismo, destaca la participaci\u00f3n de la Facultad de Turismo y Mercadotecnia como l\u00edder del pabell\u00f3n Gastro-Tur\u00edstico TI2020,\u00a0dada su trayectoria en el \u00e1mbito de organizaci\u00f3n de eventos de gran magnitud y su nivel de vinculaci\u00f3n con los sectores del turismo y los servicios asociados en la regi\u00f3n.\u003C\/p\u003E\n\n\u003Cp\u003ETijuana Innovadora, con el tema \u201cTijuana es el futuro\u201d, se llevar\u00e1 a cabo del 6 al 10 de octubre. Adem\u00e1s del pabell\u00f3n UABC, tambi\u00e9n habr\u00e1 oportunidades para j\u00f3venes universitarios para la realizar servicio social comunitario y profesional, as\u00ed como pr\u00e1cticas profesionales por lo que es importante mantenerse pendiente de las convocatorias correspondientes.\u003C\/p\u003E\n\n\u003Cp\u003EFotos: cortes\u00eda\u003C\/p\u003E\n\n\u003Cp\u003E\u00a0\u003C\/p\u003E\n\n\u003Cp\u003E\u003Cimg alt=\u0022Imagen eliminada.\u0022 data-entity-type=\u0022file\u0022 data-entity-uuid=\u002250aac091-d478-4706-893f-1ec4540c5ac5\u0022 src=\u0022\/~gacetaua\/sites\/default\/files\/inline-images\/IMG_4841.jpg\u0022 title=\u0022Esta imagen se ha eliminado. Por razones de seguridad, s\u00f3lo se permiten im\u00e1genes de dominio local.\u0022 height=\u002216\u0022 width=\u002216\u0022 class=\u0022filter-image-invalid\u0022 \/\u003E\u003C\/p\u003E\u003C\/div\u003E\n      \n  \n\n    \n            \u003Cdiv  class=\u0022palabras-clave\u0022\u003E\n                        \u003Ca href=\u0022\/%7egacetaua\/tags\/tijuana-innovadora\u0022 hreflang=\u0022es\u0022\u003ETijuana Innovadora\u003C\/a\u003E\n                \u003Ca href=\u0022\/%7egacetaua\/tags\/ciencia\u0022 hreflang=\u0022es\u0022\u003ECiencia\u003C\/a\u003E\n                \u003Ca href=\u0022\/%7egacetaua\/tags\/cultura\u0022 hreflang=\u0022es\u0022\u003ECultura\u003C\/a\u003E\n      \n      \u003C\/div\u003E\n  \n\n\n  \u003C\/div\u003E\n\n  \u003C\/div\u003E\n\n  \u003Cdiv class=\u0022area-extras group-right\u0022\u003E\n        \n                          \u003Cdiv  class=\u0022enlace-blockBottom\u0022 \u003E\n      \u003Cdiv\u003EVer m\u00e1s \u003Ca href=\u0022http:\/\/gaceta.uabc.mx\/notas\u0022\u003ENotas\u003C\/a\u003E\u003C\/div\u003E\n\u003C\/div\u003E\n      \n  \n\n\n  \u003C\/div\u003E\n\n\u003C\/div\u003E\n\n","settings":null}]