[{"command":"settings","settings":{"pluralDelimiter":"\u0003","suppressDeprecationErrors":true,"ajaxPageState":{"libraries":"core\/drupal.ajax,core\/picturefill,ds\/ds_3col_equal_width","theme":"gaceta","theme_token":null},"ajaxTrustedUrl":[],"field_group":{"html_element":{"mode":"media_expanded","context":"view","settings":{"classes":"datos","show_empty_fields":false,"id":"","element":"div","show_label":false,"label_element":"h3","label_element_classes":"","attributes":"","effect":"none","speed":"fast"}}},"user":{"uid":0,"permissionsHash":"55dc977d165ab1e05e51b6cc6487f6d73e65ab536d99ee82c6990d9001d5c21c"}},"merge":true},{"command":"add_css","data":"\u003Clink rel=\u0022stylesheet\u0022 media=\u0022all\u0022 href=\u0022\/~gacetaua\/sites\/default\/files\/css\/css_mxJrjoKKAZuuB4_4f-B1u9VnFZxvSor3Az4JEdrFEso.css\u0022 \/\u003E\n\u003Clink rel=\u0022stylesheet\u0022 media=\u0022all\u0022 href=\u0022\/~gacetaua\/sites\/default\/files\/css\/css_-BXSGQpS8YTwwuXGbPoshUvZ7W-_HbYR3H7d0DA_mEY.css\u0022 \/\u003E\n\u003Clink rel=\u0022stylesheet\u0022 media=\u0022all\u0022 href=\u0022\/~gacetaua\/sites\/default\/files\/css\/css_89YreTu0npezhXSakRJR9TVHyBS9bTcyt0s3IckAe-M.css\u0022 \/\u003E\n"},{"command":"add_js","selector":"body","data":[{"src":"\/~gacetaua\/sites\/default\/files\/js\/js_9UaAhXvc9u0KYXXUw-OKyLP2baQxdV4zY3Y_KGurcvY.js"},{"src":"\/~gacetaua\/sites\/default\/files\/js\/js_oDJxUBLBzfRb_FDgNfkNOm9-tiatS2kNfxQIeVRZA7Y.js"},{"src":"\/~gacetaua\/sites\/default\/files\/js\/js_YM82KRuzNIr2X-Kb8pQW8cOcSbWgQ_QGKclTYJ_aMlI.js"},{"src":"\/~gacetaua\/sites\/default\/files\/js\/js_pqqsPPmPmxKgamY6qk_WSawtL05XH_yAY8GkPHVyahI.js"}]},{"command":"insert","method":"replaceWith","selector":".view-mode-full","data":"\u003Cdiv data-history-node-id=\u00221670\u0022 class=\u0022contenido view-mode-media_expanded ds-3col-equal clearfix\u0022\u003E\n\n  \n\n  \u003Cdiv class=\u0022area-medios group-left\u0022\u003E\n        \n                          \u003Cdiv  class=\u0022imagen\u0022 \u003E\n          \u003Cpicture\u003E\n                  \u003Csource srcset=\u0022\/~gacetaua\/sites\/default\/files\/styles\/max_650x650\/public\/2017-09\/Realizan%20simulacros%20en%20Campus%20Ensenada01.webp?itok=Qp1J4QxS 650w, \/~gacetaua\/sites\/default\/files\/styles\/max_1900x1900\/public\/2017-09\/Realizan%20simulacros%20en%20Campus%20Ensenada01.webp?itok=6NdlWCKM 1280w\u0022 type=\u0022image\/webp\u0022 sizes=\u0022100vw\u0022\/\u003E\n              \u003Csource srcset=\u0022\/~gacetaua\/sites\/default\/files\/styles\/max_650x650\/public\/2017-09\/Realizan%20simulacros%20en%20Campus%20Ensenada01.jpg?itok=Qp1J4QxS 650w, \/~gacetaua\/sites\/default\/files\/styles\/max_1900x1900\/public\/2017-09\/Realizan%20simulacros%20en%20Campus%20Ensenada01.jpg?itok=6NdlWCKM 1280w\u0022 type=\u0022image\/jpeg\u0022 sizes=\u0022100vw\u0022\/\u003E\n                  \u003Cimg srcset=\u0022\/~gacetaua\/sites\/default\/files\/styles\/max_650x650\/public\/2017-09\/Realizan%20simulacros%20en%20Campus%20Ensenada01.jpg?itok=Qp1J4QxS 650w, \/~gacetaua\/sites\/default\/files\/styles\/max_1900x1900\/public\/2017-09\/Realizan%20simulacros%20en%20Campus%20Ensenada01.jpg?itok=6NdlWCKM 1280w\u0022 sizes=\u0022100vw\u0022 src=\u0022\/~gacetaua\/sites\/default\/files\/styles\/max_1300x1300\/public\/2017-09\/Realizan%20simulacros%20en%20Campus%20Ensenada01.jpg?itok=V1mRrMC1\u0022 alt=\u0022Sismo_Simulacro_Cultura_Protecci\u00f3n Civil\u0022 typeof=\u0022foaf:Image\u0022 class=\u0022img-fluid\u0022 \/\u003E\n\n  \u003C\/picture\u003E\n\n\u003C\/div\u003E\n      \n  \n\n      \u003Cdiv  class=\u0022boton-expander\u0022\u003E\n        \n                  \u003Cdiv class=\u0022item-list\u0022\u003E\u003Cul\u003E\u003Cli\u003E\u003Ca href=\u0022\/%7egacetaua\/ds-switch-view-mode\/node\/1670\/media_collapsed?selector=view-mode-media_expanded\u0022 class=\u0022use-ajax\u0022\u003E\u2191\u003C\/a\u003E\u003C\/li\u003E\u003C\/ul\u003E\u003C\/div\u003E\n      \n  \n    \u003C\/div\u003E\n\n\n  \u003C\/div\u003E\n\n  \u003Cdiv class=\u0022area-info group-middle\u0022\u003E\n    \n\u003Cdiv  class=\u0022inner\u0022\u003E\n          \n                          \u003Ch2  class=\u0022titulo\u0022 \u003E\n        Realizan simulacros en Campus Ensenada\n\u003C\/h2\u003E\n      \n  \n\n    \n                          \u003Cdiv  class=\u0022resumen\u0022 \u003E\n       Fomentan la cultura de protecci\u00f3n civil en la comunidad universitaria.\u003C\/div\u003E\n      \n  \n\n\n\u003Cdiv  class=\u0022datos\u0022\u003E\n            \u003Cdiv  class=\u0022autor\u0022\u003E\n            \u003Cdiv  class=\u0022field-label-inline\u0022\u003EPor\u003C\/div\u003E\n  \n                  \u003Ca href=\u0022\/%7egacetaua\/autores\/paulina-moreno-rangel\u0022 hreflang=\u0022es\u0022\u003EPaulina Moreno Rangel\u003C\/a\u003E\n      \n  \n    \u003C\/div\u003E\n\n      \u003Cdiv  class=\u0022campus\u0022\u003E\n            \u003Cdiv  class=\u0022field-label-inline\u0022\u003ECampus\u003C\/div\u003E\n  \n                  \u003Ca href=\u0022\/%7egacetaua\/campus\/ensenada\u0022 hreflang=\u0022es\u0022\u003EEnsenada\u003C\/a\u003E\n      \n  \n    \u003C\/div\u003E\n\n    \n                          \u003Cdiv  class=\u0022fecha\u0022 \u003E\n      20 de Septiembre de 2017\u003C\/div\u003E\n      \n  \n\n\n  \u003C\/div\u003E\n    \n                          \u003Cdiv  class=\u0022texto\u0022 \u003E\n      \u003Cp\u003ECon la intenci\u00f3n de crear una una cultura de prevenci\u00f3n de desastres en la comunidad universitaria, la\u00a0 Vicerrector\u00eda Campus Ensenada de la Universidad Aut\u00f3noma de Baja California (UABC), realiz\u00f3 simulacros de sismo en los turnos matutino y vespertino en las unidades universitarias Ensenada, Valle Dorado y San Quint\u00edn.\u003C\/p\u003E\n\n\u003Cp\u003EEl primer simulacro se realiz\u00f3 unas horas antes de que en el centro de M\u00e9xico se registrara este martes un terremoto de 7.1 grados de magnitud, fecha en la que tambi\u00e9n se conmemora al aniversario del terremoto de 1985 que devast\u00f3 a la capital mexicana, en donde hubo miles de p\u00e9rdidas humanas y heridos.\u003C\/p\u003E\n\n\u003Cp\u003EEl segundo simulacro se llev\u00f3 a cabo en punto de las 17:30 horas, en donde tambi\u00e9n se record\u00f3 el sismo ocurrido el pasado 7 de septiembre y el cual afect\u00f3 a miles de personas de los estados de Oaxaca, Chiapas y Tabasco.\u003C\/p\u003E\n\n\u003Cp\u003ELa Vicerrectora del Campus Ensenada, doctora Blanca Rosa Garc\u00eda Rivera, enfatiz\u00f3 que ahora m\u00e1s que nunca se tiene que fomentar la educaci\u00f3n de prevenci\u00f3n ante los fen\u00f3menos naturales y conocer los planes de protecci\u00f3n y seguridad.\u003C\/p\u003E\n\n\u003Cp\u003E\u201cAgradezco el gran apoyo de todas las brigadas del Comit\u00e9 de Protecci\u00f3n Civil del Campus Ensenada, quienes auxilian a la comunidad universitaria para seguir las medidas de seguridad establecidas\u201d, refiri\u00f3 la doctora Garc\u00eda Rivera.\u003C\/p\u003E\n\n\u003Cp\u003EAsimismo, aprovech\u00f3 la ocasi\u00f3n para solicitar el apoyo de la comunidad universitaria para realizar donativos en los centros de acopio establecidos en la Universidad,\u00a0\u00a0los cuales est\u00e1n ubicados en los Gimnasios Universitarios de las unidades Ensenada y Valle Dorado, en un horario de 10:00 a 18:00 horas.\u200b\u003C\/p\u003E\n\n\u003Cp\u003E\u00a0\u003C\/p\u003E\n\n\u003Cp\u003EFOTO:\u00a0Rafael Miramontes \u00c1valos.\u003C\/p\u003E\u003C\/div\u003E\n      \n  \n\n    \n            \u003Cdiv  class=\u0022palabras-clave\u0022\u003E\n                        \u003Ca href=\u0022\/%7egacetaua\/tags\/sismo\u0022 hreflang=\u0022es\u0022\u003ESismo\u003C\/a\u003E\n                \u003Ca href=\u0022\/%7egacetaua\/tags\/simulacro\u0022 hreflang=\u0022es\u0022\u003ESimulacro\u003C\/a\u003E\n                \u003Ca href=\u0022\/%7egacetaua\/tags\/cultura\u0022 hreflang=\u0022es\u0022\u003ECultura\u003C\/a\u003E\n                \u003Ca href=\u0022\/%7egacetaua\/tags\/proteccion-civil\u0022 hreflang=\u0022es\u0022\u003EProtecci\u00f3n Civil\u003C\/a\u003E\n      \n      \u003C\/div\u003E\n  \n\n\n  \u003C\/div\u003E\n\n  \u003C\/div\u003E\n\n  \u003Cdiv class=\u0022area-extras group-right\u0022\u003E\n        \n                          \u003Cdiv  class=\u0022enlace-blockBottom\u0022 \u003E\n      \u003Cdiv\u003EVer m\u00e1s \u003Ca href=\u0022http:\/\/gaceta.uabc.mx\/notas\u0022\u003ENotas\u003C\/a\u003E\u003C\/div\u003E\n\u003C\/div\u003E\n      \n  \n\n\n  \u003C\/div\u003E\n\n\u003C\/div\u003E\n\n","settings":null}]