[{"command":"settings","settings":{"pluralDelimiter":"\u0003","suppressDeprecationErrors":true,"ajaxPageState":{"libraries":"core\/drupal.ajax,core\/picturefill,ds\/ds_3col_equal_width","theme":"gaceta","theme_token":null},"ajaxTrustedUrl":[],"field_group":{"html_element":{"mode":"media_expanded","context":"view","settings":{"classes":"datos","show_empty_fields":false,"id":"","element":"div","show_label":false,"label_element":"h3","label_element_classes":"","attributes":"","effect":"none","speed":"fast"}}},"user":{"uid":0,"permissionsHash":"55dc977d165ab1e05e51b6cc6487f6d73e65ab536d99ee82c6990d9001d5c21c"}},"merge":true},{"command":"add_css","data":"\u003Clink rel=\u0022stylesheet\u0022 media=\u0022all\u0022 href=\u0022\/~gacetaua\/sites\/default\/files\/css\/css_mxJrjoKKAZuuB4_4f-B1u9VnFZxvSor3Az4JEdrFEso.css\u0022 \/\u003E\n\u003Clink rel=\u0022stylesheet\u0022 media=\u0022all\u0022 href=\u0022\/~gacetaua\/sites\/default\/files\/css\/css_-BXSGQpS8YTwwuXGbPoshUvZ7W-_HbYR3H7d0DA_mEY.css\u0022 \/\u003E\n\u003Clink rel=\u0022stylesheet\u0022 media=\u0022all\u0022 href=\u0022\/~gacetaua\/sites\/default\/files\/css\/css_89YreTu0npezhXSakRJR9TVHyBS9bTcyt0s3IckAe-M.css\u0022 \/\u003E\n"},{"command":"add_js","selector":"body","data":[{"src":"\/~gacetaua\/sites\/default\/files\/js\/js_9UaAhXvc9u0KYXXUw-OKyLP2baQxdV4zY3Y_KGurcvY.js"},{"src":"\/~gacetaua\/sites\/default\/files\/js\/js_oDJxUBLBzfRb_FDgNfkNOm9-tiatS2kNfxQIeVRZA7Y.js"},{"src":"\/~gacetaua\/sites\/default\/files\/js\/js_YM82KRuzNIr2X-Kb8pQW8cOcSbWgQ_QGKclTYJ_aMlI.js"},{"src":"\/~gacetaua\/sites\/default\/files\/js\/js_pqqsPPmPmxKgamY6qk_WSawtL05XH_yAY8GkPHVyahI.js"}]},{"command":"insert","method":"replaceWith","selector":".view-mode-full","data":"\u003Cdiv data-history-node-id=\u00221673\u0022 class=\u0022contenido view-mode-media_expanded ds-3col-equal clearfix\u0022\u003E\n\n  \n\n  \u003Cdiv class=\u0022area-medios group-left\u0022\u003E\n        \n                          \u003Cdiv  class=\u0022imagen\u0022 \u003E\n          \u003Cpicture\u003E\n                  \u003Csource srcset=\u0022\/~gacetaua\/sites\/default\/files\/styles\/max_650x650\/public\/2017-09\/Se%20solidariza%20UABC%20con%20v%C3%ADctimas%20de%20sismos.webp?itok=lRp54wKT 650w, \/~gacetaua\/sites\/default\/files\/styles\/max_1300x1300\/public\/2017-09\/Se%20solidariza%20UABC%20con%20v%C3%ADctimas%20de%20sismos.webp?itok=T10YW6WE 1300w, \/~gacetaua\/sites\/default\/files\/styles\/max_1900x1900\/public\/2017-09\/Se%20solidariza%20UABC%20con%20v%C3%ADctimas%20de%20sismos.webp?itok=m9ucEPL8 1900w\u0022 type=\u0022image\/webp\u0022 sizes=\u0022100vw\u0022\/\u003E\n              \u003Csource srcset=\u0022\/~gacetaua\/sites\/default\/files\/styles\/max_650x650\/public\/2017-09\/Se%20solidariza%20UABC%20con%20v%C3%ADctimas%20de%20sismos.jpg?itok=lRp54wKT 650w, \/~gacetaua\/sites\/default\/files\/styles\/max_1300x1300\/public\/2017-09\/Se%20solidariza%20UABC%20con%20v%C3%ADctimas%20de%20sismos.jpg?itok=T10YW6WE 1300w, \/~gacetaua\/sites\/default\/files\/styles\/max_1900x1900\/public\/2017-09\/Se%20solidariza%20UABC%20con%20v%C3%ADctimas%20de%20sismos.jpg?itok=m9ucEPL8 1900w\u0022 type=\u0022image\/jpeg\u0022 sizes=\u0022100vw\u0022\/\u003E\n                  \u003Cimg srcset=\u0022\/~gacetaua\/sites\/default\/files\/styles\/max_650x650\/public\/2017-09\/Se%20solidariza%20UABC%20con%20v%C3%ADctimas%20de%20sismos.jpg?itok=lRp54wKT 650w, \/~gacetaua\/sites\/default\/files\/styles\/max_1300x1300\/public\/2017-09\/Se%20solidariza%20UABC%20con%20v%C3%ADctimas%20de%20sismos.jpg?itok=T10YW6WE 1300w, \/~gacetaua\/sites\/default\/files\/styles\/max_1900x1900\/public\/2017-09\/Se%20solidariza%20UABC%20con%20v%C3%ADctimas%20de%20sismos.jpg?itok=m9ucEPL8 1900w\u0022 sizes=\u0022100vw\u0022 src=\u0022\/~gacetaua\/sites\/default\/files\/styles\/max_1300x1300\/public\/2017-09\/Se%20solidariza%20UABC%20con%20v%C3%ADctimas%20de%20sismos.jpg?itok=T10YW6WE\u0022 alt=\u0022Solidaridad_Centro de Acopio_Donativos_Damnificados_Sismo\u0022 typeof=\u0022foaf:Image\u0022 class=\u0022img-fluid\u0022 \/\u003E\n\n  \u003C\/picture\u003E\n\n\u003C\/div\u003E\n      \n  \n\n      \u003Cdiv  class=\u0022boton-expander\u0022\u003E\n        \n                  \u003Cdiv class=\u0022item-list\u0022\u003E\u003Cul\u003E\u003Cli\u003E\u003Ca href=\u0022\/%7egacetaua\/ds-switch-view-mode\/node\/1673\/media_collapsed?selector=view-mode-media_expanded\u0022 class=\u0022use-ajax\u0022\u003E\u2191\u003C\/a\u003E\u003C\/li\u003E\u003C\/ul\u003E\u003C\/div\u003E\n      \n  \n    \u003C\/div\u003E\n\n\n  \u003C\/div\u003E\n\n  \u003Cdiv class=\u0022area-info group-middle\u0022\u003E\n    \n\u003Cdiv  class=\u0022inner\u0022\u003E\n          \n                          \u003Ch2  class=\u0022titulo\u0022 \u003E\n        Se solidariza UABC con v\u00edctimas de sismos \n\u003C\/h2\u003E\n      \n  \n\n    \n                          \u003Cdiv  class=\u0022resumen\u0022 \u003E\n      Instala centros de acopio en los campus Ensenada, Mexicali y Tijuana. Lo recaudado se entregar\u00e1 a la Secretar\u00eda de Marina el pr\u00f3ximo 9 de octubre. \u003C\/div\u003E\n      \n  \n\n\n\u003Cdiv  class=\u0022datos\u0022\u003E\n            \u003Cdiv  class=\u0022autor\u0022\u003E\n            \u003Cdiv  class=\u0022field-label-inline\u0022\u003EPor\u003C\/div\u003E\n  \n                  \u003Ca href=\u0022\/%7egacetaua\/autores\/norma-angelica-gomez-bravo\u0022 hreflang=\u0022es\u0022\u003ENorma Ang\u00e9lica G\u00f3mez Bravo\u003C\/a\u003E\n      \n  \n    \u003C\/div\u003E\n\n      \u003Cdiv  class=\u0022campus\u0022\u003E\n            \u003Cdiv  class=\u0022field-label-inline\u0022\u003ECampus\u003C\/div\u003E\n  \n                  \u003Ca href=\u0022\/%7egacetaua\/campus\/uabc\u0022 hreflang=\u0022es\u0022\u003EUABC\u003C\/a\u003E\n      \n  \n    \u003C\/div\u003E\n\n    \n                          \u003Cdiv  class=\u0022fecha\u0022 \u003E\n      21 de Septiembre de 2017\u003C\/div\u003E\n      \n  \n\n\n  \u003C\/div\u003E\n    \n                          \u003Cdiv  class=\u0022texto\u0022 \u003E\n      \u003Cp\u003ELa comunidad de la Universidad Aut\u00f3noma de Baja California (UABC), se solidariza con los afectados por los sismos ocurridos el pasado 7 y 19 de septiembre, por lo que ha establecido diversos centros de acopio en los tres campus universitarios, los cuales operar\u00e1n hasta el 7 de octubre.\u003Cbr \/\u003E\n\u00a0\u003Cbr \/\u003E\nTodo lo recabado se entregar\u00e1 el pr\u00f3ximo 9 de octubre a la Secretar\u00eda de Marina, a trav\u00e9s del Gobierno del Estado de Baja California, para que se canalice a las zonas que m\u00e1s lo necesiten.\u003Cbr \/\u003E\n\u00a0\u003Cbr \/\u003E\nEl Rector de la UABC, doctor Juan Manuel Ocegueda Hern\u00e1ndez, hizo un llamado a la comunidad universitaria a sumarse a los apoyos que se enviar\u00e1n a los miles de damnificados por estas cat\u00e1strofes naturales que han afectado principalmente a la Ciudad de M\u00e9xico, Chiapas, Oaxaca, Puebla y Morelos.\u003Cbr \/\u003E\n\u00a0\u003Cbr \/\u003E\n\u201cEn los tres campus estamos impulsando esta campa\u00f1a para recabar todo tipo de ayuda principalmente v\u00edveres, medicinas, material de limpieza. Nos coordinamos con Gobierno del Estado para que toda la ayuda que podamos reunir sea orientada a los estados hermanos afectados\u201d. Indic\u00f3 que en estas iniciativas participan activamente las sociedades de alumnos, vicerrector\u00edas y la propia Rector\u00eda.\u003Cbr \/\u003E\n\u00a0\u003Cbr \/\u003E\nLos alimentos no perecederos que se solicitan son: at\u00fan\/sardinas, frijoles, az\u00facar, lentejas, sopa de pasta, enlatados, chocolate en polvo, sal, caf\u00e9, aceite, galletas, leche en polvo, alimento para mascotas.\u003C\/p\u003E\n\n\u003Cp\u003ELos art\u00edculos de higiene personal: papel sanitario, toallas femeninas, pa\u00f1ales, servilletas, jab\u00f3n de ba\u00f1o, champ\u00fa, pasta y cepillos dentales, rastrillos.\u003Cbr \/\u003E\n\u00a0\u003Cbr \/\u003E\nLos art\u00edculos de limpieza: jab\u00f3n\/detergente, jaladores, escobas\/cepillos, cubetas, jergas\/franelas, pino\/cloro.\u003C\/p\u003E\n\n\u003Cp\u003EY los medicamentos: antimic\u00f3ticos, antipir\u00e9ticos, antigripales, antibi\u00f3ticos, analg\u00e9sicos, antidiarreicos, antiinflamatorios, material de curaci\u00f3n.\u003Cbr \/\u003E\n\u00a0\u003Cbr \/\u003E\u003Cstrong\u003EUbicaci\u00f3n de centros de acopio\u003C\/strong\u003E\u003C\/p\u003E\n\n\u003Cp\u003E\u003Cstrong\u003EMexicali\u003C\/strong\u003E\u003C\/p\u003E\n\n\u003Cp\u003EExplanada de Rector\u00eda\u003C\/p\u003E\n\n\u003Cp\u003EDirecci\u00f3n: Av. \u00c1lvaro Obreg\u00f3n s\/n, colonia Nueva.\u003C\/p\u003E\n\n\u003Cp\u003EHorario: Lunes a viernes de 8:30 a 18:00 horas;\u00a0s\u00e1bado y domingo\u00a0de 8:30 a 16:00 horas.\u003C\/p\u003E\n\n\u003Cp\u003E\u00a0\u003C\/p\u003E\n\n\u003Cp\u003EExplanada de Vicerrector\u00eda\u003C\/p\u003E\n\n\u003Cp\u003EDirecci\u00f3n: Blvr. Benito Ju\u00e1rez s\/n.\u003C\/p\u003E\n\n\u003Cp\u003EHorario: Lunes a viernes de 9:00 a\u00a018:00 horas; s\u00e1bado 23 de 9:00 a 18:00 horas; domingo 24 de 18:00 a 21:00 horas (durante Jard\u00edn Cultural).\u003C\/p\u003E\n\n\u003Cp\u003E\u00a0\u003C\/p\u003E\n\n\u003Cp\u003EBiblioteca del Instituto de Ciencias Agr\u00edcolas\u00a0\u003C\/p\u003E\n\n\u003Cp\u003EDirecci\u00f3n: Carr. Blvr. Delta s\/n, Ejido Nuevo Le\u00f3n.\u003C\/p\u003E\n\n\u003Cp\u003EHorario: Lunes a viernes de 7:00 a 16:00 horas; s\u00e1bado de 8:00 a 12:00 horas.\u003C\/p\u003E\n\n\u003Cp\u003E\u00a0\u003C\/p\u003E\n\n\u003Cp\u003E\u003Cstrong\u003EEnsenada\u003C\/strong\u003E\u003C\/p\u003E\n\n\u003Cp\u003EGimnasio Universitario de la Unidad Universitaria Ensenada\u003C\/p\u003E\n\n\u003Cp\u003EDirecci\u00f3n: Carr. Transpeninsular Ensenada-Tijuana #3917, Col. Playitas.\u003C\/p\u003E\n\n\u003Cp\u003EHorario: Lunes a viernes de 8:00 a 14:00 horas y de 16:00 a 18:00 horas.\u003C\/p\u003E\n\n\u003Cp\u003E\u00a0\u003C\/p\u003E\n\n\u003Cp\u003EGimnasio Universitario de la Unidad Universitaria Valle Dorado\u003C\/p\u003E\n\n\u003Cp\u003EDirecci\u00f3n: Blvr. Zertuche y Blvr. de Los Lagos s\/n, Fracc. Valle Dorado.\u003C\/p\u003E\n\n\u003Cp\u003EHorario: Lunes a viernes de 8:00 a 14:00 horas y de 16:00 a 18:00 horas; s\u00e1bado de 9:00 a 15:00 horas.\u003C\/p\u003E\n\n\u003Cp\u003E\u00a0\u003C\/p\u003E\n\n\u003Cp\u003EFacultad de Ingenier\u00eda y Negocios San Quint\u00edn\u003C\/p\u003E\n\n\u003Cp\u003EDirecci\u00f3n:\u00a0Carretera Transpeninsular Km. 180.2, Ejido Padre Kino.\u003C\/p\u003E\n\n\u003Cp\u003EHorario: Lunes a viernes de 8:00 a 14:00 horas y de 16:00 a 18:00 horas.\u00a0\u003C\/p\u003E\n\n\u003Cp\u003E\u00a0\u003C\/p\u003E\n\n\u003Cp\u003E\u003Cstrong\u003ETijuana\u003C\/strong\u003E\u003C\/p\u003E\n\n\u003Cp\u003EEx Guarder\u00eda Participativa\u003C\/p\u003E\n\n\u003Cp\u003EDirecci\u00f3n: Unidad Universitaria Otay (a un costado del Centro de Evaluaci\u00f3n)\u00a0Calzada Universidad 14418, Parque Industrial Internacional Tijuana.\u003C\/p\u003E\n\n\u003Cp\u003EHorario: Lunes a Viernes de 8:00 a 19:00 horas; s\u00e1bado\u00a0y domingo de 7:00 a 15:00 horas.\u003C\/p\u003E\u003C\/div\u003E\n      \n  \n\n    \n            \u003Cdiv  class=\u0022palabras-clave\u0022\u003E\n                        \u003Ca href=\u0022\/%7egacetaua\/tags\/solidaridad\u0022 hreflang=\u0022es\u0022\u003ESolidaridad\u003C\/a\u003E\n                \u003Ca href=\u0022\/%7egacetaua\/tags\/centro-de-acopio\u0022 hreflang=\u0022es\u0022\u003ECentro de Acopio\u003C\/a\u003E\n                \u003Ca href=\u0022\/%7egacetaua\/tags\/donativos\u0022 hreflang=\u0022es\u0022\u003EDonativos\u003C\/a\u003E\n                \u003Ca href=\u0022\/%7egacetaua\/tags\/damnificados\u0022 hreflang=\u0022es\u0022\u003EDamnificados\u003C\/a\u003E\n                \u003Ca href=\u0022\/%7egacetaua\/tags\/sismo\u0022 hreflang=\u0022es\u0022\u003ESismo\u003C\/a\u003E\n      \n      \u003C\/div\u003E\n  \n\n\n  \u003C\/div\u003E\n\n  \u003C\/div\u003E\n\n  \u003Cdiv class=\u0022area-extras group-right\u0022\u003E\n        \n                          \u003Cdiv  class=\u0022enlace-blockBottom\u0022 \u003E\n      \u003Cdiv\u003EVer m\u00e1s \u003Ca href=\u0022http:\/\/gaceta.uabc.mx\/notas\u0022\u003ENotas\u003C\/a\u003E\u003C\/div\u003E\n\u003C\/div\u003E\n      \n  \n\n\n  \u003C\/div\u003E\n\n\u003C\/div\u003E\n\n","settings":null}]