[{"command":"settings","settings":{"pluralDelimiter":"\u0003","suppressDeprecationErrors":true,"ajaxPageState":{"libraries":"core\/drupal.ajax,core\/picturefill,ds\/ds_3col_equal_width","theme":"gaceta","theme_token":null},"ajaxTrustedUrl":[],"field_group":{"html_element":{"mode":"media_expanded","context":"view","settings":{"classes":"datos","show_empty_fields":false,"id":"","element":"div","show_label":false,"label_element":"h3","label_element_classes":"","attributes":"","effect":"none","speed":"fast"}}},"user":{"uid":0,"permissionsHash":"55dc977d165ab1e05e51b6cc6487f6d73e65ab536d99ee82c6990d9001d5c21c"}},"merge":true},{"command":"add_css","data":"\u003Clink rel=\u0022stylesheet\u0022 media=\u0022all\u0022 href=\u0022\/~gacetaua\/sites\/default\/files\/css\/css_mxJrjoKKAZuuB4_4f-B1u9VnFZxvSor3Az4JEdrFEso.css\u0022 \/\u003E\n\u003Clink rel=\u0022stylesheet\u0022 media=\u0022all\u0022 href=\u0022\/~gacetaua\/sites\/default\/files\/css\/css_-BXSGQpS8YTwwuXGbPoshUvZ7W-_HbYR3H7d0DA_mEY.css\u0022 \/\u003E\n\u003Clink rel=\u0022stylesheet\u0022 media=\u0022all\u0022 href=\u0022\/~gacetaua\/sites\/default\/files\/css\/css_89YreTu0npezhXSakRJR9TVHyBS9bTcyt0s3IckAe-M.css\u0022 \/\u003E\n"},{"command":"add_js","selector":"body","data":[{"src":"\/~gacetaua\/sites\/default\/files\/js\/js_9UaAhXvc9u0KYXXUw-OKyLP2baQxdV4zY3Y_KGurcvY.js"},{"src":"\/~gacetaua\/sites\/default\/files\/js\/js_oDJxUBLBzfRb_FDgNfkNOm9-tiatS2kNfxQIeVRZA7Y.js"},{"src":"\/~gacetaua\/sites\/default\/files\/js\/js_YM82KRuzNIr2X-Kb8pQW8cOcSbWgQ_QGKclTYJ_aMlI.js"},{"src":"\/~gacetaua\/sites\/default\/files\/js\/js_pqqsPPmPmxKgamY6qk_WSawtL05XH_yAY8GkPHVyahI.js"}]},{"command":"insert","method":"replaceWith","selector":".view-mode-full","data":"\u003Cdiv data-history-node-id=\u002217525\u0022 class=\u0022contenido view-mode-media_expanded ds-3col-equal clearfix\u0022\u003E\n\n  \n\n  \u003Cdiv class=\u0022area-medios group-left\u0022\u003E\n        \n                          \u003Cdiv  class=\u0022imagen\u0022 \u003E\n          \u003Cpicture\u003E\n                  \u003Csource srcset=\u0022\/~gacetaua\/sites\/default\/files\/styles\/max_650x650\/public\/2021-06\/Director%20FCAyS.webp?itok=wuerZx_Y 650w, \/~gacetaua\/sites\/default\/files\/styles\/max_1300x1300\/public\/2021-06\/Director%20FCAyS.webp?itok=VCeoSJ-- 1300w, \/~gacetaua\/sites\/default\/files\/styles\/max_1900x1900\/public\/2021-06\/Director%20FCAyS.webp?itok=AogSjhM8 1600w\u0022 type=\u0022image\/webp\u0022 sizes=\u0022100vw\u0022\/\u003E\n              \u003Csource srcset=\u0022\/~gacetaua\/sites\/default\/files\/styles\/max_650x650\/public\/2021-06\/Director%20FCAyS.jpg?itok=wuerZx_Y 650w, \/~gacetaua\/sites\/default\/files\/styles\/max_1300x1300\/public\/2021-06\/Director%20FCAyS.jpg?itok=VCeoSJ-- 1300w, \/~gacetaua\/sites\/default\/files\/styles\/max_1900x1900\/public\/2021-06\/Director%20FCAyS.jpg?itok=AogSjhM8 1600w\u0022 type=\u0022image\/jpeg\u0022 sizes=\u0022100vw\u0022\/\u003E\n                  \u003Cimg srcset=\u0022\/~gacetaua\/sites\/default\/files\/styles\/max_650x650\/public\/2021-06\/Director%20FCAyS.jpg?itok=wuerZx_Y 650w, \/~gacetaua\/sites\/default\/files\/styles\/max_1300x1300\/public\/2021-06\/Director%20FCAyS.jpg?itok=VCeoSJ-- 1300w, \/~gacetaua\/sites\/default\/files\/styles\/max_1900x1900\/public\/2021-06\/Director%20FCAyS.jpg?itok=AogSjhM8 1600w\u0022 sizes=\u0022100vw\u0022 src=\u0022\/~gacetaua\/sites\/default\/files\/styles\/max_1300x1300\/public\/2021-06\/Director%20FCAyS.jpg?itok=VCeoSJ--\u0022 alt=\u0022\u0022 typeof=\u0022foaf:Image\u0022 class=\u0022img-fluid\u0022 \/\u003E\n\n  \u003C\/picture\u003E\n\n\u003C\/div\u003E\n      \n  \n\n      \u003Cdiv  class=\u0022boton-expander\u0022\u003E\n        \n                  \u003Cdiv class=\u0022item-list\u0022\u003E\u003Cul\u003E\u003Cli\u003E\u003Ca href=\u0022\/%7egacetaua\/ds-switch-view-mode\/node\/17525\/media_collapsed?selector=view-mode-media_expanded\u0022 class=\u0022use-ajax\u0022\u003E\u2191\u003C\/a\u003E\u003C\/li\u003E\u003C\/ul\u003E\u003C\/div\u003E\n      \n  \n    \u003C\/div\u003E\n\n\n  \u003C\/div\u003E\n\n  \u003Cdiv class=\u0022area-info group-middle\u0022\u003E\n    \n\u003Cdiv  class=\u0022inner\u0022\u003E\n          \n                          \u003Ch2  class=\u0022titulo\u0022 \u003E\n        Designa Junta de Gobierno de UABC a director de Campus Ensenada\n\u003C\/h2\u003E\n      \n  \n\n    \n                          \u003Cdiv  class=\u0022resumen\u0022 \u003E\n      Tambi\u00e9n se nombra al director provisional del Instituto de Investigaciones Oceanol\u00f3gicas.\u003Cbr \/\u003E\r\n\u003C\/div\u003E\n      \n  \n\n\n\u003Cdiv  class=\u0022datos\u0022\u003E\n            \u003Cdiv  class=\u0022autor\u0022\u003E\n            \u003Cdiv  class=\u0022field-label-inline\u0022\u003EPor\u003C\/div\u003E\n  \n                  \u003Ca href=\u0022\/%7egacetaua\/autores\/angelica-gomez-y-paulina-moreno\u0022 hreflang=\u0022es\u0022\u003EAng\u00e9lica G\u00f3mez y Paulina Moreno \u003C\/a\u003E\n      \n  \n    \u003C\/div\u003E\n\n      \u003Cdiv  class=\u0022campus\u0022\u003E\n            \u003Cdiv  class=\u0022field-label-inline\u0022\u003ECampus\u003C\/div\u003E\n  \n                  \u003Ca href=\u0022\/%7egacetaua\/campus\/ensenada\u0022 hreflang=\u0022es\u0022\u003EEnsenada\u003C\/a\u003E\n      \n  \n    \u003C\/div\u003E\n\n    \n                          \u003Cdiv  class=\u0022fecha\u0022 \u003E\n      5 de Junio de 2021\u003C\/div\u003E\n      \n  \n\n\n  \u003C\/div\u003E\n    \n                          \u003Cdiv  class=\u0022texto\u0022 \u003E\n      \u003Cp\u003ESe llev\u00f3 a cabo una sesi\u00f3n virtual de la Junta de Gobierno de la Universidad Aut\u00f3noma de Baja California (UABC), en la que se design\u00f3 al maestro Jes\u00fas Antonio Padilla S\u00e1nchez como director de la Facultad de Ciencias Administrativas y Sociales (FCAyS) del Campus Ensenada para el periodo 2021-2025.\u003C\/p\u003E\n\n\u003Cp\u003EEl presidente de la Junta de Gobierno, doctor Benjam\u00edn Valdez Salas, felicit\u00f3 al reci\u00e9n nombrado director, a quien tambi\u00e9n exhort\u00f3 a trabajar en conjunto con cada uno de los miembros de su unidad acad\u00e9mica para lograr un bien com\u00fan y la mejora continua. Posteriormente, tom\u00f3 protesta al maestro Padilla S\u00e1nchez.\u003C\/p\u003E\n\n\u003Cp\u003EFelicit\u00f3 a los dem\u00e1s aspirantes que participaron en ambos procesos de designaci\u00f3n y los exhort\u00f3 a trabajar de la mano con la nueva direcci\u00f3n. Asimismo, coment\u00f3 que la Junta de Gobierno entregar\u00e1 una serie de recomendaciones que podr\u00e1n brindar una orientaci\u00f3n que permita seguir impulsando el trabajo realizado ante la comunidad universitaria.\u003C\/p\u003E\n\n\u003Cp\u003EEl rector de la UABC, doctor Daniel Octavio Valdez Delgadillo, atestigu\u00f3 el nombramiento y aprovech\u00f3 la ocasi\u00f3n para brindar su apoyo al reci\u00e9n nombrado director ya que ahora tiene un importante reto al vivir en una nueva normalidad originada por la pandemia. De igual manera, agradeci\u00f3 al maestro Cruz Hern\u00e1ndez, quien en los \u00faltimos cuatro a\u00f1os estuvo al frente de esta unidad acad\u00e9mica.\u003C\/p\u003E\n\n\u003Cp\u003EPor su parte, el maestro Padilla S\u00e1nchez, expres\u00f3 su agradecimiento a la Junta de Gobierno por su designaci\u00f3n al frente de la FCAyS. \u201cEs\u00a0un gran reto dadas las dimensiones de nuestra unidad acad\u00e9mica, pero estoy seguro que, con la participaci\u00f3n y el apoyo de todos los integrantes de nuestra comunidad, los cuales son muy valiosos, vamos a lograr nuestros objetivos\u201d.\u003C\/p\u003E\n\n\u003Cp\u003EEntre las metas por alcanzar, mencion\u00f3: mejorar los procesos de formaci\u00f3n, analizar las trayectorias escolares, elevar los niveles de resultados en los ex\u00e1menes generales de egreso y de las evaluaciones colegiadas, as\u00ed como consolidar la vinculaci\u00f3n. \u201cLa intenci\u00f3n es fortalecer el proceso educativo a trav\u00e9s de estas y otras actividades de\u00a0apoyo, para incidir en buenos resultados\u201d, puntualiz\u00f3.\u003C\/p\u003E\n\n\u003Cp\u003EEl maestro Padilla S\u00e1nchez est\u00e1 titulado de la Maestr\u00eda en Tecnolog\u00eda y Redes de Inform\u00e1tica. Desde el 2014 hasta la fecha se desempe\u00f1aba como subdirector de la FCAyS, donde tambi\u00e9n fue coordinador de las \u00e1reas de Servicio Social Etapa Profesional y de Formaci\u00f3n Profesional y Vinculaci\u00f3n Universitaria, entre otros cargos. Estuvo al frente del Departamento de Vinculaci\u00f3n, dependiente de la Coordinaci\u00f3n de Formaci\u00f3n Profesional y Vinculaci\u00f3n Universitaria en el periodo de 2012 a 2013.\u003C\/p\u003E\n\n\u003Cp\u003E\u00a0\u003C\/p\u003E\n\n\u003Cp\u003E\u003Cstrong\u003EToman protesta a director provisional del Instituto de Investigaciones Oceanol\u00f3gicas\u003C\/strong\u003E\u003C\/p\u003E\n\n\u003Cp\u003EEl\u003Cstrong\u003E\u00a0\u003C\/strong\u003Esecretario general de la instituci\u00f3n, doctor Edgar Ismael Alarc\u00f3n Meza, tom\u00f3 protesta al doctor Luis Walter Daessl\u00e9 Heuser como director provisional del Instituto de Investigaciones Oceanol\u00f3gicas (IIO).\u003C\/p\u003E\n\n\u003Cp\u003EEl doctor Alarc\u00f3n Meza inst\u00f3 a la comunidad del Instituto a colaborar con el trabajo del director provisional para continuar fortaleciendo las actividades sustantivas y que siga siendo un referente a nivel nacional e internacional. Se\u00f1al\u00f3 que la universidad tiene la confianza en que el doctor Daessl\u00e9 Heuser responder\u00e1 con esfuerzo y capacidad para cumplir con los retos del Instituto y de la UABC, como lo hizo en su momento el doctor Alejandro Cabello Pasini, a quien le sucede en el cargo.\u00a0\u003C\/p\u003E\n\n\u003Cp\u003EPor su parte, el director provisional expres\u00f3 el honor y privilegio que representa tener la oportunidad de dirigir los esfuerzos del Instituto de Oceanolog\u00eda, el m\u00e1s reconocido de M\u00e9xico, y sin duda, de Am\u00e9rica Latina. \u201cEn el IIO contamos con un impresionante andamiaje de infraestructura anal\u00edtica, laboratorios, insumos y flota vehicular, producto de la exitosa gesti\u00f3n de proyectos por parte de nuestros investigadores y t\u00e9cnicos acad\u00e9micos, adem\u00e1s de la visi\u00f3n de nuestros directores pasados y la confianza que en nosotros tienen las autoridades universitarias\u201d.\u003C\/p\u003E\n\n\u003Cp\u003EInvit\u00f3 a toda la comunidad del IIO a continuar trabajando como el gran equipo cimarr\u00f3n que son y\u00a0se comprometi\u00f3 a que durante su gesti\u00f3n como director provisional, construir\u00e1 cimientos a\u00fan m\u00e1s robustos para lograr grandes haza\u00f1as en un renovado ambiente de colaboraci\u00f3n y de planeaci\u00f3n.\u003C\/p\u003E\n\n\u003Cp\u003EEl doctor Luis Walter Daessl\u00e9 Heuser, es investigador nacional nivel II y cuenta con perfil Prodep. Tiene una trayectoria de 23 a\u00f1os como investigador y profesor, motivado por la labor de investigaci\u00f3n cient\u00edfica, extensionismo y docencia. Ha tenido la oportunidad de dedicar m\u00e1s de 15 a\u00f1os al apoyo de la gesti\u00f3n administrativa del Instituto, entre ellas subdirector del IIO en el periodo 2001-2005, confundador, gestor y coordinador del doctorado en Medio\u00a0Ambiente y Desarrollo,\u00a0coordinador editorial y difusi\u00f3n y editor en jefe de la Revista Ciencias Marinas, coordinador de Investigaci\u00f3n y Posgrado, jefe del \u00e1rea de Geoqu\u00edmica Ambiental y vicepresidente y presidente de las comisiones dictaminadoras\u00a0de Conacyt Ciencia B\u00e1sica.\u00a0\u003C\/p\u003E\n\n\u003Cp\u003E\u00a0\u003C\/p\u003E\n\n\u003Cp\u003E\u00a0\u003C\/p\u003E\n\n\u003Cp\u003E\u00a0\u003C\/p\u003E\u003C\/div\u003E\n      \n  \n\n    \n            \u003Cdiv  class=\u0022palabras-clave\u0022\u003E\n                        \u003Ca href=\u0022\/%7egacetaua\/tags\/toma-de-protesta\u0022 hreflang=\u0022es\u0022\u003EToma de protesta\u003C\/a\u003E\n                \u003Ca href=\u0022\/%7egacetaua\/tags\/directores\u0022 hreflang=\u0022es\u0022\u003EDirectores\u003C\/a\u003E\n                \u003Ca href=\u0022\/%7egacetaua\/tags\/fcays\u0022 hreflang=\u0022es\u0022\u003EFCAyS\u003C\/a\u003E\n                \u003Ca href=\u0022\/%7egacetaua\/tags\/iio\u0022 hreflang=\u0022es\u0022\u003EIIO\u003C\/a\u003E\n      \n      \u003C\/div\u003E\n  \n\n\n  \u003C\/div\u003E\n\n  \u003C\/div\u003E\n\n  \u003Cdiv class=\u0022area-extras group-right\u0022\u003E\n        \n                          \u003Cdiv  class=\u0022enlace-blockBottom\u0022 \u003E\n      \u003Cdiv\u003EVer m\u00e1s \u003Ca href=\u0022http:\/\/gaceta.uabc.mx\/notas\u0022\u003ENotas\u003C\/a\u003E\u003C\/div\u003E\n\u003C\/div\u003E\n      \n  \n\n\n  \u003C\/div\u003E\n\n\u003C\/div\u003E\n\n","settings":null}]