[{"command":"settings","settings":{"pluralDelimiter":"\u0003","suppressDeprecationErrors":true,"ajaxPageState":{"libraries":"core\/drupal.ajax,core\/picturefill,ds\/ds_3col_equal_width","theme":"gaceta","theme_token":null},"ajaxTrustedUrl":[],"field_group":{"html_element":{"mode":"media_expanded","context":"view","settings":{"classes":"datos","show_empty_fields":false,"id":"","element":"div","show_label":false,"label_element":"h3","label_element_classes":"","attributes":"","effect":"none","speed":"fast"}}},"user":{"uid":0,"permissionsHash":"55dc977d165ab1e05e51b6cc6487f6d73e65ab536d99ee82c6990d9001d5c21c"}},"merge":true},{"command":"add_css","data":"\u003Clink rel=\u0022stylesheet\u0022 media=\u0022all\u0022 href=\u0022\/~gacetaua\/sites\/default\/files\/css\/css_mxJrjoKKAZuuB4_4f-B1u9VnFZxvSor3Az4JEdrFEso.css\u0022 \/\u003E\n\u003Clink rel=\u0022stylesheet\u0022 media=\u0022all\u0022 href=\u0022\/~gacetaua\/sites\/default\/files\/css\/css_-BXSGQpS8YTwwuXGbPoshUvZ7W-_HbYR3H7d0DA_mEY.css\u0022 \/\u003E\n\u003Clink rel=\u0022stylesheet\u0022 media=\u0022all\u0022 href=\u0022\/~gacetaua\/sites\/default\/files\/css\/css_89YreTu0npezhXSakRJR9TVHyBS9bTcyt0s3IckAe-M.css\u0022 \/\u003E\n"},{"command":"add_js","selector":"body","data":[{"src":"\/~gacetaua\/sites\/default\/files\/js\/js_9UaAhXvc9u0KYXXUw-OKyLP2baQxdV4zY3Y_KGurcvY.js"},{"src":"\/~gacetaua\/sites\/default\/files\/js\/js_oDJxUBLBzfRb_FDgNfkNOm9-tiatS2kNfxQIeVRZA7Y.js"},{"src":"\/~gacetaua\/sites\/default\/files\/js\/js_YM82KRuzNIr2X-Kb8pQW8cOcSbWgQ_QGKclTYJ_aMlI.js"},{"src":"\/~gacetaua\/sites\/default\/files\/js\/js_pqqsPPmPmxKgamY6qk_WSawtL05XH_yAY8GkPHVyahI.js"}]},{"command":"insert","method":"replaceWith","selector":".view-mode-full","data":"\u003Cdiv data-history-node-id=\u002217540\u0022 class=\u0022contenido view-mode-media_expanded ds-3col-equal clearfix\u0022\u003E\n\n  \n\n  \u003Cdiv class=\u0022area-medios group-left\u0022\u003E\n        \n                          \u003Cdiv  class=\u0022imagen\u0022 \u003E\n          \u003Cpicture\u003E\n                  \u003Csource srcset=\u0022\/~gacetaua\/sites\/default\/files\/styles\/max_650x650\/public\/2021-06\/IIDE.webp?itok=8gbB-3bQ 650w, \/~gacetaua\/sites\/default\/files\/styles\/max_1300x1300\/public\/2021-06\/IIDE.webp?itok=8E4FjgLd 1300w, \/~gacetaua\/sites\/default\/files\/styles\/max_1900x1900\/public\/2021-06\/IIDE.webp?itok=N8F9NhTL 1600w\u0022 type=\u0022image\/webp\u0022 sizes=\u0022100vw\u0022\/\u003E\n              \u003Csource srcset=\u0022\/~gacetaua\/sites\/default\/files\/styles\/max_650x650\/public\/2021-06\/IIDE.jpg?itok=8gbB-3bQ 650w, \/~gacetaua\/sites\/default\/files\/styles\/max_1300x1300\/public\/2021-06\/IIDE.jpg?itok=8E4FjgLd 1300w, \/~gacetaua\/sites\/default\/files\/styles\/max_1900x1900\/public\/2021-06\/IIDE.jpg?itok=N8F9NhTL 1600w\u0022 type=\u0022image\/jpeg\u0022 sizes=\u0022100vw\u0022\/\u003E\n                  \u003Cimg srcset=\u0022\/~gacetaua\/sites\/default\/files\/styles\/max_650x650\/public\/2021-06\/IIDE.jpg?itok=8gbB-3bQ 650w, \/~gacetaua\/sites\/default\/files\/styles\/max_1300x1300\/public\/2021-06\/IIDE.jpg?itok=8E4FjgLd 1300w, \/~gacetaua\/sites\/default\/files\/styles\/max_1900x1900\/public\/2021-06\/IIDE.jpg?itok=N8F9NhTL 1600w\u0022 sizes=\u0022100vw\u0022 src=\u0022\/~gacetaua\/sites\/default\/files\/styles\/max_1300x1300\/public\/2021-06\/IIDE.jpg?itok=8E4FjgLd\u0022 alt=\u0022\u0022 typeof=\u0022foaf:Image\u0022 class=\u0022img-fluid\u0022 \/\u003E\n\n  \u003C\/picture\u003E\n\n\u003C\/div\u003E\n      \n  \n\n      \u003Cdiv  class=\u0022boton-expander\u0022\u003E\n        \n                  \u003Cdiv class=\u0022item-list\u0022\u003E\u003Cul\u003E\u003Cli\u003E\u003Ca href=\u0022\/%7egacetaua\/ds-switch-view-mode\/node\/17540\/media_collapsed?selector=view-mode-media_expanded\u0022 class=\u0022use-ajax\u0022\u003E\u2191\u003C\/a\u003E\u003C\/li\u003E\u003C\/ul\u003E\u003C\/div\u003E\n      \n  \n    \u003C\/div\u003E\n\n\n  \u003C\/div\u003E\n\n  \u003Cdiv class=\u0022area-info group-middle\u0022\u003E\n    \n\u003Cdiv  class=\u0022inner\u0022\u003E\n          \n                          \u003Ch2  class=\u0022titulo\u0022 \u003E\n        Firma convenio UABC con Universidad de Twente\n\u003C\/h2\u003E\n      \n  \n\n    \n                          \u003Cdiv  class=\u0022resumen\u0022 \u003E\n      Para desarrollar e implementar actividades acad\u00e9micas y de investigaci\u00f3n\u003Cbr \/\u003E\r\n\u003C\/div\u003E\n      \n  \n\n\n\u003Cdiv  class=\u0022datos\u0022\u003E\n            \u003Cdiv  class=\u0022autor\u0022\u003E\n            \u003Cdiv  class=\u0022field-label-inline\u0022\u003EPor\u003C\/div\u003E\n  \n                  \u003Ca href=\u0022\/%7egacetaua\/autores\/vannessa-lucia-sandoval-benavides\u0022 hreflang=\u0022es\u0022\u003EVannessa Luc\u00eda Sandoval Benavides\u003C\/a\u003E\n      \n  \n    \u003C\/div\u003E\n\n      \u003Cdiv  class=\u0022campus\u0022\u003E\n            \u003Cdiv  class=\u0022field-label-inline\u0022\u003ECampus\u003C\/div\u003E\n  \n                  \u003Ca href=\u0022\/%7egacetaua\/campus\/ensenada\u0022 hreflang=\u0022es\u0022\u003EEnsenada\u003C\/a\u003E\n      \n  \n    \u003C\/div\u003E\n\n    \n                          \u003Cdiv  class=\u0022fecha\u0022 \u003E\n      7 de Junio de 2021\u003C\/div\u003E\n      \n  \n\n\n  \u003C\/div\u003E\n    \n                          \u003Cdiv  class=\u0022texto\u0022 \u003E\n      \u003Cp\u003ELa UABC y la Facultad de Ciencia y Tecnolog\u00eda de la Universidad de Twente de Enschede, Pa\u00edses Bajos, firmaron convenio de colaboraci\u00f3n interinstitucional con el prop\u00f3sito de establecer un marco de oportunidad para desarrollar e implementar actividades acad\u00e9micas y de investigaci\u00f3n en beneficio de ambas instituciones educativas.\u003C\/p\u003E\n\n\u003Cp\u003EEl convenio fue firmado por el rector de la UABC, doctor Daniel Octavio Valdez Delgadillo y por la decana de la Facultad de Ciencia y Tecnolog\u00eda, doctora Jennifer Herek; fue promovido por Jos\u00e9 Alfredo \u00c1lvarez Ch\u00e1vez de la Universidad de Twente y la doctora Katiuska Fern\u00e1ndez Morales del Instituto de Investigaci\u00f3n y Desarrollo Educativo de la UABC, durante su estancia en los Pa\u00edses Bajos en 2019.\u003C\/p\u003E\n\n\u003Cp\u003ETanto la UABC como la Universidad de Twente se reconocen como instituciones p\u00fablicas con intereses en com\u00fan en el \u00e1rea de investigaci\u00f3n, educaci\u00f3n, problemas ambientales, transferencia de tecnolog\u00eda y difusi\u00f3n de conocimientos con base no comercial. Particularmente, los programas educativos e investigaciones de la Facultad de Ciencia y Tecnolog\u00eda de Twente se enfocan al desarrollo de tecnolog\u00eda y su impacto en la sociedad.\u00a0\u003C\/p\u003E\n\n\u003Cp\u003EAmbas instituciones acordaron colaborar en el establecimiento de programas educativos conjuntos en los niveles de licenciatura y posgrado; promover el intercambio de personal con el inter\u00e9s de aportar en las \u00e1reas de docencia e investigaci\u00f3n colaborativa; contribuir en la organizaci\u00f3n de programas, talleres y seminarios conjuntos para la difusi\u00f3n de conocimientos a los profesionales del \u00e1rea; proporcionar informaci\u00f3n sobre las actividades de investigaci\u00f3n en curso con el fin de establecer contacto y colaboraci\u00f3n entre profesionales del mismo campo; y buscar recursos de financiamiento en beneficio de ambos socios.\u003C\/p\u003E\n\n\u003Cp\u003EEl acuerdo se firm\u00f3 por un periodo de un a\u00f1o con posibilidad de renovaci\u00f3n a cinco a\u00f1os, con el prop\u00f3sito de continuar el trabajo de colaboraci\u00f3n internacional y contribuci\u00f3n al desarrollo de la sociedad, a partir de sus objetivos en com\u00fan y metodolog\u00edas complementarias de investigaci\u00f3n.\u00a0\u003C\/p\u003E\n\n\u003Cp\u003EPara lograr este convenio de cooperaci\u00f3n la gesti\u00f3n se realiz\u00f3 desde la Coordinaci\u00f3n General de Vinculaci\u00f3n y Cooperaci\u00f3n Acad\u00e9mica, a cargo del doctor David Guadalupe Toledo Sarracino.\u003C\/p\u003E\n\n\u003Cp\u003E\u00a0\u003C\/p\u003E\u003C\/div\u003E\n      \n  \n\n    \n            \u003Cdiv  class=\u0022palabras-clave\u0022\u003E\n                        \u003Ca href=\u0022\/%7egacetaua\/tags\/universidad-de-twente\u0022 hreflang=\u0022es\u0022\u003EUniversidad de Twente\u003C\/a\u003E\n                \u003Ca href=\u0022\/%7egacetaua\/tags\/convenio\u0022 hreflang=\u0022es\u0022\u003EConvenio\u003C\/a\u003E\n                \u003Ca href=\u0022\/%7egacetaua\/tags\/iide\u0022 hreflang=\u0022es\u0022\u003EIIDE\u003C\/a\u003E\n      \n      \u003C\/div\u003E\n  \n\n\n  \u003C\/div\u003E\n\n  \u003C\/div\u003E\n\n  \u003Cdiv class=\u0022area-extras group-right\u0022\u003E\n        \n                          \u003Cdiv  class=\u0022enlace-blockBottom\u0022 \u003E\n      \u003Cdiv\u003EVer m\u00e1s \u003Ca href=\u0022http:\/\/gaceta.uabc.mx\/notas\u0022\u003ENotas\u003C\/a\u003E\u003C\/div\u003E\n\u003C\/div\u003E\n      \n  \n\n\n  \u003C\/div\u003E\n\n\u003C\/div\u003E\n\n","settings":null}]