[{"command":"settings","settings":{"pluralDelimiter":"\u0003","suppressDeprecationErrors":true,"ajaxPageState":{"libraries":"core\/drupal.ajax,core\/picturefill,ds\/ds_3col_equal_width","theme":"gaceta","theme_token":null},"ajaxTrustedUrl":[],"field_group":{"html_element":{"mode":"media_expanded","context":"view","settings":{"classes":"datos","show_empty_fields":false,"id":"","element":"div","show_label":false,"label_element":"h3","label_element_classes":"","attributes":"","effect":"none","speed":"fast"}}},"user":{"uid":0,"permissionsHash":"55dc977d165ab1e05e51b6cc6487f6d73e65ab536d99ee82c6990d9001d5c21c"}},"merge":true},{"command":"add_css","data":"\u003Clink rel=\u0022stylesheet\u0022 media=\u0022all\u0022 href=\u0022\/~gacetaua\/sites\/default\/files\/css\/css_mxJrjoKKAZuuB4_4f-B1u9VnFZxvSor3Az4JEdrFEso.css\u0022 \/\u003E\n\u003Clink rel=\u0022stylesheet\u0022 media=\u0022all\u0022 href=\u0022\/~gacetaua\/sites\/default\/files\/css\/css_-BXSGQpS8YTwwuXGbPoshUvZ7W-_HbYR3H7d0DA_mEY.css\u0022 \/\u003E\n\u003Clink rel=\u0022stylesheet\u0022 media=\u0022all\u0022 href=\u0022\/~gacetaua\/sites\/default\/files\/css\/css_89YreTu0npezhXSakRJR9TVHyBS9bTcyt0s3IckAe-M.css\u0022 \/\u003E\n"},{"command":"add_js","selector":"body","data":[{"src":"\/~gacetaua\/sites\/default\/files\/js\/js_9UaAhXvc9u0KYXXUw-OKyLP2baQxdV4zY3Y_KGurcvY.js"},{"src":"\/~gacetaua\/sites\/default\/files\/js\/js_oDJxUBLBzfRb_FDgNfkNOm9-tiatS2kNfxQIeVRZA7Y.js"},{"src":"\/~gacetaua\/sites\/default\/files\/js\/js_YM82KRuzNIr2X-Kb8pQW8cOcSbWgQ_QGKclTYJ_aMlI.js"},{"src":"\/~gacetaua\/sites\/default\/files\/js\/js_pqqsPPmPmxKgamY6qk_WSawtL05XH_yAY8GkPHVyahI.js"}]},{"command":"insert","method":"replaceWith","selector":".view-mode-full","data":"\u003Cdiv data-history-node-id=\u002217609\u0022 class=\u0022contenido view-mode-media_expanded ds-3col-equal clearfix\u0022\u003E\n\n  \n\n  \u003Cdiv class=\u0022area-medios group-left\u0022\u003E\n        \n                          \u003Cdiv  class=\u0022imagen\u0022 \u003E\n          \u003Cpicture\u003E\n                  \u003Csource srcset=\u0022\/~gacetaua\/sites\/default\/files\/styles\/max_650x650\/public\/2021-06\/2%20%288%29.webp?itok=vah7e-o0 650w, \/~gacetaua\/sites\/default\/files\/styles\/max_1900x1900\/public\/2021-06\/2%20%288%29.webp?itok=245xYrqr 1280w\u0022 type=\u0022image\/webp\u0022 sizes=\u0022100vw\u0022\/\u003E\n              \u003Csource srcset=\u0022\/~gacetaua\/sites\/default\/files\/styles\/max_650x650\/public\/2021-06\/2%20%288%29.jpeg?itok=vah7e-o0 650w, \/~gacetaua\/sites\/default\/files\/styles\/max_1900x1900\/public\/2021-06\/2%20%288%29.jpeg?itok=245xYrqr 1280w\u0022 type=\u0022image\/jpeg\u0022 sizes=\u0022100vw\u0022\/\u003E\n                  \u003Cimg srcset=\u0022\/~gacetaua\/sites\/default\/files\/styles\/max_650x650\/public\/2021-06\/2%20%288%29.jpeg?itok=vah7e-o0 650w, \/~gacetaua\/sites\/default\/files\/styles\/max_1900x1900\/public\/2021-06\/2%20%288%29.jpeg?itok=245xYrqr 1280w\u0022 sizes=\u0022100vw\u0022 src=\u0022\/~gacetaua\/sites\/default\/files\/styles\/max_1300x1300\/public\/2021-06\/2%20%288%29.jpeg?itok=ovw8ZMUf\u0022 alt=\u0022\u0022 typeof=\u0022foaf:Image\u0022 class=\u0022img-fluid\u0022 \/\u003E\n\n  \u003C\/picture\u003E\n\n\u003C\/div\u003E\n      \n  \n\n      \u003Cdiv  class=\u0022boton-expander\u0022\u003E\n        \n                  \u003Cdiv class=\u0022item-list\u0022\u003E\u003Cul\u003E\u003Cli\u003E\u003Ca href=\u0022\/%7egacetaua\/ds-switch-view-mode\/node\/17609\/media_collapsed?selector=view-mode-media_expanded\u0022 class=\u0022use-ajax\u0022\u003E\u2191\u003C\/a\u003E\u003C\/li\u003E\u003C\/ul\u003E\u003C\/div\u003E\n      \n  \n    \u003C\/div\u003E\n\n\n  \u003C\/div\u003E\n\n  \u003Cdiv class=\u0022area-info group-middle\u0022\u003E\n    \n\u003Cdiv  class=\u0022inner\u0022\u003E\n          \n                          \u003Ch2  class=\u0022titulo\u0022 \u003E\n        Incrementa UABC espacios y nueva oferta educativa\n\u003C\/h2\u003E\n      \n  \n\n    \n                          \u003Cdiv  class=\u0022resumen\u0022 \u003E\n      Para el pr\u00f3ximo ciclo escolar en el que ingresar\u00e1n 25,750 de los 29,248 aspirantes.\u003Cbr \/\u003E\r\n\u003C\/div\u003E\n      \n  \n\n\n\u003Cdiv  class=\u0022datos\u0022\u003E\n            \u003Cdiv  class=\u0022campus\u0022\u003E\n            \u003Cdiv  class=\u0022field-label-inline\u0022\u003ECampus\u003C\/div\u003E\n  \n                  \u003Ca href=\u0022\/%7egacetaua\/campus\/uabc\u0022 hreflang=\u0022es\u0022\u003EUABC\u003C\/a\u003E\n      \n  \n    \u003C\/div\u003E\n\n    \n                          \u003Cdiv  class=\u0022fecha\u0022 \u003E\n      16 de Junio de 2021\u003C\/div\u003E\n      \n  \n\n\n  \u003C\/div\u003E\n    \n                          \u003Cdiv  class=\u0022texto\u0022 \u003E\n      \u003Cp\u003ELa Universidad Aut\u00f3noma de Baja California (UABC) increment\u00f3 significativamente sus espacios educativos en los tres campus universitarios para el ciclo escolar 2021-2 y 2022-1, lo que representa que cada vez es m\u00e1s estrecha la brecha entre el n\u00famero de demandantes con el n\u00famero de admitidos.\u003C\/p\u003E\n\n\u003Cp\u003EA nivel institucional la matr\u00edcula increment\u00f3 m\u00e1s del 16% en relaci\u00f3n a la convocatoria del periodo anterior, ya que se abrieron 3,570 nuevos espacios e ingresar\u00e1n 25,750 aspirantes de los 29,248 que atendieron la convocatoria de ingreso.\u003C\/p\u003E\n\n\u003Cp\u003EAs\u00ed lo anunci\u00f3 en rueda de prensa el rector, doctor Daniel Octavio Valdez Delgadillo donde tambi\u00e9n inform\u00f3 que existe la posibilidad de llegar al 88% de aspirantes a ingresar admitidos siempre y cuando se ocupen todos los lugares al concluir el proceso de segunda opci\u00f3n de carrera.\u003C\/p\u003E\n\n\u003Cp\u003EPlante\u00f3 que el plan institucional para ampliar la oferta educativa e incrementar la matr\u00edcula est\u00e1 basada en tres estrategias espec\u00edficas: incremento de matr\u00edcula en programas y sedes existentes; nueva oferta educativa en sedes existentes, e incremento de matr\u00edcula en programas de salud.\u003C\/p\u003E\n\n\u003Cp\u003EPara la estrategia de incremento de matr\u00edcula en programas y sedes existentes se ha considerado incrementar un total de 405 nuevos espacios en el Campus Ensenada; 1,420 en el Campus Mexicali y 1,745 en el Campus Tijuana.\u003C\/p\u003E\n\n\u003Cp\u003ELo anterior se puede lograr al ampliar el tronco com\u00fan en las \u00e1reas de Ingenier\u00eda, Ciencias Sociales, Contable-Administrativa, Ciencias Econ\u00f3micas y Pol\u00edticas, Arquitectura y Dise\u00f1o, Idiomas y Ciencias Agropecuarias, as\u00ed como en los programas educativos de M\u00e9dico, Cirujano Dentista y en las licenciaturas en Enfermer\u00eda, Derecho, Actividad F\u00edsica y Deporte, Ciencias de la Comunicaci\u00f3n, Medios Audiovisuales e Historia.\u003C\/p\u003E\n\n\u003Cp\u003ESobre la estrategia de nueva oferta educativa en sedes existentes, el rector se\u00f1al\u00f3 que se impartir\u00e1n las licenciaturas en Gastronom\u00eda y Derecho en la Unidad San Felipe; las licenciaturas en Derecho y Ciencias de la Educaci\u00f3n en la Unidad Guadalupe Victoria; el programa educativo de Ingeniero en Agronegocios en la Unidad San Quint\u00edn y en el Campus Mexicali, adem\u00e1s de la Licenciatura en Gastronom\u00eda en el Campus Tijuana.\u003C\/p\u003E\n\n\u003Cp\u003EEn cuanto a la tercera estrategia relacionada con el incremento de matr\u00edcula en programas de salud, se ofrecer\u00e1n 1,070 nuevos espacios distribuidos en Medicina, Enfermer\u00eda, Odontolog\u00eda, Psicolog\u00eda y Nutrici\u00f3n. Esto se lograr\u00e1 con la habilitaci\u00f3n del Centro Universitario de Educaci\u00f3n en Salud (CUES), ubicado en el edificio que albergaba las oficinas del Gobierno del Estado en Tijuana y que fue donado a la UABC.\u003C\/p\u003E\n\n\u003Cp\u003EDe igual manera, el doctor Valdez Delgadillo mencion\u00f3 que es prioritario invertir en la rehabilitaci\u00f3n de edificios y en la construcci\u00f3n de nueva infraestructura para atender la demanda educativa, para lo cual se requiere un recurso total de 714,840,633 millones de pesos, los cuales se invertir\u00e1n en m\u00e1s de 18 proyectos que se tienen contemplados para este 2021 y 2022.\u003C\/p\u003E\n\n\u003Cp\u003EEntre los proyectos emblem\u00e1ticos que present\u00f3 en la rueda de prensa se encuentran: la remodelaci\u00f3n del CUES en el Campus Tijuana; la construcci\u00f3n de edificios de aulas, laboratorios y edificio de restaurante para la Facultad de Enolog\u00eda y Gastronom\u00eda en el ejido El Porvenir del Campus Ensenada, as\u00ed como la construcci\u00f3n de un edificio de artes pl\u00e1sticas y escultura para la Facultad de Artes del Campus Mexicali. \u201cEstos son solo tres proyectos emblem\u00e1ticos de los muchos que se van a realizar y que son parte del esfuerzo de la UABC para que los j\u00f3venes tengan un espacio donde formarse profesionalmente\u201d, puntualiz\u00f3 el doctor Valdez Delgadillo.\u003C\/p\u003E\n\n\u003Cp\u003EEn la misma rueda de prensa, el doctor Luis Enrique Palafox Maestre, coordinador general de Servicios Estudiantiles y Gesti\u00f3n Escolar, abord\u00f3 algunos datos relevantes sobre la Convocatoria del Concurso de Selecci\u00f3n 2021-2 y 2022-1 que actualmente est\u00e1 en proceso.\u003C\/p\u003E\n\n\u003Cp\u003EMencion\u00f3 que para considerar el incremento de espacios educativos se llev\u00f3 a cabo una revisi\u00f3n y an\u00e1lisis de los programas educativos en los cuales la oferta no era suficiente para cubrir la demanda y que los directores de las unidades acad\u00e9micas realizaron un an\u00e1lisis de diversos requerimientos asociados con la planta docente, la infraestructura y el equipamiento existentes.\u003C\/p\u003E\n\n\u003Cp\u003EDe igual manera, expuso que se cuentan con 6,908 espacios disponibles para segunda opci\u00f3n de carrera para aquellos aspirantes que no fueron seleccionados, quienes deben estar atentos a las indicaciones que emita la Coordinaci\u00f3n General de Servicios Estudiantiles y Gesti\u00f3n Escolar.\u003C\/p\u003E\n\n\u003Cp\u003ETambi\u00e9n conformaron el pres\u00eddium el doctor Edgar Ismael Alarc\u00f3n Meza, secretario general de la UABC; la contadora Gabriela Rosas Baz\u00faa, tesorera de la UABC; y el maestro Alberto Guerrero Reyes, secretario de Rector\u00eda y Comunicaci\u00f3n Institucional de la UABC.\u003C\/p\u003E\n\n\u003Cp\u003E\u00a0\u003C\/p\u003E\n\u003Cimg alt=\u0022Imagen eliminada.\u0022 data-entity-type=\u0022file\u0022 data-entity-uuid=\u0022f0c77632-eaa5-4174-a90f-f3aa2c24188b\u0022 src=\u0022\/~gacetaua\/sites\/default\/files\/inline-images\/1%20%288%29.jpeg\u0022 class=\u0022align-center filter-image-invalid\u0022 title=\u0022Esta imagen se ha eliminado. Por razones de seguridad, s\u00f3lo se permiten im\u00e1genes de dominio local.\u0022 height=\u002216\u0022 width=\u002216\u0022 \/\u003E\u003Cp\u003E\u00a0\u003C\/p\u003E\n\u003Cimg alt=\u0022Imagen eliminada.\u0022 data-entity-type=\u0022file\u0022 data-entity-uuid=\u002282572dec-43b6-47b6-a01d-b52af71f9d6a\u0022 src=\u0022\/~gacetaua\/sites\/default\/files\/inline-images\/3%20%283%29.jpeg\u0022 class=\u0022align-center filter-image-invalid\u0022 title=\u0022Esta imagen se ha eliminado. Por razones de seguridad, s\u00f3lo se permiten im\u00e1genes de dominio local.\u0022 height=\u002216\u0022 width=\u002216\u0022 \/\u003E\u003Cp\u003EFotos: Armando Ru\u00edz.\u003C\/p\u003E\n\n\u003Cp\u003E\u00a0\u003C\/p\u003E\u003C\/div\u003E\n      \n  \n\n    \n            \u003Cdiv  class=\u0022palabras-clave\u0022\u003E\n                        \u003Ca href=\u0022\/%7egacetaua\/tags\/rector-uabc\u0022 hreflang=\u0022es\u0022\u003ERector UABC\u003C\/a\u003E\n                \u003Ca href=\u0022\/%7egacetaua\/tags\/oferta-educativa\u0022 hreflang=\u0022es\u0022\u003EOferta Educativa\u003C\/a\u003E\n      \n      \u003C\/div\u003E\n  \n\n\n  \u003C\/div\u003E\n\n  \u003C\/div\u003E\n\n  \u003Cdiv class=\u0022area-extras group-right\u0022\u003E\n        \n                          \u003Cdiv  class=\u0022enlace-blockBottom\u0022 \u003E\n      \u003Cdiv\u003EVer m\u00e1s \u003Ca href=\u0022http:\/\/gaceta.uabc.mx\/notas\u0022\u003ENotas\u003C\/a\u003E\u003C\/div\u003E\n\u003C\/div\u003E\n      \n  \n\n\n  \u003C\/div\u003E\n\n\u003C\/div\u003E\n\n","settings":null}]