[{"command":"settings","settings":{"pluralDelimiter":"\u0003","suppressDeprecationErrors":true,"ajaxPageState":{"libraries":"core\/drupal.ajax,core\/picturefill,ds\/ds_3col_equal_width","theme":"gaceta","theme_token":null},"ajaxTrustedUrl":[],"field_group":{"html_element":{"mode":"media_expanded","context":"view","settings":{"classes":"datos","show_empty_fields":false,"id":"","element":"div","show_label":false,"label_element":"h3","label_element_classes":"","attributes":"","effect":"none","speed":"fast"}}},"user":{"uid":0,"permissionsHash":"55dc977d165ab1e05e51b6cc6487f6d73e65ab536d99ee82c6990d9001d5c21c"}},"merge":true},{"command":"add_css","data":"\u003Clink rel=\u0022stylesheet\u0022 media=\u0022all\u0022 href=\u0022\/~gacetaua\/sites\/default\/files\/css\/css_mxJrjoKKAZuuB4_4f-B1u9VnFZxvSor3Az4JEdrFEso.css\u0022 \/\u003E\n\u003Clink rel=\u0022stylesheet\u0022 media=\u0022all\u0022 href=\u0022\/~gacetaua\/sites\/default\/files\/css\/css_-BXSGQpS8YTwwuXGbPoshUvZ7W-_HbYR3H7d0DA_mEY.css\u0022 \/\u003E\n\u003Clink rel=\u0022stylesheet\u0022 media=\u0022all\u0022 href=\u0022\/~gacetaua\/sites\/default\/files\/css\/css_89YreTu0npezhXSakRJR9TVHyBS9bTcyt0s3IckAe-M.css\u0022 \/\u003E\n"},{"command":"add_js","selector":"body","data":[{"src":"\/~gacetaua\/sites\/default\/files\/js\/js_9UaAhXvc9u0KYXXUw-OKyLP2baQxdV4zY3Y_KGurcvY.js"},{"src":"\/~gacetaua\/sites\/default\/files\/js\/js_oDJxUBLBzfRb_FDgNfkNOm9-tiatS2kNfxQIeVRZA7Y.js"},{"src":"\/~gacetaua\/sites\/default\/files\/js\/js_YM82KRuzNIr2X-Kb8pQW8cOcSbWgQ_QGKclTYJ_aMlI.js"},{"src":"\/~gacetaua\/sites\/default\/files\/js\/js_pqqsPPmPmxKgamY6qk_WSawtL05XH_yAY8GkPHVyahI.js"}]},{"command":"insert","method":"replaceWith","selector":".view-mode-full","data":"\u003Cdiv data-history-node-id=\u00221787\u0022 class=\u0022contenido view-mode-media_expanded ds-3col-equal clearfix\u0022\u003E\n\n  \n\n  \u003Cdiv class=\u0022area-medios group-left\u0022\u003E\n        \n                          \u003Cdiv  class=\u0022imagen\u0022 \u003E\n          \u003Cpicture\u003E\n                  \u003Csource srcset=\u0022\/~gacetaua\/sites\/default\/files\/styles\/max_650x650\/public\/2017-10\/Efect%C3%BAan%20taller%20sobre%20publicaci%C3%B3n%20de%20trabajos.webp?itok=1JgBSi33 650w, \/~gacetaua\/sites\/default\/files\/styles\/max_1300x1300\/public\/2017-10\/Efect%C3%BAan%20taller%20sobre%20publicaci%C3%B3n%20de%20trabajos.webp?itok=TllFRvKB 1300w, \/~gacetaua\/sites\/default\/files\/styles\/max_1900x1900\/public\/2017-10\/Efect%C3%BAan%20taller%20sobre%20publicaci%C3%B3n%20de%20trabajos.webp?itok=5QHaDols 1900w\u0022 type=\u0022image\/webp\u0022 sizes=\u0022100vw\u0022\/\u003E\n              \u003Csource srcset=\u0022\/~gacetaua\/sites\/default\/files\/styles\/max_650x650\/public\/2017-10\/Efect%C3%BAan%20taller%20sobre%20publicaci%C3%B3n%20de%20trabajos.jpg?itok=1JgBSi33 650w, \/~gacetaua\/sites\/default\/files\/styles\/max_1300x1300\/public\/2017-10\/Efect%C3%BAan%20taller%20sobre%20publicaci%C3%B3n%20de%20trabajos.jpg?itok=TllFRvKB 1300w, \/~gacetaua\/sites\/default\/files\/styles\/max_1900x1900\/public\/2017-10\/Efect%C3%BAan%20taller%20sobre%20publicaci%C3%B3n%20de%20trabajos.jpg?itok=5QHaDols 1900w\u0022 type=\u0022image\/jpeg\u0022 sizes=\u0022100vw\u0022\/\u003E\n                  \u003Cimg srcset=\u0022\/~gacetaua\/sites\/default\/files\/styles\/max_650x650\/public\/2017-10\/Efect%C3%BAan%20taller%20sobre%20publicaci%C3%B3n%20de%20trabajos.jpg?itok=1JgBSi33 650w, \/~gacetaua\/sites\/default\/files\/styles\/max_1300x1300\/public\/2017-10\/Efect%C3%BAan%20taller%20sobre%20publicaci%C3%B3n%20de%20trabajos.jpg?itok=TllFRvKB 1300w, \/~gacetaua\/sites\/default\/files\/styles\/max_1900x1900\/public\/2017-10\/Efect%C3%BAan%20taller%20sobre%20publicaci%C3%B3n%20de%20trabajos.jpg?itok=5QHaDols 1900w\u0022 sizes=\u0022100vw\u0022 src=\u0022\/~gacetaua\/sites\/default\/files\/styles\/max_1300x1300\/public\/2017-10\/Efect%C3%BAan%20taller%20sobre%20publicaci%C3%B3n%20de%20trabajos.jpg?itok=TllFRvKB\u0022 alt=\u0022Taller_Gu\u00eda para publicar_Emerald Publishing_Investigaciones_Tesis\u0022 typeof=\u0022foaf:Image\u0022 class=\u0022img-fluid\u0022 \/\u003E\n\n  \u003C\/picture\u003E\n\n\u003C\/div\u003E\n      \n  \n\n      \u003Cdiv  class=\u0022boton-expander\u0022\u003E\n        \n                  \u003Cdiv class=\u0022item-list\u0022\u003E\u003Cul\u003E\u003Cli\u003E\u003Ca href=\u0022\/%7egacetaua\/ds-switch-view-mode\/node\/1787\/media_collapsed?selector=view-mode-media_expanded\u0022 class=\u0022use-ajax\u0022\u003E\u2191\u003C\/a\u003E\u003C\/li\u003E\u003C\/ul\u003E\u003C\/div\u003E\n      \n  \n    \u003C\/div\u003E\n\n\n  \u003C\/div\u003E\n\n  \u003Cdiv class=\u0022area-info group-middle\u0022\u003E\n    \n\u003Cdiv  class=\u0022inner\u0022\u003E\n          \n                          \u003Ch2  class=\u0022titulo\u0022 \u003E\n        Efect\u00faan taller sobre publicaci\u00f3n de trabajos\n\u003C\/h2\u003E\n      \n  \n\n    \n                          \u003Cdiv  class=\u0022resumen\u0022 \u003E\n      Ofrecen una gu\u00eda para el proceso de publicar.\u003C\/div\u003E\n      \n  \n\n\n\u003Cdiv  class=\u0022datos\u0022\u003E\n            \u003Cdiv  class=\u0022autor\u0022\u003E\n            \u003Cdiv  class=\u0022field-label-inline\u0022\u003EPor\u003C\/div\u003E\n  \n                  \u003Ca href=\u0022\/%7egacetaua\/autores\/alejandra-rodriguez-montoya\u0022 hreflang=\u0022es\u0022\u003EAlejandra Rodr\u00edguez Montoya\u003C\/a\u003E\n      \n  \n    \u003C\/div\u003E\n\n      \u003Cdiv  class=\u0022campus\u0022\u003E\n            \u003Cdiv  class=\u0022field-label-inline\u0022\u003ECampus\u003C\/div\u003E\n  \n                  \u003Ca href=\u0022\/%7egacetaua\/campus\/tijuana\u0022 hreflang=\u0022es\u0022\u003ETijuana\u003C\/a\u003E\n      \n  \n    \u003C\/div\u003E\n\n    \n                          \u003Cdiv  class=\u0022fecha\u0022 \u003E\n      12 de Octubre de 2017\u003C\/div\u003E\n      \n  \n\n\n  \u003C\/div\u003E\n    \n                          \u003Cdiv  class=\u0022texto\u0022 \u003E\n      \u003Cp\u003EEn la biblioteca de UABC Campus Tijuana se imparti\u00f3 el taller \u201cGu\u00eda para publicar\u201d, el cual estuvo a cargo de Renata Garc\u00eda, representante de Emerald Publishing para Latinoam\u00e9rica.\u003C\/p\u003E\n\n\u003Cp\u003ETuvo como finalidad orientar a los alumnos de licenciatura, maestr\u00eda o posgrado en el proceso de publicaci\u00f3n de trabajos de tesis e investigaciones.\u003C\/p\u003E\n\n\u003Cp\u003EEl curso se present\u00f3 siguiendo una l\u00ednea desde el deseo de publicar; el proceso de revisi\u00f3n; los retos a los que se enfrentan; y la meta, buscando lograr una visibilidad nacional e internacional, tanto personal como institucionalmente.\u003C\/p\u003E\n\n\u003Cp\u003EEn el taller estuvieron presentes profesores e investigadores de las diferentes unidades acad\u00e9micas del Campus Tijuana que mantienen el inter\u00e9s en publicar sus trabajos de investigaci\u00f3n. Se aclar\u00f3 que en este taller no se busca valorar la calidad del proyecto, si no orientar al investigador en el camino de divulgaci\u00f3n.\u003C\/p\u003E\n\n\u003Cp\u003EEmerald Publishing cuenta con m\u00e1s de 300 t\u00edtulos de revistas electr\u00f3nicas en diferentes especialidades y ha estado presentando este taller en todo el estado, dirigido especialmente a las Unidades Acad\u00e9micas de la UABC.\u003C\/p\u003E\u003C\/div\u003E\n      \n  \n\n    \n            \u003Cdiv  class=\u0022palabras-clave\u0022\u003E\n                        \u003Ca href=\u0022\/%7egacetaua\/tags\/taller\u0022 hreflang=\u0022es\u0022\u003ETaller\u003C\/a\u003E\n                \u003Ca href=\u0022\/%7egacetaua\/tags\/guia-para-publicar\u0022 hreflang=\u0022es\u0022\u003EGu\u00eda para publicar\u003C\/a\u003E\n                \u003Ca href=\u0022\/%7egacetaua\/tags\/emerald-publishing\u0022 hreflang=\u0022es\u0022\u003EEmerald Publishing\u003C\/a\u003E\n                \u003Ca href=\u0022\/%7egacetaua\/tags\/investigaciones\u0022 hreflang=\u0022es\u0022\u003EInvestigaciones\u003C\/a\u003E\n                \u003Ca href=\u0022\/%7egacetaua\/tags\/tesis\u0022 hreflang=\u0022es\u0022\u003ETesis\u003C\/a\u003E\n      \n      \u003C\/div\u003E\n  \n\n\n  \u003C\/div\u003E\n\n  \u003C\/div\u003E\n\n  \u003Cdiv class=\u0022area-extras group-right\u0022\u003E\n        \n                          \u003Cdiv  class=\u0022enlace-blockBottom\u0022 \u003E\n      \u003Cdiv\u003EVer m\u00e1s \u003Ca href=\u0022http:\/\/gaceta.uabc.mx\/notas\u0022\u003ENotas\u003C\/a\u003E\u003C\/div\u003E\n\u003C\/div\u003E\n      \n  \n\n\n  \u003C\/div\u003E\n\n\u003C\/div\u003E\n\n","settings":null}]