[{"command":"settings","settings":{"pluralDelimiter":"\u0003","suppressDeprecationErrors":true,"ajaxPageState":{"libraries":"core\/drupal.ajax,core\/picturefill,ds\/ds_3col_equal_width","theme":"gaceta","theme_token":null},"ajaxTrustedUrl":[],"field_group":{"html_element":{"mode":"media_expanded","context":"view","settings":{"classes":"datos","show_empty_fields":false,"id":"","element":"div","show_label":false,"label_element":"h3","label_element_classes":"","attributes":"","effect":"none","speed":"fast"}}},"user":{"uid":0,"permissionsHash":"55dc977d165ab1e05e51b6cc6487f6d73e65ab536d99ee82c6990d9001d5c21c"}},"merge":true},{"command":"add_css","data":"\u003Clink rel=\u0022stylesheet\u0022 media=\u0022all\u0022 href=\u0022\/~gacetaua\/sites\/default\/files\/css\/css_mxJrjoKKAZuuB4_4f-B1u9VnFZxvSor3Az4JEdrFEso.css\u0022 \/\u003E\n\u003Clink rel=\u0022stylesheet\u0022 media=\u0022all\u0022 href=\u0022\/~gacetaua\/sites\/default\/files\/css\/css_-BXSGQpS8YTwwuXGbPoshUvZ7W-_HbYR3H7d0DA_mEY.css\u0022 \/\u003E\n\u003Clink rel=\u0022stylesheet\u0022 media=\u0022all\u0022 href=\u0022\/~gacetaua\/sites\/default\/files\/css\/css_89YreTu0npezhXSakRJR9TVHyBS9bTcyt0s3IckAe-M.css\u0022 \/\u003E\n"},{"command":"add_js","selector":"body","data":[{"src":"\/~gacetaua\/sites\/default\/files\/js\/js_9UaAhXvc9u0KYXXUw-OKyLP2baQxdV4zY3Y_KGurcvY.js"},{"src":"\/~gacetaua\/sites\/default\/files\/js\/js_oDJxUBLBzfRb_FDgNfkNOm9-tiatS2kNfxQIeVRZA7Y.js"},{"src":"\/~gacetaua\/sites\/default\/files\/js\/js_YM82KRuzNIr2X-Kb8pQW8cOcSbWgQ_QGKclTYJ_aMlI.js"},{"src":"\/~gacetaua\/sites\/default\/files\/js\/js_pqqsPPmPmxKgamY6qk_WSawtL05XH_yAY8GkPHVyahI.js"}]},{"command":"insert","method":"replaceWith","selector":".view-mode-full","data":"\u003Cdiv data-history-node-id=\u002218744\u0022 class=\u0022contenido view-mode-media_expanded ds-3col-equal clearfix\u0022\u003E\n\n  \n\n  \u003Cdiv class=\u0022area-medios group-left\u0022\u003E\n        \n                          \u003Cdiv  class=\u0022imagen\u0022 \u003E\n          \u003Cpicture\u003E\n                  \u003Csource srcset=\u0022\/~gacetaua\/sites\/default\/files\/styles\/max_650x650\/public\/2022-02\/Retorno%20seguro%20.webp?itok=cCq2nzV6 650w, \/~gacetaua\/sites\/default\/files\/styles\/max_1300x1300\/public\/2022-02\/Retorno%20seguro%20.webp?itok=qDLwiqpj 1300w, \/~gacetaua\/sites\/default\/files\/styles\/max_1900x1900\/public\/2022-02\/Retorno%20seguro%20.webp?itok=166HQ9tg 1420w\u0022 type=\u0022image\/webp\u0022 sizes=\u0022100vw\u0022\/\u003E\n              \u003Csource srcset=\u0022\/~gacetaua\/sites\/default\/files\/styles\/max_650x650\/public\/2022-02\/Retorno%20seguro%20.png?itok=cCq2nzV6 650w, \/~gacetaua\/sites\/default\/files\/styles\/max_1300x1300\/public\/2022-02\/Retorno%20seguro%20.png?itok=qDLwiqpj 1300w, \/~gacetaua\/sites\/default\/files\/styles\/max_1900x1900\/public\/2022-02\/Retorno%20seguro%20.png?itok=166HQ9tg 1420w\u0022 type=\u0022image\/png\u0022 sizes=\u0022100vw\u0022\/\u003E\n                  \u003Cimg srcset=\u0022\/~gacetaua\/sites\/default\/files\/styles\/max_650x650\/public\/2022-02\/Retorno%20seguro%20.png?itok=cCq2nzV6 650w, \/~gacetaua\/sites\/default\/files\/styles\/max_1300x1300\/public\/2022-02\/Retorno%20seguro%20.png?itok=qDLwiqpj 1300w, \/~gacetaua\/sites\/default\/files\/styles\/max_1900x1900\/public\/2022-02\/Retorno%20seguro%20.png?itok=166HQ9tg 1420w\u0022 sizes=\u0022100vw\u0022 src=\u0022\/~gacetaua\/sites\/default\/files\/styles\/max_1300x1300\/public\/2022-02\/Retorno%20seguro%20.png?itok=qDLwiqpj\u0022 alt=\u0022\u0022 typeof=\u0022foaf:Image\u0022 class=\u0022img-fluid\u0022 \/\u003E\n\n  \u003C\/picture\u003E\n\n\u003C\/div\u003E\n      \n  \n\n      \u003Cdiv  class=\u0022boton-expander\u0022\u003E\n        \n                  \u003Cdiv class=\u0022item-list\u0022\u003E\u003Cul\u003E\u003Cli\u003E\u003Ca href=\u0022\/%7egacetaua\/ds-switch-view-mode\/node\/18744\/media_collapsed?selector=view-mode-media_expanded\u0022 class=\u0022use-ajax\u0022\u003E\u2191\u003C\/a\u003E\u003C\/li\u003E\u003C\/ul\u003E\u003C\/div\u003E\n      \n  \n    \u003C\/div\u003E\n\n\n  \u003C\/div\u003E\n\n  \u003Cdiv class=\u0022area-info group-middle\u0022\u003E\n    \n\u003Cdiv  class=\u0022inner\u0022\u003E\n          \n                          \u003Ch2  class=\u0022titulo\u0022 \u003E\n        Arranca programa de Webinar del Campus Tijuana\n\u003C\/h2\u003E\n      \n  \n\n    \n                          \u003Cdiv  class=\u0022resumen\u0022 \u003E\n      Se abordaron las medidas necesarias para un regreso a clases de forma segura\u003C\/div\u003E\n      \n  \n\n\n\u003Cdiv  class=\u0022datos\u0022\u003E\n            \u003Cdiv  class=\u0022autor\u0022\u003E\n            \u003Cdiv  class=\u0022field-label-inline\u0022\u003EPor\u003C\/div\u003E\n  \n                  \u003Ca href=\u0022\/%7egacetaua\/autores\/karla-daniela-vasquez-carrasco\u0022 hreflang=\u0022es\u0022\u003EKarla Daniela V\u00e1squez Carrasco\u003C\/a\u003E\n      \n  \n    \u003C\/div\u003E\n\n      \u003Cdiv  class=\u0022campus\u0022\u003E\n            \u003Cdiv  class=\u0022field-label-inline\u0022\u003ECampus\u003C\/div\u003E\n  \n                  \u003Ca href=\u0022\/%7egacetaua\/campus\/tijuana\u0022 hreflang=\u0022es\u0022\u003ETijuana\u003C\/a\u003E\n      \n  \n    \u003C\/div\u003E\n\n    \n                          \u003Cdiv  class=\u0022fecha\u0022 \u003E\n      14 de Febrero de 2022\u003C\/div\u003E\n      \n  \n\n\n  \u003C\/div\u003E\n    \n                          \u003Cdiv  class=\u0022texto\u0022 \u003E\n      \u003Cp\u003ELa Vicerrector\u00eda del Campus Tijuana llev\u00f3 a cabo el primer \u003Cem\u003Ewebinar \u003C\/em\u003Edel a\u00f1o, con el tema \u201cRecomendaciones para un retorno seguro\u201d, a cargo del doctor Rosendo Rojas Alvarado, m\u00e9dico con Maestr\u00eda en Salud P\u00fablica, Doctorado en Estudios de Desarrollo Global y profesor de tiempo completo en la Facultad de Odontolog\u00eda del Campus Tijuana, colabor\u00f3 presentando los par\u00e1metros necesarios para un retorno a clases de manera segura y efectiva.\u003C\/p\u003E\n\n\u003Cp\u003EEl \u003Cem\u003Ewebinar\u003C\/em\u003E estuvo dirigido por la licenciada Rebeca Mancilla y cont\u00f3 tambi\u00e9n con la presencia de la licenciada Rosa Areli Ar\u00e1mburo Liz\u00e1rraga, jefa del Departamento de Planeaci\u00f3n y Proyectos del Campus Tijuana, en representaci\u00f3n de la vicerrectora, maestra Edith Montiel Ayala.\u00a0\u003C\/p\u003E\n\n\u003Cp\u003EDentro de la presentaci\u00f3n se abord\u00f3 el plan de regreso a clases que ha implementado la UABC y que fue acreditado por la Secretaria de Salud en 2021. El doctor Rojas expuso estad\u00edsticas de Baja California sobre el COVID-19, la situaci\u00f3n actual, la tasa de mortalidad, as\u00ed como casos activos y sus variantes, las cuales no deben subestimarse pues tambi\u00e9n podr\u00edan llegar a ser mortales. Habl\u00f3, adem\u00e1s, de c\u00f3mo hay cuatro pilares que sostienen un regreso a clases de forma segura, estos son: equipo de protecci\u00f3n personal, lavado de manos, sana distancia y vacunaci\u00f3n.\u00a0\u003C\/p\u003E\n\n\u003Cp\u003EAtendiendo estos cuatro pilares de manera efectiva, adem\u00e1s de las indicaciones adicionales de cada facultad, se lograr\u00e1 un retorno seguro a actividades gradualmente en nuestra universidad.\u00a0\u00a0\u003C\/p\u003E\n\n\u003Cp\u003EEl \u003Cem\u003Ewebinar\u003C\/em\u003E\u00a0se puede encontrar en el Facebook Vicerrector\u00eda Tijuana y en YouTube como UABC Vicerrector\u00eda Tijuana.\u00a0\u003C\/p\u003E\n\n\u003Cp\u003E\u00a0\u003C\/p\u003E\u003C\/div\u003E\n      \n  \n\n    \n            \u003Cdiv  class=\u0022palabras-clave\u0022\u003E\n                        \u003Ca href=\u0022\/%7egacetaua\/tags\/webinar\u0022 hreflang=\u0022es\u0022\u003Ewebinar\u003C\/a\u003E\n                \u003Ca href=\u0022\/%7egacetaua\/tags\/retorno-seguro\u0022 hreflang=\u0022es\u0022\u003ERetorno seguro\u003C\/a\u003E\n                \u003Ca href=\u0022\/%7egacetaua\/tags\/regreso-clases\u0022 hreflang=\u0022es\u0022\u003ERegreso a clases\u003C\/a\u003E\n      \n      \u003C\/div\u003E\n  \n\n\n  \u003C\/div\u003E\n\n  \u003C\/div\u003E\n\n  \u003Cdiv class=\u0022area-extras group-right\u0022\u003E\n        \n                          \u003Cdiv  class=\u0022enlace-blockBottom\u0022 \u003E\n      \u003Cdiv\u003EVer m\u00e1s \u003Ca href=\u0022http:\/\/gaceta.uabc.mx\/notas\u0022\u003ENotas\u003C\/a\u003E\u003C\/div\u003E\n\u003C\/div\u003E\n      \n  \n\n\n  \u003C\/div\u003E\n\n\u003C\/div\u003E\n\n","settings":null}]