[{"command":"settings","settings":{"pluralDelimiter":"\u0003","suppressDeprecationErrors":true,"ajaxPageState":{"libraries":"core\/drupal.ajax,core\/picturefill,ds\/ds_3col_equal_width","theme":"gaceta","theme_token":null},"ajaxTrustedUrl":[],"field_group":{"html_element":{"mode":"media_expanded","context":"view","settings":{"classes":"datos","show_empty_fields":false,"id":"","element":"div","show_label":false,"label_element":"h3","label_element_classes":"","attributes":"","effect":"none","speed":"fast"}}},"user":{"uid":0,"permissionsHash":"55dc977d165ab1e05e51b6cc6487f6d73e65ab536d99ee82c6990d9001d5c21c"}},"merge":true},{"command":"add_css","data":"\u003Clink rel=\u0022stylesheet\u0022 media=\u0022all\u0022 href=\u0022\/~gacetaua\/sites\/default\/files\/css\/css_mxJrjoKKAZuuB4_4f-B1u9VnFZxvSor3Az4JEdrFEso.css\u0022 \/\u003E\n\u003Clink rel=\u0022stylesheet\u0022 media=\u0022all\u0022 href=\u0022\/~gacetaua\/sites\/default\/files\/css\/css_-BXSGQpS8YTwwuXGbPoshUvZ7W-_HbYR3H7d0DA_mEY.css\u0022 \/\u003E\n\u003Clink rel=\u0022stylesheet\u0022 media=\u0022all\u0022 href=\u0022\/~gacetaua\/sites\/default\/files\/css\/css_89YreTu0npezhXSakRJR9TVHyBS9bTcyt0s3IckAe-M.css\u0022 \/\u003E\n"},{"command":"add_js","selector":"body","data":[{"src":"\/~gacetaua\/sites\/default\/files\/js\/js_9UaAhXvc9u0KYXXUw-OKyLP2baQxdV4zY3Y_KGurcvY.js"},{"src":"\/~gacetaua\/sites\/default\/files\/js\/js_oDJxUBLBzfRb_FDgNfkNOm9-tiatS2kNfxQIeVRZA7Y.js"},{"src":"\/~gacetaua\/sites\/default\/files\/js\/js_YM82KRuzNIr2X-Kb8pQW8cOcSbWgQ_QGKclTYJ_aMlI.js"},{"src":"\/~gacetaua\/sites\/default\/files\/js\/js_pqqsPPmPmxKgamY6qk_WSawtL05XH_yAY8GkPHVyahI.js"}]},{"command":"insert","method":"replaceWith","selector":".view-mode-full","data":"\u003Cdiv data-history-node-id=\u002219275\u0022 class=\u0022contenido view-mode-media_expanded ds-3col-equal clearfix\u0022\u003E\n\n  \n\n  \u003Cdiv class=\u0022area-medios group-left\u0022\u003E\n        \n                          \u003Cdiv  class=\u0022imagen\u0022 \u003E\n          \u003Cpicture\u003E\n                  \u003Csource srcset=\u0022\/~gacetaua\/sites\/default\/files\/styles\/max_650x650\/public\/2022-05\/IMG_6299.webp?itok=4lPoNAy3 650w, \/~gacetaua\/sites\/default\/files\/styles\/max_1300x1300\/public\/2022-05\/IMG_6299.webp?itok=OavsRCrq 1300w, \/~gacetaua\/sites\/default\/files\/styles\/max_1900x1900\/public\/2022-05\/IMG_6299.webp?itok=uUo0KNIe 1900w\u0022 type=\u0022image\/webp\u0022 sizes=\u0022100vw\u0022\/\u003E\n              \u003Csource srcset=\u0022\/~gacetaua\/sites\/default\/files\/styles\/max_650x650\/public\/2022-05\/IMG_6299.JPG?itok=4lPoNAy3 650w, \/~gacetaua\/sites\/default\/files\/styles\/max_1300x1300\/public\/2022-05\/IMG_6299.JPG?itok=OavsRCrq 1300w, \/~gacetaua\/sites\/default\/files\/styles\/max_1900x1900\/public\/2022-05\/IMG_6299.JPG?itok=uUo0KNIe 1900w\u0022 type=\u0022image\/jpeg\u0022 sizes=\u0022100vw\u0022\/\u003E\n                  \u003Cimg srcset=\u0022\/~gacetaua\/sites\/default\/files\/styles\/max_650x650\/public\/2022-05\/IMG_6299.JPG?itok=4lPoNAy3 650w, \/~gacetaua\/sites\/default\/files\/styles\/max_1300x1300\/public\/2022-05\/IMG_6299.JPG?itok=OavsRCrq 1300w, \/~gacetaua\/sites\/default\/files\/styles\/max_1900x1900\/public\/2022-05\/IMG_6299.JPG?itok=uUo0KNIe 1900w\u0022 sizes=\u0022100vw\u0022 src=\u0022\/~gacetaua\/sites\/default\/files\/styles\/max_1300x1300\/public\/2022-05\/IMG_6299.JPG?itok=OavsRCrq\u0022 alt=\u0022\u0022 typeof=\u0022foaf:Image\u0022 class=\u0022img-fluid\u0022 \/\u003E\n\n  \u003C\/picture\u003E\n\n\u003C\/div\u003E\n      \n  \n\n      \u003Cdiv  class=\u0022boton-expander\u0022\u003E\n        \n                  \u003Cdiv class=\u0022item-list\u0022\u003E\u003Cul\u003E\u003Cli\u003E\u003Ca href=\u0022\/%7egacetaua\/ds-switch-view-mode\/node\/19275\/media_collapsed?selector=view-mode-media_expanded\u0022 class=\u0022use-ajax\u0022\u003E\u2191\u003C\/a\u003E\u003C\/li\u003E\u003C\/ul\u003E\u003C\/div\u003E\n      \n  \n    \u003C\/div\u003E\n\n\n  \u003C\/div\u003E\n\n  \u003Cdiv class=\u0022area-info group-middle\u0022\u003E\n    \n\u003Cdiv  class=\u0022inner\u0022\u003E\n          \n                          \u003Ch2  class=\u0022titulo\u0022 \u003E\n        Invitan a F\u00e9nix Cup Premier\n\u003C\/h2\u003E\n      \n  \n\n    \n                          \u003Cdiv  class=\u0022resumen\u0022 \u003E\n      Las inscripciones cierran el 20 de mayo\u003C\/div\u003E\n      \n  \n\n\n\u003Cdiv  class=\u0022datos\u0022\u003E\n            \u003Cdiv  class=\u0022autor\u0022\u003E\n            \u003Cdiv  class=\u0022field-label-inline\u0022\u003EPor\u003C\/div\u003E\n  \n                  \u003Ca href=\u0022\/%7egacetaua\/autores\/vasthy-raquel-mejia-negrete\u0022 hreflang=\u0022es\u0022\u003EVasthy Raquel Mej\u00eda Negrete\u003C\/a\u003E\n      \n  \n    \u003C\/div\u003E\n\n      \u003Cdiv  class=\u0022campus\u0022\u003E\n            \u003Cdiv  class=\u0022field-label-inline\u0022\u003ECampus\u003C\/div\u003E\n  \n                  \u003Ca href=\u0022\/%7egacetaua\/campus\/tijuana\u0022 hreflang=\u0022es\u0022\u003ETijuana\u003C\/a\u003E\n      \n  \n    \u003C\/div\u003E\n\n    \n                          \u003Cdiv  class=\u0022fecha\u0022 \u003E\n      17 de Mayo de 2022\u003C\/div\u003E\n      \n  \n\n\n  \u003C\/div\u003E\n    \n                          \u003Cdiv  class=\u0022texto\u0022 \u003E\n      \u003Cp\u003EEn rueda de prensa, se present\u00f3 el evento F\u00e9nix Cup Premier, torneo de f\u00fatbol 7 organizado por estudiantes de octavo semestre de la Facultad de Deportes, quienes invitan a la comunidad a participar.\u003C\/p\u003E\n\n\u003Cp\u003EEl pres\u00eddium estuvo integrado por el maestro Cecilio Humberto Hern\u00e1ndez Gonz\u00e1lez, director del Instituto Municipal del Deporte de Tijuana; maestro Omar Plascencia Enr\u00edquez, coordinador de Actividad F\u00edsica y Deporte del Campus Tijuana; Mayra Ixchel Ochoa Adame, directora general del evento; Antonio Zepeda, ex presidente de la Asociaci\u00f3n \u201cUnidos por el Futbol TJ\u201d y miembro del Sal\u00f3n de la Fama del Deporte de Tijuana, como futbolista destacado; y Ren\u00e9 Ceballos Estrada, coordinador de \u00c1rbitros de F\u00e9nix Cup Premier.\u003C\/p\u003E\n\n\u003Cp\u003EEl maestro Plascencia Enr\u00edquez dijo que para la UABC y la Facultad de Deportes es de suma importancia el v\u00ednculo con la comunidad a trav\u00e9s de este tipo de eventos, con los cuales se busca fomentar h\u00e1bitos que ayuden a mejorar la salud de las personas y la sana convivencia.\u003C\/p\u003E\n\n\u003Cp\u003EPor su parte, el maestro Cecilio Hern\u00e1ndez, agradeci\u00f3 al Comit\u00e9 Organizador por su invitaci\u00f3n a ser parte de este evento y expres\u00f3 que como egresado de la Primera Generaci\u00f3n de la Facultad de Deportes para \u00e9l es un gusto poder colaborar con las nuevas generaciones.\u003C\/p\u003E\n\n\u003Cp\u003EMayra Ochoa dio a conocer que el torneo se llevar\u00e1 a cabo en las instalaciones de la Facultad de Deportes, el 28 y 29 de mayo, as\u00ed como el 4 y 5 de junio, de 8:00 a 20:00 horas, siendo las dos primeras fechas los juegos bajo sistema \u003Cem\u003Eround robin\u003C\/em\u003E y las dos \u00faltimas la liguilla. Las categor\u00edas ser\u00e1n Juvenil: 2006-2007, 2008-2009, 2010-2011 y Libre (18 a\u00f1os en adelante).\u003C\/p\u003E\n\n\u003Cp\u003ELas inscripciones cerrar\u00e1n el viernes 20 de mayo y tendr\u00e1n un costo de 1,800 pesos. Los requisitos para participar son en las categor\u00edas juveniles: acta de nacimiento, CURP, identificaci\u00f3n escolar u otra y c\u00e9dula de inscripci\u00f3n, mientras que en la libre se solicita identificaci\u00f3n oficial (INE) y c\u00e9dula de inscripci\u00f3n.\u003C\/p\u003E\n\n\u003Cp\u003ELa junta previa se llevar\u00e1 a cabo el viernes 20 de mayo a las 16:00 horas en la Sala Audiovisual de la Facultad de Deportes, edificio 11B.\u003C\/p\u003E\n\n\u003Cp\u003ESe premiar\u00e1 a los primeros tres lugares, campe\u00f3n goleador y mejor portero de cada categor\u00eda.\u003C\/p\u003E\n\n\u003Cp\u003ELas personas interesadas en participar pueden comunicarse al correo \u003Ca href=\u0022mailto:fenixcuppremier2022@gmail.com\u0022\u003Efenixcuppremier2022@gmail.com\u003C\/a\u003E o a trav\u00e9s del Facebook Fenix Cup Premier 2022.\u003C\/p\u003E\u003C\/div\u003E\n      \n  \n\n    \n            \u003Cdiv  class=\u0022palabras-clave\u0022\u003E\n                        \u003Ca href=\u0022\/%7egacetaua\/tags\/fenix-cup-premier\u0022 hreflang=\u0022es\u0022\u003EF\u00e9nix Cup Premier\u003C\/a\u003E\n                \u003Ca href=\u0022\/%7egacetaua\/tags\/futbol-7\u0022 hreflang=\u0022es\u0022\u003EF\u00fatbol 7\u003C\/a\u003E\n      \n      \u003C\/div\u003E\n  \n\n\n  \u003C\/div\u003E\n\n  \u003C\/div\u003E\n\n  \u003Cdiv class=\u0022area-extras group-right\u0022\u003E\n        \n                          \u003Cdiv  class=\u0022enlace-blockBottom\u0022 \u003E\n      \u003Cdiv\u003EVer m\u00e1s \u003Ca href=\u0022http:\/\/gaceta.uabc.mx\/notas\u0022\u003ENotas\u003C\/a\u003E\u003C\/div\u003E\n\u003C\/div\u003E\n      \n  \n\n\n  \u003C\/div\u003E\n\n\u003C\/div\u003E\n\n","settings":null}]