[{"command":"settings","settings":{"pluralDelimiter":"\u0003","suppressDeprecationErrors":true,"ajaxPageState":{"libraries":"core\/drupal.ajax,core\/picturefill,ds\/ds_3col_equal_width","theme":"gaceta","theme_token":null},"ajaxTrustedUrl":[],"field_group":{"html_element":{"mode":"media_expanded","context":"view","settings":{"classes":"datos","show_empty_fields":false,"id":"","element":"div","show_label":false,"label_element":"h3","label_element_classes":"","attributes":"","effect":"none","speed":"fast"}}},"user":{"uid":0,"permissionsHash":"55dc977d165ab1e05e51b6cc6487f6d73e65ab536d99ee82c6990d9001d5c21c"}},"merge":true},{"command":"add_css","data":"\u003Clink rel=\u0022stylesheet\u0022 media=\u0022all\u0022 href=\u0022\/~gacetaua\/sites\/default\/files\/css\/css_mxJrjoKKAZuuB4_4f-B1u9VnFZxvSor3Az4JEdrFEso.css\u0022 \/\u003E\n\u003Clink rel=\u0022stylesheet\u0022 media=\u0022all\u0022 href=\u0022\/~gacetaua\/sites\/default\/files\/css\/css_-BXSGQpS8YTwwuXGbPoshUvZ7W-_HbYR3H7d0DA_mEY.css\u0022 \/\u003E\n\u003Clink rel=\u0022stylesheet\u0022 media=\u0022all\u0022 href=\u0022\/~gacetaua\/sites\/default\/files\/css\/css_89YreTu0npezhXSakRJR9TVHyBS9bTcyt0s3IckAe-M.css\u0022 \/\u003E\n"},{"command":"add_js","selector":"body","data":[{"src":"\/~gacetaua\/sites\/default\/files\/js\/js_9UaAhXvc9u0KYXXUw-OKyLP2baQxdV4zY3Y_KGurcvY.js"},{"src":"\/~gacetaua\/sites\/default\/files\/js\/js_oDJxUBLBzfRb_FDgNfkNOm9-tiatS2kNfxQIeVRZA7Y.js"},{"src":"\/~gacetaua\/sites\/default\/files\/js\/js_YM82KRuzNIr2X-Kb8pQW8cOcSbWgQ_QGKclTYJ_aMlI.js"},{"src":"\/~gacetaua\/sites\/default\/files\/js\/js_pqqsPPmPmxKgamY6qk_WSawtL05XH_yAY8GkPHVyahI.js"}]},{"command":"insert","method":"replaceWith","selector":".view-mode-full","data":"\u003Cdiv data-history-node-id=\u00221970\u0022 class=\u0022contenido view-mode-media_expanded ds-3col-equal clearfix\u0022\u003E\n\n  \n\n  \u003Cdiv class=\u0022area-medios group-left\u0022\u003E\n        \n                          \u003Cdiv  class=\u0022imagen\u0022 \u003E\n          \u003Cpicture\u003E\n                  \u003Csource srcset=\u0022\/~gacetaua\/sites\/default\/files\/styles\/max_650x650\/public\/2017-11\/Arranca%20la%20Expo%20UABC%20201706_0.webp?itok=cj5EP3ri 650w, \/~gacetaua\/sites\/default\/files\/styles\/max_1300x1300\/public\/2017-11\/Arranca%20la%20Expo%20UABC%20201706_0.webp?itok=BeliBUnn 1300w, \/~gacetaua\/sites\/default\/files\/styles\/max_1900x1900\/public\/2017-11\/Arranca%20la%20Expo%20UABC%20201706_0.webp?itok=eC4PLXTA 1399w\u0022 type=\u0022image\/webp\u0022 sizes=\u0022100vw\u0022\/\u003E\n              \u003Csource srcset=\u0022\/~gacetaua\/sites\/default\/files\/styles\/max_650x650\/public\/2017-11\/Arranca%20la%20Expo%20UABC%20201706_0.jpg?itok=cj5EP3ri 650w, \/~gacetaua\/sites\/default\/files\/styles\/max_1300x1300\/public\/2017-11\/Arranca%20la%20Expo%20UABC%20201706_0.jpg?itok=BeliBUnn 1300w, \/~gacetaua\/sites\/default\/files\/styles\/max_1900x1900\/public\/2017-11\/Arranca%20la%20Expo%20UABC%20201706_0.jpg?itok=eC4PLXTA 1399w\u0022 type=\u0022image\/jpeg\u0022 sizes=\u0022100vw\u0022\/\u003E\n                  \u003Cimg srcset=\u0022\/~gacetaua\/sites\/default\/files\/styles\/max_650x650\/public\/2017-11\/Arranca%20la%20Expo%20UABC%20201706_0.jpg?itok=cj5EP3ri 650w, \/~gacetaua\/sites\/default\/files\/styles\/max_1300x1300\/public\/2017-11\/Arranca%20la%20Expo%20UABC%20201706_0.jpg?itok=BeliBUnn 1300w, \/~gacetaua\/sites\/default\/files\/styles\/max_1900x1900\/public\/2017-11\/Arranca%20la%20Expo%20UABC%20201706_0.jpg?itok=eC4PLXTA 1399w\u0022 sizes=\u0022100vw\u0022 src=\u0022\/~gacetaua\/sites\/default\/files\/styles\/max_1300x1300\/public\/2017-11\/Arranca%20la%20Expo%20UABC%20201706_0.jpg?itok=BeliBUnn\u0022 alt=\u0022Expo UABC_Oferta Educativa_Educaci\u00f3n Media Superior\u0022 typeof=\u0022foaf:Image\u0022 class=\u0022img-fluid\u0022 \/\u003E\n\n  \u003C\/picture\u003E\n\n\u003C\/div\u003E\n      \n  \n\n      \u003Cdiv  class=\u0022boton-expander\u0022\u003E\n        \n                  \u003Cdiv class=\u0022item-list\u0022\u003E\u003Cul\u003E\u003Cli\u003E\u003Ca href=\u0022\/%7egacetaua\/ds-switch-view-mode\/node\/1970\/media_collapsed?selector=view-mode-media_expanded\u0022 class=\u0022use-ajax\u0022\u003E\u2191\u003C\/a\u003E\u003C\/li\u003E\u003C\/ul\u003E\u003C\/div\u003E\n      \n  \n    \u003C\/div\u003E\n\n\n  \u003C\/div\u003E\n\n  \u003Cdiv class=\u0022area-info group-middle\u0022\u003E\n    \n\u003Cdiv  class=\u0022inner\u0022\u003E\n          \n                          \u003Ch2  class=\u0022titulo\u0022 \u003E\n        Arranca la Expo UABC 2017\n\u003C\/h2\u003E\n      \n  \n\n    \n                          \u003Cdiv  class=\u0022resumen\u0022 \u003E\n      Tendr\u00e1 lugar los d\u00edas 15 y 16 de noviembre en la explanada de Vicerrector\u00eda.\u003C\/div\u003E\n      \n  \n\n\n\u003Cdiv  class=\u0022datos\u0022\u003E\n            \u003Cdiv  class=\u0022autor\u0022\u003E\n            \u003Cdiv  class=\u0022field-label-inline\u0022\u003EPor\u003C\/div\u003E\n  \n                  \u003Ca href=\u0022\/%7egacetaua\/autores\/raymundo-javier-garcia-galindo\u0022 hreflang=\u0022es\u0022\u003ERaymundo Javier Garc\u00eda Galindo\u003C\/a\u003E\n      \n  \n    \u003C\/div\u003E\n\n      \u003Cdiv  class=\u0022campus\u0022\u003E\n            \u003Cdiv  class=\u0022field-label-inline\u0022\u003ECampus\u003C\/div\u003E\n  \n                  \u003Ca href=\u0022\/%7egacetaua\/campus\/mexicali\u0022 hreflang=\u0022es\u0022\u003EMexicali\u003C\/a\u003E\n      \n  \n    \u003C\/div\u003E\n\n    \n                          \u003Cdiv  class=\u0022fecha\u0022 \u003E\n      15 de Noviembre de 2017\u003C\/div\u003E\n      \n  \n\n\n  \u003C\/div\u003E\n    \n                          \u003Cdiv  class=\u0022texto\u0022 \u003E\n      \u003Cp\u003ECon el prop\u00f3sito de divulgar y compartir la oferta acad\u00e9mica que ofrece la UABC ante los estudiantes de nivel media superior en Mexicali que aspiran ingresar a una licenciatura, se llev\u00f3 a cabo en la explanada de Vicerrector\u00eda Campus Mexicali\u00a0 la \u201cExpo UABC\u201d edici\u00f3n 2017.\u003C\/p\u003E\n\n\u003Cp\u003ELa ceremonia de inauguraci\u00f3n fue presidida por el doctor \u00c1ngel Norzagaray Norzagaray, Vicerrector del Campus Mexicali, quien expres\u00f3 ante los j\u00f3venes que la UABC es de las mejores universidades p\u00fablicas del pa\u00eds, por lo que es un lugar donde podr\u00e1n aprovechar al m\u00e1ximo sus capacidades en las distintas \u00e1reas formativas. Igualmente, los invit\u00f3 a que tomaran con seriedad la elecci\u00f3n de su carrera universitaria, puesto que es de las decisiones m\u00e1s importantes en su vida.\u003C\/p\u003E\n\n\u003Cp\u003EPor su parte, el maestro Luis Gerardo Hirales P\u00e9rez, Jefe del Departamento de Formaci\u00f3n B\u00e1sica, coment\u00f3 que el prop\u00f3sito de esta edici\u00f3n de la Expo UABC, es que los alumnos de preparatoria se lleven una idea de lo que trata el \u00e1rea en la cual podr\u00edan estudiar y por ende, conocer el perfil de egreso y las posibilidades de donde desarrollarse profesionalmente, gracias a que cada una de las unidades acad\u00e9micas hace una exposici\u00f3n sobre ello y entrega tr\u00edpticos con informaci\u00f3n de los diferentes programas educativos.\u003C\/p\u003E\n\n\u003Cp\u003E\u201cPara nosotros es muy importante, poder orientar a los estudiantes para que tomen la mejor decisi\u00f3n, puesto que tenemos opciones en todas las \u00e1reas del conocimiento y programas educativos ofertados por nuestra Universidad\u201d, coment\u00f3 el maestro Hirales P\u00e9rez.\u003C\/p\u003E\n\n\u003Cp\u003ECabe mencionar que se espera contar con la presencia de alrededor de 4 mil alumnos de las 57 preparatorias invitadas de Mexicali y su Valle, San Felipe y San Luis Rio Colorado, Sonora, los cuales aspiran ingresar a una de las licenciaturas que ofrece la M\u00e1xima Casa de Estudios de Baja California.\u003C\/p\u003E\u003C\/div\u003E\n      \n  \n\n    \n            \u003Cdiv  class=\u0022palabras-clave\u0022\u003E\n                        \u003Ca href=\u0022\/%7egacetaua\/tags\/expo-uabc\u0022 hreflang=\u0022es\u0022\u003EExpo UABC\u003C\/a\u003E\n                \u003Ca href=\u0022\/%7egacetaua\/tags\/oferta-educativa\u0022 hreflang=\u0022es\u0022\u003EOferta Educativa\u003C\/a\u003E\n                \u003Ca href=\u0022\/%7egacetaua\/tags\/educacion-media-superior\u0022 hreflang=\u0022es\u0022\u003EEducaci\u00f3n Media Superior \u003C\/a\u003E\n      \n      \u003C\/div\u003E\n  \n\n\n  \u003C\/div\u003E\n\n  \u003C\/div\u003E\n\n  \u003Cdiv class=\u0022area-extras group-right\u0022\u003E\n        \n                          \u003Cdiv  class=\u0022enlace-blockBottom\u0022 \u003E\n      \u003Cdiv\u003EVer m\u00e1s \u003Ca href=\u0022http:\/\/gaceta.uabc.mx\/notas\u0022\u003ENotas\u003C\/a\u003E\u003C\/div\u003E\n\u003C\/div\u003E\n      \n  \n\n\n  \u003C\/div\u003E\n\n\u003C\/div\u003E\n\n","settings":null}]