[{"command":"settings","settings":{"pluralDelimiter":"\u0003","suppressDeprecationErrors":true,"ajaxPageState":{"libraries":"core\/drupal.ajax,core\/picturefill,ds\/ds_3col_equal_width","theme":"gaceta","theme_token":null},"ajaxTrustedUrl":[],"field_group":{"html_element":{"mode":"media_expanded","context":"view","settings":{"classes":"datos","show_empty_fields":false,"id":"","element":"div","show_label":false,"label_element":"h3","label_element_classes":"","attributes":"","effect":"none","speed":"fast"}}},"user":{"uid":0,"permissionsHash":"55dc977d165ab1e05e51b6cc6487f6d73e65ab536d99ee82c6990d9001d5c21c"}},"merge":true},{"command":"add_css","data":"\u003Clink rel=\u0022stylesheet\u0022 media=\u0022all\u0022 href=\u0022\/~gacetaua\/sites\/default\/files\/css\/css_mxJrjoKKAZuuB4_4f-B1u9VnFZxvSor3Az4JEdrFEso.css\u0022 \/\u003E\n\u003Clink rel=\u0022stylesheet\u0022 media=\u0022all\u0022 href=\u0022\/~gacetaua\/sites\/default\/files\/css\/css_-BXSGQpS8YTwwuXGbPoshUvZ7W-_HbYR3H7d0DA_mEY.css\u0022 \/\u003E\n\u003Clink rel=\u0022stylesheet\u0022 media=\u0022all\u0022 href=\u0022\/~gacetaua\/sites\/default\/files\/css\/css_89YreTu0npezhXSakRJR9TVHyBS9bTcyt0s3IckAe-M.css\u0022 \/\u003E\n"},{"command":"add_js","selector":"body","data":[{"src":"\/~gacetaua\/sites\/default\/files\/js\/js_9UaAhXvc9u0KYXXUw-OKyLP2baQxdV4zY3Y_KGurcvY.js"},{"src":"\/~gacetaua\/sites\/default\/files\/js\/js_oDJxUBLBzfRb_FDgNfkNOm9-tiatS2kNfxQIeVRZA7Y.js"},{"src":"\/~gacetaua\/sites\/default\/files\/js\/js_YM82KRuzNIr2X-Kb8pQW8cOcSbWgQ_QGKclTYJ_aMlI.js"},{"src":"\/~gacetaua\/sites\/default\/files\/js\/js_pqqsPPmPmxKgamY6qk_WSawtL05XH_yAY8GkPHVyahI.js"}]},{"command":"insert","method":"replaceWith","selector":".view-mode-full","data":"\u003Cdiv data-history-node-id=\u00221998\u0022 class=\u0022contenido view-mode-media_expanded ds-3col-equal clearfix\u0022\u003E\n\n  \n\n  \u003Cdiv class=\u0022area-medios group-left\u0022\u003E\n        \n                          \u003Cdiv  class=\u0022imagen\u0022 \u003E\n          \u003Cpicture\u003E\n                  \u003Csource srcset=\u0022\/~gacetaua\/sites\/default\/files\/styles\/max_650x650\/public\/2017-11\/Reciben%20estudiantes%20Cimarrones%20beca%20SEP-Prospera03.webp?itok=jPb7hBOn 650w, \/~gacetaua\/sites\/default\/files\/styles\/max_1300x1300\/public\/2017-11\/Reciben%20estudiantes%20Cimarrones%20beca%20SEP-Prospera03.webp?itok=MU6Kt-VW 1300w, \/~gacetaua\/sites\/default\/files\/styles\/max_1900x1900\/public\/2017-11\/Reciben%20estudiantes%20Cimarrones%20beca%20SEP-Prospera03.webp?itok=kqqqVkjk 1333w\u0022 type=\u0022image\/webp\u0022 sizes=\u0022100vw\u0022\/\u003E\n              \u003Csource srcset=\u0022\/~gacetaua\/sites\/default\/files\/styles\/max_650x650\/public\/2017-11\/Reciben%20estudiantes%20Cimarrones%20beca%20SEP-Prospera03.jpg?itok=jPb7hBOn 650w, \/~gacetaua\/sites\/default\/files\/styles\/max_1300x1300\/public\/2017-11\/Reciben%20estudiantes%20Cimarrones%20beca%20SEP-Prospera03.jpg?itok=MU6Kt-VW 1300w, \/~gacetaua\/sites\/default\/files\/styles\/max_1900x1900\/public\/2017-11\/Reciben%20estudiantes%20Cimarrones%20beca%20SEP-Prospera03.jpg?itok=kqqqVkjk 1333w\u0022 type=\u0022image\/jpeg\u0022 sizes=\u0022100vw\u0022\/\u003E\n                  \u003Cimg srcset=\u0022\/~gacetaua\/sites\/default\/files\/styles\/max_650x650\/public\/2017-11\/Reciben%20estudiantes%20Cimarrones%20beca%20SEP-Prospera03.jpg?itok=jPb7hBOn 650w, \/~gacetaua\/sites\/default\/files\/styles\/max_1300x1300\/public\/2017-11\/Reciben%20estudiantes%20Cimarrones%20beca%20SEP-Prospera03.jpg?itok=MU6Kt-VW 1300w, \/~gacetaua\/sites\/default\/files\/styles\/max_1900x1900\/public\/2017-11\/Reciben%20estudiantes%20Cimarrones%20beca%20SEP-Prospera03.jpg?itok=kqqqVkjk 1333w\u0022 sizes=\u0022100vw\u0022 src=\u0022\/~gacetaua\/sites\/default\/files\/styles\/max_1300x1300\/public\/2017-11\/Reciben%20estudiantes%20Cimarrones%20beca%20SEP-Prospera03.jpg?itok=MU6Kt-VW\u0022 alt=\u0022Entrega_Beca_SEP_Prospera\u0022 typeof=\u0022foaf:Image\u0022 class=\u0022img-fluid\u0022 \/\u003E\n\n  \u003C\/picture\u003E\n\n\u003C\/div\u003E\n      \n  \n\n      \u003Cdiv  class=\u0022boton-expander\u0022\u003E\n        \n                  \u003Cdiv class=\u0022item-list\u0022\u003E\u003Cul\u003E\u003Cli\u003E\u003Ca href=\u0022\/%7egacetaua\/ds-switch-view-mode\/node\/1998\/media_collapsed?selector=view-mode-media_expanded\u0022 class=\u0022use-ajax\u0022\u003E\u2191\u003C\/a\u003E\u003C\/li\u003E\u003C\/ul\u003E\u003C\/div\u003E\n      \n  \n    \u003C\/div\u003E\n\n\n  \u003C\/div\u003E\n\n  \u003Cdiv class=\u0022area-info group-middle\u0022\u003E\n    \n\u003Cdiv  class=\u0022inner\u0022\u003E\n          \n                          \u003Ch2  class=\u0022titulo\u0022 \u003E\n        Reciben estudiantes Cimarrones beca SEP-Prospera\n\u003C\/h2\u003E\n      \n  \n\n    \n                          \u003Cdiv  class=\u0022resumen\u0022 \u003E\n      Se benefician con m\u00e1s de 10 millones de pesos para que culminen su formaci\u00f3n profesional.\u003C\/div\u003E\n      \n  \n\n\n\u003Cdiv  class=\u0022datos\u0022\u003E\n            \u003Cdiv  class=\u0022autor\u0022\u003E\n            \u003Cdiv  class=\u0022field-label-inline\u0022\u003EPor\u003C\/div\u003E\n  \n                  \u003Ca href=\u0022\/%7egacetaua\/autores\/norma-angelica-gomez-bravo\u0022 hreflang=\u0022es\u0022\u003ENorma Ang\u00e9lica G\u00f3mez Bravo\u003C\/a\u003E\n      \n  \n    \u003C\/div\u003E\n\n      \u003Cdiv  class=\u0022campus\u0022\u003E\n            \u003Cdiv  class=\u0022field-label-inline\u0022\u003ECampus\u003C\/div\u003E\n  \n                  \u003Ca href=\u0022\/%7egacetaua\/campus\/tijuana\u0022 hreflang=\u0022es\u0022\u003ETijuana\u003C\/a\u003E\n      \n  \n    \u003C\/div\u003E\n\n    \n                          \u003Cdiv  class=\u0022fecha\u0022 \u003E\n      21 de Noviembre de 2017\u003C\/div\u003E\n      \n  \n\n\n  \u003C\/div\u003E\n    \n                          \u003Cdiv  class=\u0022texto\u0022 \u003E\n      \u003Cp\u003EUn total de 897 alumnos de la Universidad Aut\u00f3noma de Baja California (UABC), recibieron la beca SEP-Prospera, otorgada por el Gobierno Federal a estudiantes de educaci\u00f3n superior inscritos en alguna instituci\u00f3n p\u00fablica, con el objetivo de que culminen su formaci\u00f3n profesional y evitar la deserci\u00f3n escolar.\u00a0\u003C\/p\u003E\n\n\u003Cp\u003ESe entregaron dos tipos de beca: \u201cInicia tu carrera\u201d a 630 estudiantes y \u201cManutenci\u00f3n SEP-Prospera\u201d a 267, ambos con un monto de 10 millones\u00a0123 mil\u00a0320 pesos.\u003C\/p\u003E\n\n\u003Cp\u003EPara recibir estos apoyos, se llev\u00f3 a cabo una ceremonia presidida por el Rector de la UABC, doctor Juan Manuel Ocegueda Hern\u00e1ndez, quien agradeci\u00f3 a las autoridades correspondientes por este apoyo, el cual ha beneficiado a cerca de 900 alumnos Cimarrones. \u201cCon este tipo de esfuerzos, que dan oportunidad a los j\u00f3venes para que tengan acceso a la educaci\u00f3n superior, y en este caso, de buena calidad, es que nos permite avanzar como pa\u00eds\u201d.\u003C\/p\u003E\n\n\u003Cp\u003EMencion\u00f3 que brindar oportunidades de educaci\u00f3n superior es un gran reto, por lo que la UABC ha hecho un gran esfuerzo para atender al 60 por ciento de la matr\u00edcula de educaci\u00f3n superior en el Estado; recibe a siete\u00a0de cada diez aspirantes a ingresar, y cuenta con una oferta educativa evaluada y acreditada casi al 100 por ciento en pregrado y posgrado.\u003C\/p\u003E\n\n\u003Cp\u003EResalt\u00f3 que la M\u00e1xima Casa de Estudios tambi\u00e9n cuenta con un s\u00f3lido programa de becas universitarias en el que se invierten m\u00e1s de 120 millones de pesos por a\u00f1o, beneficiando a aproximadamente 18 mil estudiantes por semestre.\u003C\/p\u003E\n\n\u003Cp\u003EAgreg\u00f3 que adem\u00e1s de los apoyos socioecon\u00f3micos, la UABC se encamina hacia la inclusi\u00f3n a trav\u00e9s de la construcci\u00f3n de infraestructura de acceso para personas con discapacidad motriz, la contrataci\u00f3n de int\u00e9rpretes de lenguaje de se\u00f1as, as\u00ed como la entrega de equipo de c\u00f3mputo especializado para debilidad visual. \u201cHay un gran inter\u00e9s y compromiso en la UABC por apoyar a todos los grupos sociales con alg\u00fan tipo de desventaja\u201d, puntualiz\u00f3 el Rector.\u003C\/p\u003E\n\n\u003Cp\u003EEl arquitecto Pavel Murillo Fr\u00edas, Delegado Federal de Prospera en Baja California, se\u00f1al\u00f3 que este programa surgi\u00f3 de la visi\u00f3n del Gobierno encabezado por el Presidente, licenciado Enrique Pe\u00f1a Nieto, para impulsar a la educaci\u00f3n superior y que se formen profesionistas que transformen al pa\u00eds y apoyen a las generaciones futuras. Exhort\u00f3 a los j\u00f3venes beneficiados a culminar sus estudios para enaltecer el apoyo recibido.\u003C\/p\u003E\n\n\u003Cp\u003ETambi\u00e9n conformaron el pres\u00eddium la doctora\u00a0Mar\u00eda Eugenia P\u00e9rez Morales,\u00a0Vicerrectora de UABC Campus Tijuana; doctor Edgar Ismael Alarc\u00f3n Meza, Coordinador de Servicios Estudiantiles y Gesti\u00f3n Escolar de UABC;\u00a0as\u00ed como el ingeniero Carlos Ram\u00edrez Escamilla, Delegado Federal de la Secretar\u00eda de Educaci\u00f3n P\u00fablica en Baja California.\u003C\/p\u003E\n\n\u003Cp\u003E\u00a0\u003C\/p\u003E\n\n\u003Cp\u003EInformaci\u00f3n y foto: Alejandra Rodr\u00edguez Montoya.\u003C\/p\u003E\n\n\u003Cp\u003E\u00a0\u003C\/p\u003E\u003C\/div\u003E\n      \n  \n\n    \n            \u003Cdiv  class=\u0022palabras-clave\u0022\u003E\n                        \u003Ca href=\u0022\/%7egacetaua\/tags\/entrega\u0022 hreflang=\u0022es\u0022\u003EEntrega\u003C\/a\u003E\n                \u003Ca href=\u0022\/%7egacetaua\/tags\/beca\u0022 hreflang=\u0022es\u0022\u003EBeca\u003C\/a\u003E\n                \u003Ca href=\u0022\/%7egacetaua\/tags\/sep\u0022 hreflang=\u0022es\u0022\u003ESEP\u003C\/a\u003E\n                \u003Ca href=\u0022\/%7egacetaua\/tags\/prospera\u0022 hreflang=\u0022es\u0022\u003EProspera\u003C\/a\u003E\n      \n      \u003C\/div\u003E\n  \n\n\n  \u003C\/div\u003E\n\n  \u003C\/div\u003E\n\n  \u003Cdiv class=\u0022area-extras group-right\u0022\u003E\n        \n                          \u003Cdiv  class=\u0022enlace-blockBottom\u0022 \u003E\n      \u003Cdiv\u003EVer m\u00e1s \u003Ca href=\u0022http:\/\/gaceta.uabc.mx\/notas\u0022\u003ENotas\u003C\/a\u003E\u003C\/div\u003E\n\u003C\/div\u003E\n      \n  \n\n\n  \u003C\/div\u003E\n\n\u003C\/div\u003E\n\n","settings":null}]