[{"command":"settings","settings":{"pluralDelimiter":"\u0003","suppressDeprecationErrors":true,"ajaxPageState":{"libraries":"core\/drupal.ajax,core\/picturefill,ds\/ds_3col_equal_width","theme":"gaceta","theme_token":null},"ajaxTrustedUrl":[],"field_group":{"html_element":{"mode":"media_expanded","context":"view","settings":{"classes":"datos","show_empty_fields":false,"id":"","element":"div","show_label":false,"label_element":"h3","label_element_classes":"","attributes":"","effect":"none","speed":"fast"}}},"user":{"uid":0,"permissionsHash":"55dc977d165ab1e05e51b6cc6487f6d73e65ab536d99ee82c6990d9001d5c21c"}},"merge":true},{"command":"add_css","data":"\u003Clink rel=\u0022stylesheet\u0022 media=\u0022all\u0022 href=\u0022\/~gacetaua\/sites\/default\/files\/css\/css_mxJrjoKKAZuuB4_4f-B1u9VnFZxvSor3Az4JEdrFEso.css\u0022 \/\u003E\n\u003Clink rel=\u0022stylesheet\u0022 media=\u0022all\u0022 href=\u0022\/~gacetaua\/sites\/default\/files\/css\/css_-BXSGQpS8YTwwuXGbPoshUvZ7W-_HbYR3H7d0DA_mEY.css\u0022 \/\u003E\n\u003Clink rel=\u0022stylesheet\u0022 media=\u0022all\u0022 href=\u0022\/~gacetaua\/sites\/default\/files\/css\/css_89YreTu0npezhXSakRJR9TVHyBS9bTcyt0s3IckAe-M.css\u0022 \/\u003E\n"},{"command":"add_js","selector":"body","data":[{"src":"\/~gacetaua\/sites\/default\/files\/js\/js_9UaAhXvc9u0KYXXUw-OKyLP2baQxdV4zY3Y_KGurcvY.js"},{"src":"\/~gacetaua\/sites\/default\/files\/js\/js_oDJxUBLBzfRb_FDgNfkNOm9-tiatS2kNfxQIeVRZA7Y.js"},{"src":"\/~gacetaua\/sites\/default\/files\/js\/js_YM82KRuzNIr2X-Kb8pQW8cOcSbWgQ_QGKclTYJ_aMlI.js"},{"src":"\/~gacetaua\/sites\/default\/files\/js\/js_pqqsPPmPmxKgamY6qk_WSawtL05XH_yAY8GkPHVyahI.js"}]},{"command":"insert","method":"replaceWith","selector":".view-mode-full","data":"\u003Cdiv data-history-node-id=\u002220805\u0022 class=\u0022contenido view-mode-media_expanded ds-3col-equal clearfix\u0022\u003E\n\n  \n\n  \u003Cdiv class=\u0022area-medios group-left\u0022\u003E\n        \n                          \u003Cdiv  class=\u0022imagen\u0022 \u003E\n          \u003Cpicture\u003E\n                  \u003Csource srcset=\u0022\/~gacetaua\/sites\/default\/files\/styles\/max_650x650\/public\/notas\/2023-02-28\/serial02.webp?itok=5i1NbqoC 650w, \/~gacetaua\/sites\/default\/files\/styles\/max_1900x1900\/public\/notas\/2023-02-28\/serial02.webp?itok=0AAJ2p6J 960w\u0022 type=\u0022image\/webp\u0022 sizes=\u0022100vw\u0022\/\u003E\n              \u003Csource srcset=\u0022\/~gacetaua\/sites\/default\/files\/styles\/max_650x650\/public\/notas\/2023-02-28\/serial02.jpg?itok=5i1NbqoC 650w, \/~gacetaua\/sites\/default\/files\/styles\/max_1900x1900\/public\/notas\/2023-02-28\/serial02.jpg?itok=0AAJ2p6J 960w\u0022 type=\u0022image\/jpeg\u0022 sizes=\u0022100vw\u0022\/\u003E\n                  \u003Cimg srcset=\u0022\/~gacetaua\/sites\/default\/files\/styles\/max_650x650\/public\/notas\/2023-02-28\/serial02.jpg?itok=5i1NbqoC 650w, \/~gacetaua\/sites\/default\/files\/styles\/max_1900x1900\/public\/notas\/2023-02-28\/serial02.jpg?itok=0AAJ2p6J 960w\u0022 sizes=\u0022100vw\u0022 src=\u0022\/~gacetaua\/sites\/default\/files\/styles\/max_1300x1300\/public\/notas\/2023-02-28\/serial02.jpg?itok=IJ7xhLCO\u0022 alt=\u0022serial_uabc_2023\u0022 typeof=\u0022foaf:Image\u0022 class=\u0022img-fluid\u0022 \/\u003E\n\n  \u003C\/picture\u003E\n\n\u003C\/div\u003E\n      \n  \n\n      \u003Cdiv  class=\u0022boton-expander\u0022\u003E\n        \n                  \u003Cdiv class=\u0022item-list\u0022\u003E\u003Cul\u003E\u003Cli\u003E\u003Ca href=\u0022\/%7egacetaua\/ds-switch-view-mode\/node\/20805\/media_collapsed?selector=view-mode-media_expanded\u0022 class=\u0022use-ajax\u0022\u003E\u2191\u003C\/a\u003E\u003C\/li\u003E\u003C\/ul\u003E\u003C\/div\u003E\n      \n  \n    \u003C\/div\u003E\n\n\n  \u003C\/div\u003E\n\n  \u003Cdiv class=\u0022area-info group-middle\u0022\u003E\n    \n\u003Cdiv  class=\u0022inner\u0022\u003E\n          \n                          \u003Ch2  class=\u0022titulo\u0022 \u003E\n        A correr en el Serial UABC 2023\n\u003C\/h2\u003E\n      \n  \n\n    \n                          \u003Cdiv  class=\u0022resumen\u0022 \u003E\n      La Facultad de Deportes invita a la comunidad universitaria y sociedad en general a participar\u003C\/div\u003E\n      \n  \n\n\n\u003Cdiv  class=\u0022datos\u0022\u003E\n            \u003Cdiv  class=\u0022autor\u0022\u003E\n            \u003Cdiv  class=\u0022field-label-inline\u0022\u003EPor\u003C\/div\u003E\n  \n                  \u003Ca href=\u0022\/%7egacetaua\/autores\/vasthy-raquel-mejia-negrete\u0022 hreflang=\u0022es\u0022\u003EVasthy Raquel Mej\u00eda Negrete\u003C\/a\u003E\n      \n  \n    \u003C\/div\u003E\n\n      \u003Cdiv  class=\u0022campus\u0022\u003E\n            \u003Cdiv  class=\u0022field-label-inline\u0022\u003ECampus\u003C\/div\u003E\n  \n                  \u003Ca href=\u0022\/%7egacetaua\/campus\/tijuana\u0022 hreflang=\u0022es\u0022\u003ETijuana\u003C\/a\u003E\n      \n  \n    \u003C\/div\u003E\n\n    \n                          \u003Cdiv  class=\u0022fecha\u0022 \u003E\n      28 de Febrero de 2023\u003C\/div\u003E\n      \n  \n\n\n  \u003C\/div\u003E\n    \n                          \u003Cdiv  class=\u0022texto\u0022 \u003E\n      \u003Cp\u003ELa primera etapa del Serial UABC 2023 se acerca y tendr\u00e1 una nueva ruta que ser\u00e1 m\u00e1s retadora que en ediciones anteriores, con un recorrido de 8.5 kil\u00f3metros con tramos en superficies planas y con declives. La carrera se realizar\u00e1 el domingo 5 de marzo.\u003C\/p\u003E\n\n\u003Cp\u003EEl disparo de salida est\u00e1 programado para las 7:30 horas, partiendo de la Facultad de Deportes, para luego salir por el lado este del circuito vehicular para tomar la rampa descendiente de la Central Camionera y doblar hacia la derecha por Manuel Ojeda, para llegar a Buena Vista y subir la rampa en direcci\u00f3n a UABC hasta llegar a la meta situada en la misma unidad acad\u00e9mica.\u003C\/p\u003E\n\n\u003Cp\u003EPodr\u00e1n participar estudiantes y personal universitario, as\u00ed como grupos de corredores (as) y poblaci\u00f3n en general que desee activarse de una manera sana, divertida y en un ambiente familiar, ya que pueden participar personas de todas las edades.\u003C\/p\u003E\n\n\u003Cp\u003EAl igual que en las ediciones anteriores, este a\u00f1o el Serial constar\u00e1 de cuatro etapas a efectuarse el 5 de marzo, 29 de abril, 2 de septiembre y 29 de octubre, pudiendo obtener los corredores una medalla al llegar a la meta, para al finalizar las cuatro fechas poder armar el rompecabezas, que en esta ocasi\u00f3n formar\u00e1 la figura del emblem\u00e1tico logo de Cimarr\u00f3n mi Coraz\u00f3n, con el que tanto se ha identificado la comunidad de UABC.\u003C\/p\u003E\n\n\u003Cp\u003ELa cuota para los n\u00fameros de participaci\u00f3n es de 200 pesos, los cuales se pueden adquirir en la Subdirecci\u00f3n de la Facultad de Deportes en un horario de 8:00 a 17:00 horas. Para mayores informes las personas interesadas pueden comunicarse al tel\u00e9fono (664) 979-7566 o a trav\u00e9s de la p\u00e1gina de Facebook Serial UABC.\u003C\/p\u003E\n\n\u003Cp\u003EFOTOS: Cortes\u00eda.\u003C\/p\u003E\n\u003Cimg alt=\u0022Imagen eliminada.\u0022 data-entity-type=\u0022file\u0022 data-entity-uuid=\u0022dd84ab28-e66c-4002-a807-53cbbe308b2b\u0022 src=\u0022\/~gacetaua\/sites\/default\/files\/inline-images\/Medalla%20cimarr%C3%B3n%20mi%20coraz%C3%B3n.jpg\u0022 class=\u0022align-center filter-image-invalid\u0022 title=\u0022Esta imagen se ha eliminado. Por razones de seguridad, s\u00f3lo se permiten im\u00e1genes de dominio local.\u0022 height=\u002216\u0022 width=\u002216\u0022 loading=\u0022lazy\u0022 \/\u003E\u003Cp\u003E\u00a0\u003C\/p\u003E\u003C\/div\u003E\n      \n  \n\n    \n            \u003Cdiv  class=\u0022palabras-clave\u0022\u003E\n                        \u003Ca href=\u0022\/%7egacetaua\/tags\/serial-uabc\u0022 hreflang=\u0022es\u0022\u003ESerial UABC \u003C\/a\u003E\n      \n      \u003C\/div\u003E\n  \n\n\n  \u003C\/div\u003E\n\n  \u003C\/div\u003E\n\n  \u003Cdiv class=\u0022area-extras group-right\u0022\u003E\n        \n                          \u003Cdiv  class=\u0022enlace-blockBottom\u0022 \u003E\n      \u003Cdiv\u003EVer m\u00e1s \u003Ca href=\u0022http:\/\/gaceta.uabc.mx\/notas\u0022\u003ENotas\u003C\/a\u003E\u003C\/div\u003E\n\u003C\/div\u003E\n      \n  \n\n\n  \u003C\/div\u003E\n\n\u003C\/div\u003E\n\n","settings":null}]