[{"command":"settings","settings":{"pluralDelimiter":"\u0003","suppressDeprecationErrors":true,"ajaxPageState":{"libraries":"core\/drupal.ajax,core\/picturefill,ds\/ds_3col_equal_width","theme":"gaceta","theme_token":null},"ajaxTrustedUrl":[],"field_group":{"html_element":{"mode":"media_expanded","context":"view","settings":{"classes":"datos","show_empty_fields":false,"id":"","element":"div","show_label":false,"label_element":"h3","label_element_classes":"","attributes":"","effect":"none","speed":"fast"}}},"user":{"uid":0,"permissionsHash":"55dc977d165ab1e05e51b6cc6487f6d73e65ab536d99ee82c6990d9001d5c21c"}},"merge":true},{"command":"add_css","data":"\u003Clink rel=\u0022stylesheet\u0022 media=\u0022all\u0022 href=\u0022\/~gacetaua\/sites\/default\/files\/css\/css_mxJrjoKKAZuuB4_4f-B1u9VnFZxvSor3Az4JEdrFEso.css\u0022 \/\u003E\n\u003Clink rel=\u0022stylesheet\u0022 media=\u0022all\u0022 href=\u0022\/~gacetaua\/sites\/default\/files\/css\/css_-BXSGQpS8YTwwuXGbPoshUvZ7W-_HbYR3H7d0DA_mEY.css\u0022 \/\u003E\n\u003Clink rel=\u0022stylesheet\u0022 media=\u0022all\u0022 href=\u0022\/~gacetaua\/sites\/default\/files\/css\/css_89YreTu0npezhXSakRJR9TVHyBS9bTcyt0s3IckAe-M.css\u0022 \/\u003E\n"},{"command":"add_js","selector":"body","data":[{"src":"\/~gacetaua\/sites\/default\/files\/js\/js_9UaAhXvc9u0KYXXUw-OKyLP2baQxdV4zY3Y_KGurcvY.js"},{"src":"\/~gacetaua\/sites\/default\/files\/js\/js_oDJxUBLBzfRb_FDgNfkNOm9-tiatS2kNfxQIeVRZA7Y.js"},{"src":"\/~gacetaua\/sites\/default\/files\/js\/js_YM82KRuzNIr2X-Kb8pQW8cOcSbWgQ_QGKclTYJ_aMlI.js"},{"src":"\/~gacetaua\/sites\/default\/files\/js\/js_pqqsPPmPmxKgamY6qk_WSawtL05XH_yAY8GkPHVyahI.js"}]},{"command":"insert","method":"replaceWith","selector":".view-mode-full","data":"\u003Cdiv data-history-node-id=\u00222162\u0022 class=\u0022contenido view-mode-media_expanded ds-3col-equal clearfix\u0022\u003E\n\n  \n\n  \u003Cdiv class=\u0022area-medios group-left\u0022\u003E\n        \n                          \u003Cdiv  class=\u0022imagen\u0022 \u003E\n          \u003Cpicture\u003E\n                  \u003Csource srcset=\u0022\/~gacetaua\/sites\/default\/files\/styles\/max_650x650\/public\/2018-01\/Otorga%20UABC%20122%20plazas%20a%20docentes%2006.webp?itok=K-uMeN-6 650w, \/~gacetaua\/sites\/default\/files\/styles\/max_1300x1300\/public\/2018-01\/Otorga%20UABC%20122%20plazas%20a%20docentes%2006.webp?itok=55PnMm_W 1300w, \/~gacetaua\/sites\/default\/files\/styles\/max_1900x1900\/public\/2018-01\/Otorga%20UABC%20122%20plazas%20a%20docentes%2006.webp?itok=8Fnwdpuc 1600w\u0022 type=\u0022image\/webp\u0022 sizes=\u0022100vw\u0022\/\u003E\n              \u003Csource srcset=\u0022\/~gacetaua\/sites\/default\/files\/styles\/max_650x650\/public\/2018-01\/Otorga%20UABC%20122%20plazas%20a%20docentes%2006.jpg?itok=K-uMeN-6 650w, \/~gacetaua\/sites\/default\/files\/styles\/max_1300x1300\/public\/2018-01\/Otorga%20UABC%20122%20plazas%20a%20docentes%2006.jpg?itok=55PnMm_W 1300w, \/~gacetaua\/sites\/default\/files\/styles\/max_1900x1900\/public\/2018-01\/Otorga%20UABC%20122%20plazas%20a%20docentes%2006.jpg?itok=8Fnwdpuc 1600w\u0022 type=\u0022image\/jpeg\u0022 sizes=\u0022100vw\u0022\/\u003E\n                  \u003Cimg srcset=\u0022\/~gacetaua\/sites\/default\/files\/styles\/max_650x650\/public\/2018-01\/Otorga%20UABC%20122%20plazas%20a%20docentes%2006.jpg?itok=K-uMeN-6 650w, \/~gacetaua\/sites\/default\/files\/styles\/max_1300x1300\/public\/2018-01\/Otorga%20UABC%20122%20plazas%20a%20docentes%2006.jpg?itok=55PnMm_W 1300w, \/~gacetaua\/sites\/default\/files\/styles\/max_1900x1900\/public\/2018-01\/Otorga%20UABC%20122%20plazas%20a%20docentes%2006.jpg?itok=8Fnwdpuc 1600w\u0022 sizes=\u0022100vw\u0022 src=\u0022\/~gacetaua\/sites\/default\/files\/styles\/max_1300x1300\/public\/2018-01\/Otorga%20UABC%20122%20plazas%20a%20docentes%2006.jpg?itok=55PnMm_W\u0022 alt=\u0022Ceremonia_Entrega_Plazas_Docentes_Definitividades_Interinatos\u0022 typeof=\u0022foaf:Image\u0022 class=\u0022img-fluid\u0022 \/\u003E\n\n  \u003C\/picture\u003E\n\n\u003C\/div\u003E\n      \n  \n\n      \u003Cdiv  class=\u0022boton-expander\u0022\u003E\n        \n                  \u003Cdiv class=\u0022item-list\u0022\u003E\u003Cul\u003E\u003Cli\u003E\u003Ca href=\u0022\/%7egacetaua\/ds-switch-view-mode\/node\/2162\/media_collapsed?selector=view-mode-media_expanded\u0022 class=\u0022use-ajax\u0022\u003E\u2191\u003C\/a\u003E\u003C\/li\u003E\u003C\/ul\u003E\u003C\/div\u003E\n      \n  \n    \u003C\/div\u003E\n\n\n  \u003C\/div\u003E\n\n  \u003Cdiv class=\u0022area-info group-middle\u0022\u003E\n    \n\u003Cdiv  class=\u0022inner\u0022\u003E\n          \n                          \u003Ch2  class=\u0022titulo\u0022 \u003E\n        Otorga UABC 122 plazas a docentes\n\u003C\/h2\u003E\n      \n  \n\n    \n                          \u003Cdiv  class=\u0022resumen\u0022 \u003E\n      Acad\u00e9micos de los campus Ensenada, Mexicali y Tijuana recibieron definitividades e interinatos. \u003C\/div\u003E\n      \n  \n\n\n\u003Cdiv  class=\u0022datos\u0022\u003E\n            \u003Cdiv  class=\u0022autor\u0022\u003E\n            \u003Cdiv  class=\u0022field-label-inline\u0022\u003EPor\u003C\/div\u003E\n  \n                  \u003Ca href=\u0022\/%7egacetaua\/autores\/norma-angelica-gomez-bravo\u0022 hreflang=\u0022es\u0022\u003ENorma Ang\u00e9lica G\u00f3mez Bravo\u003C\/a\u003E\n      \n  \n    \u003C\/div\u003E\n\n      \u003Cdiv  class=\u0022campus\u0022\u003E\n            \u003Cdiv  class=\u0022field-label-inline\u0022\u003ECampus\u003C\/div\u003E\n  \n                  \u003Ca href=\u0022\/%7egacetaua\/campus\/uabc\u0022 hreflang=\u0022es\u0022\u003EUABC\u003C\/a\u003E\n      \n  \n    \u003C\/div\u003E\n\n    \n                          \u003Cdiv  class=\u0022fecha\u0022 \u003E\n      26 de Enero de 2018\u003C\/div\u003E\n      \n  \n\n\n  \u003C\/div\u003E\n    \n                          \u003Cdiv  class=\u0022texto\u0022 \u003E\n      \u003Cp\u003EUn total de 122 docentes de la Universidad Aut\u00f3noma de Baja California (UABC), recibieron una plaza acad\u00e9mica, resultado de los Concursos de Oposici\u00f3n y M\u00e9ritos 2017-2, los cuales son evaluaciones colegiadas en las que se aprecia la capacidad, preparaci\u00f3n y conocimiento de los candidatos en competencias pedag\u00f3gicas.\u00a0\u003C\/p\u003E\n\n\u003Cp\u003EEn la ceremonia de entrega de definitividades e interinatos, el doctor Juan Manuel Ocegueda Hern\u00e1ndez, Rector de la UABC, indic\u00f3 que acciones como esta, representan una mayor seguridad laboral para los docentes, ya que adem\u00e1s forman parte de una de las mejores universidades del pa\u00eds, con finanzas sanas y estabilidad econ\u00f3mica.\u00a0\u003C\/p\u003E\n\n\u003Cp\u003ESe entregaron 49 plazas definitivas, de las cuales once\u00a0corresponden a docentes de Ensenada, 16 de Mexicali y 22 de Tijuana. Tambi\u00e9n se asignaron 73 plazas interinas, catorce para Ensenada, 36 para Mexicali y 23 para Tijuana.\u00a0\u003C\/p\u003E\n\n\u003Cp\u003EDurante su discurso, el Rector se\u00f1al\u00f3 que la UABC est\u00e1 viviendo un proceso de cambio generacional en su planta docente y aunque se est\u00e1n jubilando docentes de reconocida trayectoria, est\u00e1n llegando nuevas fuerzas intelectuales \u201cque tienen el prop\u00f3sito de poner en alto el nombre de la Universidad Aut\u00f3noma de Baja California\u201d.\u00a0\u003C\/p\u003E\n\n\u003Cp\u003EAgreg\u00f3 que gracias al esfuerzo de la planta acad\u00e9mica, esta Instituci\u00f3n ha contribuido significativamente al desarrollo social y econ\u00f3mico de Baja California; ha formado a cerca de 165 mil profesionistas que ocupan espacios de liderazgo en los sectores p\u00fablico y privado a nivel nacional e internacional; cuenta con una matr\u00edcula de 65 mil estudiantes que representa aproximadamente el 60 por ciento de matr\u00edcula de licenciatura a nivel estatal y que la posiciona dentro de las siete universidades m\u00e1s grandes del pa\u00eds; aporta el 47 por ciento de la capacidad en la investigaci\u00f3n en el Estado, entre otros logros.\u00a0\u003C\/p\u003E\n\n\u003Cp\u003ETambi\u00e9n destac\u00f3 que la UABC cuenta con el 98 por ciento de sus programas educativos acreditados, ha ingresado a rankings de Am\u00e9rica Latina y mundiales, adem\u00e1s de que ha recibido otros reconocimientos, dando como resultado que sea la mejor universidad p\u00fablica estatal en la regi\u00f3n noroeste del pa\u00eds.\u00a0\u003C\/p\u003E\n\n\u003Cp\u003E\u201cQuiero exhortarlos a que sigan trabajando como hasta ahora lo han hecho, que sigan construyendo junto con nosotros este gran edificio social que es la Universidad Aut\u00f3noma de Baja California\u201d, puntualiz\u00f3 el Rector.\u00a0\u003C\/p\u003E\n\n\u003Cp\u003EPor su parte, el profesor Francisco Javier M\u00e1rquez Cortez, Secretario General del Sindicato de Profesores Superaci\u00f3n Universitaria (SPSU) indic\u00f3 que con la entrega de plazas se est\u00e1 cumpliendo con uno de los objetivos en la vida laboral y profesional de un docente, que adem\u00e1s los compromete a redoblar esfuerzos. \u201cAcad\u00e9micos comprometidos con la educaci\u00f3n superior e investigaci\u00f3n en beneficio de la sociedad, que espera que la Universidad forme profesionalmente a sus hijos\u201d.\u00a0\u003C\/p\u003E\n\n\u003Cp\u003EComo representante de las Academias particip\u00f3 el doctor Rogelio Arturo Ramos Irigoyen, quien felicit\u00f3 a todos sus colegas que recibieron constancia de su definitividad o interinato y los exhort\u00f3 a participar activamente en los principios fundamentales de la Universidad.\u00a0\u003C\/p\u003E\n\n\u003Cp\u003E\u201cEvolucionen acorde a las necesidades de la sociedad; sean innovadores y progresistas en la formaci\u00f3n de personal de alto nivel en las diferentes \u00e1reas del conocimiento para los grados de licenciatura y posgrado, en las actividades de investigaci\u00f3n, as\u00ed como en la extensi\u00f3n universitaria. Lleven consigo y representen con honor, lealtad, conocimiento, \u00e9tica profesional y valores cimarrones, el nombre de la UABC\u201d, puntualiz\u00f3 el doctor Ramos Irigoyen.\u00a0\u003C\/p\u003E\n\n\u003Cp\u003EEn la ceremonia tambi\u00e9n conformaron el pres\u00eddium el doctor Alfonso Vega L\u00f3pez, Secretario General de la UABC; doctora Blanca Rosa Garc\u00eda Rivera, Vicerrectora del Campus Ensenada; doctor \u00c1ngel Norzagaray Norzagaray, Vicerrector del Campus Mexicali; doctora Mar\u00eda Eugenia P\u00e9rez Morales, Vicerrectora del Campus Tijuana, y el doctor Mart\u00edn Arturo Ram\u00edrez Urquidy, Coordinador General de Recursos Humanos.\u003C\/p\u003E\u003C\/div\u003E\n      \n  \n\n    \n            \u003Cdiv  class=\u0022palabras-clave\u0022\u003E\n                        \u003Ca href=\u0022\/%7egacetaua\/tags\/ceremonia\u0022 hreflang=\u0022es\u0022\u003ECeremonia\u003C\/a\u003E\n                \u003Ca href=\u0022\/%7egacetaua\/tags\/entrega\u0022 hreflang=\u0022es\u0022\u003EEntrega\u003C\/a\u003E\n                \u003Ca href=\u0022\/%7egacetaua\/tags\/plazas\u0022 hreflang=\u0022es\u0022\u003EPlazas\u003C\/a\u003E\n                \u003Ca href=\u0022\/%7egacetaua\/tags\/docentes\u0022 hreflang=\u0022es\u0022\u003EDocentes\u003C\/a\u003E\n                \u003Ca href=\u0022\/%7egacetaua\/tags\/definitividades\u0022 hreflang=\u0022es\u0022\u003EDefinitividades\u003C\/a\u003E\n                \u003Ca href=\u0022\/%7egacetaua\/tags\/interinatos\u0022 hreflang=\u0022es\u0022\u003EInterinatos\u003C\/a\u003E\n      \n      \u003C\/div\u003E\n  \n\n\n  \u003C\/div\u003E\n\n  \u003C\/div\u003E\n\n  \u003Cdiv class=\u0022area-extras group-right\u0022\u003E\n        \n                          \u003Cdiv  class=\u0022enlace-blockBottom\u0022 \u003E\n      \u003Cdiv\u003EVer m\u00e1s \u003Ca href=\u0022http:\/\/gaceta.uabc.mx\/notas\u0022\u003ENotas\u003C\/a\u003E\u003C\/div\u003E\n\u003C\/div\u003E\n      \n  \n\n\n  \u003C\/div\u003E\n\n\u003C\/div\u003E\n\n","settings":null}]