[{"command":"settings","settings":{"pluralDelimiter":"\u0003","suppressDeprecationErrors":true,"ajaxPageState":{"libraries":"core\/drupal.ajax,core\/picturefill,ds\/ds_3col_equal_width","theme":"gaceta","theme_token":null},"ajaxTrustedUrl":[],"field_group":{"html_element":{"mode":"media_expanded","context":"view","settings":{"classes":"datos","show_empty_fields":false,"id":"","element":"div","show_label":false,"label_element":"h3","label_element_classes":"","attributes":"","effect":"none","speed":"fast"}}},"user":{"uid":0,"permissionsHash":"55dc977d165ab1e05e51b6cc6487f6d73e65ab536d99ee82c6990d9001d5c21c"}},"merge":true},{"command":"add_css","data":"\u003Clink rel=\u0022stylesheet\u0022 media=\u0022all\u0022 href=\u0022\/~gacetaua\/sites\/default\/files\/css\/css_mxJrjoKKAZuuB4_4f-B1u9VnFZxvSor3Az4JEdrFEso.css\u0022 \/\u003E\n\u003Clink rel=\u0022stylesheet\u0022 media=\u0022all\u0022 href=\u0022\/~gacetaua\/sites\/default\/files\/css\/css_-BXSGQpS8YTwwuXGbPoshUvZ7W-_HbYR3H7d0DA_mEY.css\u0022 \/\u003E\n\u003Clink rel=\u0022stylesheet\u0022 media=\u0022all\u0022 href=\u0022\/~gacetaua\/sites\/default\/files\/css\/css_89YreTu0npezhXSakRJR9TVHyBS9bTcyt0s3IckAe-M.css\u0022 \/\u003E\n"},{"command":"add_js","selector":"body","data":[{"src":"\/~gacetaua\/sites\/default\/files\/js\/js_9UaAhXvc9u0KYXXUw-OKyLP2baQxdV4zY3Y_KGurcvY.js"},{"src":"\/~gacetaua\/sites\/default\/files\/js\/js_oDJxUBLBzfRb_FDgNfkNOm9-tiatS2kNfxQIeVRZA7Y.js"},{"src":"\/~gacetaua\/sites\/default\/files\/js\/js_YM82KRuzNIr2X-Kb8pQW8cOcSbWgQ_QGKclTYJ_aMlI.js"},{"src":"\/~gacetaua\/sites\/default\/files\/js\/js_pqqsPPmPmxKgamY6qk_WSawtL05XH_yAY8GkPHVyahI.js"}]},{"command":"insert","method":"replaceWith","selector":".view-mode-full","data":"\u003Cdiv data-history-node-id=\u002223479\u0022 class=\u0022contenido view-mode-media_expanded ds-3col-equal clearfix\u0022\u003E\n\n  \n\n  \u003Cdiv class=\u0022area-medios group-left\u0022\u003E\n        \n                          \u003Cdiv  class=\u0022imagen\u0022 \u003E\n          \u003Cpicture\u003E\n                  \u003Csource srcset=\u0022\/~gacetaua\/sites\/default\/files\/styles\/max_650x650\/public\/notas\/2025-07-24\/2K6A5079%20%282%29.webp?itok=fbBTPlJU 650w, \/~gacetaua\/sites\/default\/files\/styles\/max_1300x1300\/public\/notas\/2025-07-24\/2K6A5079%20%282%29.webp?itok=zhJ_4dK4 1300w, \/~gacetaua\/sites\/default\/files\/styles\/max_1900x1900\/public\/notas\/2025-07-24\/2K6A5079%20%282%29.webp?itok=SxYhZB8T 1900w\u0022 type=\u0022image\/webp\u0022 sizes=\u0022100vw\u0022\/\u003E\n              \u003Csource srcset=\u0022\/~gacetaua\/sites\/default\/files\/styles\/max_650x650\/public\/notas\/2025-07-24\/2K6A5079%20%282%29.jpg?itok=fbBTPlJU 650w, \/~gacetaua\/sites\/default\/files\/styles\/max_1300x1300\/public\/notas\/2025-07-24\/2K6A5079%20%282%29.jpg?itok=zhJ_4dK4 1300w, \/~gacetaua\/sites\/default\/files\/styles\/max_1900x1900\/public\/notas\/2025-07-24\/2K6A5079%20%282%29.jpg?itok=SxYhZB8T 1900w\u0022 type=\u0022image\/jpeg\u0022 sizes=\u0022100vw\u0022\/\u003E\n                  \u003Cimg srcset=\u0022\/~gacetaua\/sites\/default\/files\/styles\/max_650x650\/public\/notas\/2025-07-24\/2K6A5079%20%282%29.jpg?itok=fbBTPlJU 650w, \/~gacetaua\/sites\/default\/files\/styles\/max_1300x1300\/public\/notas\/2025-07-24\/2K6A5079%20%282%29.jpg?itok=zhJ_4dK4 1300w, \/~gacetaua\/sites\/default\/files\/styles\/max_1900x1900\/public\/notas\/2025-07-24\/2K6A5079%20%282%29.jpg?itok=SxYhZB8T 1900w\u0022 sizes=\u0022100vw\u0022 src=\u0022\/~gacetaua\/sites\/default\/files\/styles\/max_1300x1300\/public\/notas\/2025-07-24\/2K6A5079%20%282%29.jpg?itok=zhJ_4dK4\u0022 alt=\u0022Vicerrector campus Mexicali con estudiantes visitantes del programa Delf\u00edn 2025\u0022 typeof=\u0022foaf:Image\u0022 class=\u0022img-fluid\u0022 \/\u003E\n\n  \u003C\/picture\u003E\n\n\u003C\/div\u003E\n      \n  \n\n      \u003Cdiv  class=\u0022boton-expander\u0022\u003E\n        \n                  \u003Cdiv class=\u0022item-list\u0022\u003E\u003Cul\u003E\u003Cli\u003E\u003Ca href=\u0022\/%7egacetaua\/ds-switch-view-mode\/node\/23479\/media_collapsed?selector=view-mode-media_expanded\u0022 class=\u0022use-ajax\u0022\u003E\u2191\u003C\/a\u003E\u003C\/li\u003E\u003C\/ul\u003E\u003C\/div\u003E\n      \n  \n    \u003C\/div\u003E\n\n\n  \u003C\/div\u003E\n\n  \u003Cdiv class=\u0022area-info group-middle\u0022\u003E\n    \n\u003Cdiv  class=\u0022inner\u0022\u003E\n          \n                          \u003Ch2  class=\u0022titulo\u0022 \u003E\n        Culmina en UABC Mexicali el Programa Delf\u00edn 2025 con presentaci\u00f3n de proyectos de investigaci\u00f3n\n\u003C\/h2\u003E\n      \n  \n\n    \n                          \u003Cdiv  class=\u0022resumen\u0022 \u003E\n      Estudiantes visitantes compartieron avances y experiencias tras sus estancias de investigaci\u00f3n en el Campus Mexicali\u003C\/div\u003E\n      \n  \n\n\n\u003Cdiv  class=\u0022datos\u0022\u003E\n            \u003Cdiv  class=\u0022autor\u0022\u003E\n            \u003Cdiv  class=\u0022field-label-inline\u0022\u003EPor\u003C\/div\u003E\n  \n                  \u003Ca href=\u0022\/%7egacetaua\/autores\/andrea-ruiz-laureano\u0022 hreflang=\u0022es\u0022\u003EAndrea Ru\u00edz Laureano\u003C\/a\u003E\n      \n  \n    \u003C\/div\u003E\n\n      \u003Cdiv  class=\u0022campus\u0022\u003E\n            \u003Cdiv  class=\u0022field-label-inline\u0022\u003ECampus\u003C\/div\u003E\n  \n                  \u003Ca href=\u0022\/%7egacetaua\/campus\/mexicali\u0022 hreflang=\u0022es\u0022\u003EMexicali\u003C\/a\u003E\n      \n  \n    \u003C\/div\u003E\n\n    \n                          \u003Cdiv  class=\u0022fecha\u0022 \u003E\n      24 de Julio de 2025\u003C\/div\u003E\n      \n  \n\n\n  \u003C\/div\u003E\n    \n                          \u003Cdiv  class=\u0022texto\u0022 \u003E\n      \u003Cp\u003ECon presentaciones que reflejaron su compromiso con el conocimiento, se llev\u00f3 a cabo la clausura del Programa Delf\u00edn 2025 en la Universidad Aut\u00f3noma de Baja California (UABC), Campus Mexicali, con la participaci\u00f3n de estudiantes visitantes que realizaron estancias de investigaci\u00f3n en distintas unidades acad\u00e9micas de este campus.\u003C\/p\u003E\n\n\u003Cp\u003EDurante la jornada, alumnas y alumnos provenientes de instituciones de educaci\u00f3n superior de distintos estados del pa\u00eds y de Colombia, compartieron los avances de los proyectos que desarrollaron bajo la asesor\u00eda de docentes de la UABC. Las \u00e1reas abordadas incluyeron ingenier\u00eda, ciencias agr\u00edcolas, salud, ciencias sociales, administrativas, odontolog\u00eda, enfermer\u00eda, pedagog\u00eda y artes.\u003C\/p\u003E\n\n\u003Cp\u003ELa inauguraci\u00f3n del evento estuvo a cargo del doctor Jes\u00fas Adolfo Soto Curiel, vicerrector del Campus Mexicali, quien destac\u00f3 el impacto transformador de esta experiencia en la formaci\u00f3n profesional del estudiantado. Se\u00f1al\u00f3 que \u201choy no solo compartir\u00e1n resultados, sino tambi\u00e9n experiencias que seguramente transformaron su manera de ver la ciencia, la academia y su propio futuro profesional. Cada vivencia que nos compartir\u00e1n es testimonio de su compromiso con el conocimiento y con su desarrollo como estudiantes de alto nivel\u201d. Asimismo, reconoci\u00f3 el trabajo de las y los acad\u00e9micos y la apertura de las unidades universitarias para acompa\u00f1ar estos procesos de formaci\u00f3n.\u003C\/p\u003E\n\n\u003Cp\u003ELa actividad, organizada por el Departamento de Apoyo a la Docencia y la Investigaci\u00f3n del campus, permiti\u00f3 visibilizar el trabajo conjunto entre investigadoras e investigadores anfitriones y sus estudiantes, quienes durante varias semanas colaboraron en laboratorios, aulas y espacios de campo de las facultades e institutos del Campus Mexicali.\u003C\/p\u003E\n\n\u003Cp\u003EAl cierre del evento, la doctora Yaralin Aceves Villanueva, jefa del Departamento de Apoyo a la Docencia y la Investigaci\u00f3n, felicit\u00f3 a las y los participantes por su esfuerzo y entrega, mencion\u00f3 que \u201cha sido inspirador escuchar c\u00f3mo estudiantes de diversas \u00e1reas del conocimiento han vivido su estancia de investigaci\u00f3n en nuestro Campus Mexicali, demostrando que la ciencia, la creatividad y el compromiso no conocen fronteras disciplinarias. Hoy celebramos no solo los aprendizajes obtenidos, sino tambi\u00e9n los lazos que se han tejido entre instituciones, investigadores y estudiantes. Que este espacio sea solo el inicio de muchos m\u00e1s encuentros que impulsen la vocaci\u00f3n cient\u00edfica y el desarrollo de nuestro pa\u00eds\u201d, expres\u00f3.\u003C\/p\u003E\n\n\u003Cp\u003EEl Programa Delf\u00edn, que promueve la movilidad acad\u00e9mica y la vocaci\u00f3n por la investigaci\u00f3n en j\u00f3venes universitarios, ha sido una plataforma clave para consolidar redes de colaboraci\u00f3n entre instituciones de educaci\u00f3n superior de M\u00e9xico y Am\u00e9rica Latina.\u003C\/p\u003E\n\n\u003Cp\u003E\u00a0\u003C\/p\u003E\u003C\/div\u003E\n      \n  \n\n    \n            \u003Cdiv  class=\u0022palabras-clave\u0022\u003E\n                        \u003Ca href=\u0022\/%7egacetaua\/tags\/programa-delfin\u0022 hreflang=\u0022es\u0022\u003EPrograma Delf\u00edn\u003C\/a\u003E\n      \n      \u003C\/div\u003E\n  \n\n\n  \u003C\/div\u003E\n\n  \u003C\/div\u003E\n\n  \u003Cdiv class=\u0022area-extras group-right\u0022\u003E\n        \n                          \u003Cdiv  class=\u0022enlace-blockBottom\u0022 \u003E\n      \u003Cdiv\u003EVer m\u00e1s \u003Ca href=\u0022http:\/\/gaceta.uabc.mx\/notas\u0022\u003ENotas\u003C\/a\u003E\u003C\/div\u003E\n\u003C\/div\u003E\n      \n  \n\n\n  \u003C\/div\u003E\n\n\u003C\/div\u003E\n\n","settings":null}]