[{"command":"settings","settings":{"pluralDelimiter":"\u0003","suppressDeprecationErrors":true,"ajaxPageState":{"libraries":"core\/drupal.ajax,core\/picturefill,ds\/ds_3col_equal_width","theme":"gaceta","theme_token":null},"ajaxTrustedUrl":[],"field_group":{"html_element":{"mode":"media_expanded","context":"view","settings":{"classes":"datos","show_empty_fields":false,"id":"","element":"div","show_label":false,"label_element":"h3","label_element_classes":"","attributes":"","effect":"none","speed":"fast"}}},"user":{"uid":0,"permissionsHash":"55dc977d165ab1e05e51b6cc6487f6d73e65ab536d99ee82c6990d9001d5c21c"}},"merge":true},{"command":"add_css","data":"\u003Clink rel=\u0022stylesheet\u0022 media=\u0022all\u0022 href=\u0022\/~gacetaua\/sites\/default\/files\/css\/css_mxJrjoKKAZuuB4_4f-B1u9VnFZxvSor3Az4JEdrFEso.css\u0022 \/\u003E\n\u003Clink rel=\u0022stylesheet\u0022 media=\u0022all\u0022 href=\u0022\/~gacetaua\/sites\/default\/files\/css\/css_-BXSGQpS8YTwwuXGbPoshUvZ7W-_HbYR3H7d0DA_mEY.css\u0022 \/\u003E\n\u003Clink rel=\u0022stylesheet\u0022 media=\u0022all\u0022 href=\u0022\/~gacetaua\/sites\/default\/files\/css\/css_89YreTu0npezhXSakRJR9TVHyBS9bTcyt0s3IckAe-M.css\u0022 \/\u003E\n"},{"command":"add_js","selector":"body","data":[{"src":"\/~gacetaua\/sites\/default\/files\/js\/js_9UaAhXvc9u0KYXXUw-OKyLP2baQxdV4zY3Y_KGurcvY.js"},{"src":"\/~gacetaua\/sites\/default\/files\/js\/js_oDJxUBLBzfRb_FDgNfkNOm9-tiatS2kNfxQIeVRZA7Y.js"},{"src":"\/~gacetaua\/sites\/default\/files\/js\/js_YM82KRuzNIr2X-Kb8pQW8cOcSbWgQ_QGKclTYJ_aMlI.js"},{"src":"\/~gacetaua\/sites\/default\/files\/js\/js_pqqsPPmPmxKgamY6qk_WSawtL05XH_yAY8GkPHVyahI.js"}]},{"command":"insert","method":"replaceWith","selector":".view-mode-full","data":"\u003Cdiv data-history-node-id=\u002223646\u0022 class=\u0022contenido view-mode-media_expanded ds-3col-equal clearfix\u0022\u003E\n\n  \n\n  \u003Cdiv class=\u0022area-medios group-left\u0022\u003E\n        \n                          \u003Cdiv  class=\u0022imagen\u0022 \u003E\n          \u003Cpicture\u003E\n                  \u003Csource srcset=\u0022\/~gacetaua\/sites\/default\/files\/styles\/max_650x650\/public\/notas\/2025-09-18\/legado-uabc.webp?itok=LCnsxyaP 650w, \/~gacetaua\/sites\/default\/files\/styles\/max_1300x1300\/public\/notas\/2025-09-18\/legado-uabc.webp?itok=KFF1xl12 1300w, \/~gacetaua\/sites\/default\/files\/styles\/max_1900x1900\/public\/notas\/2025-09-18\/legado-uabc.webp?itok=T6DiUSca 1615w\u0022 type=\u0022image\/webp\u0022 sizes=\u0022100vw\u0022\/\u003E\n              \u003Csource srcset=\u0022\/~gacetaua\/sites\/default\/files\/styles\/max_650x650\/public\/notas\/2025-09-18\/legado-uabc.jpeg?itok=LCnsxyaP 650w, \/~gacetaua\/sites\/default\/files\/styles\/max_1300x1300\/public\/notas\/2025-09-18\/legado-uabc.jpeg?itok=KFF1xl12 1300w, \/~gacetaua\/sites\/default\/files\/styles\/max_1900x1900\/public\/notas\/2025-09-18\/legado-uabc.jpeg?itok=T6DiUSca 1615w\u0022 type=\u0022image\/jpeg\u0022 sizes=\u0022100vw\u0022\/\u003E\n                  \u003Cimg srcset=\u0022\/~gacetaua\/sites\/default\/files\/styles\/max_650x650\/public\/notas\/2025-09-18\/legado-uabc.jpeg?itok=LCnsxyaP 650w, \/~gacetaua\/sites\/default\/files\/styles\/max_1300x1300\/public\/notas\/2025-09-18\/legado-uabc.jpeg?itok=KFF1xl12 1300w, \/~gacetaua\/sites\/default\/files\/styles\/max_1900x1900\/public\/notas\/2025-09-18\/legado-uabc.jpeg?itok=T6DiUSca 1615w\u0022 sizes=\u0022100vw\u0022 src=\u0022\/~gacetaua\/sites\/default\/files\/styles\/max_1300x1300\/public\/notas\/2025-09-18\/legado-uabc.jpeg?itok=KFF1xl12\u0022 alt=\u0022.\u0022 typeof=\u0022foaf:Image\u0022 class=\u0022img-fluid\u0022 \/\u003E\n\n  \u003C\/picture\u003E\n\n\u003C\/div\u003E\n      \n  \n\n      \u003Cdiv  class=\u0022boton-expander\u0022\u003E\n        \n                  \u003Cdiv class=\u0022item-list\u0022\u003E\u003Cul\u003E\u003Cli\u003E\u003Ca href=\u0022\/%7egacetaua\/ds-switch-view-mode\/node\/23646\/media_collapsed?selector=view-mode-media_expanded\u0022 class=\u0022use-ajax\u0022\u003E\u2191\u003C\/a\u003E\u003C\/li\u003E\u003C\/ul\u003E\u003C\/div\u003E\n      \n  \n    \u003C\/div\u003E\n\n\n  \u003C\/div\u003E\n\n  \u003Cdiv class=\u0022area-info group-middle\u0022\u003E\n    \n\u003Cdiv  class=\u0022inner\u0022\u003E\n          \n                          \u003Ch2  class=\u0022titulo\u0022 \u003E\n        UABC recibe legado documental de su fundaci\u00f3n\n\u003C\/h2\u003E\n      \n  \n\n    \n                          \u003Cdiv  class=\u0022resumen\u0022 \u003E\n      El acto constituye un hito para la memoria universitaria y un reconocimiento a la visi\u00f3n de quienes impulsaron la creaci\u00f3n de la instituci\u00f3n\u003C\/div\u003E\n      \n  \n\n\n\u003Cdiv  class=\u0022datos\u0022\u003E\n            \u003Cdiv  class=\u0022autor\u0022\u003E\n            \u003Cdiv  class=\u0022field-label-inline\u0022\u003EPor\u003C\/div\u003E\n  \n                  \u003Ca href=\u0022\/%7egacetaua\/autores\/olivia-yaritza-lopez-segoviano\u0022 hreflang=\u0022es\u0022\u003EOlivia Yaritza L\u00f3pez Segoviano\u003C\/a\u003E\n      \n  \n    \u003C\/div\u003E\n\n      \u003Cdiv  class=\u0022campus\u0022\u003E\n            \u003Cdiv  class=\u0022field-label-inline\u0022\u003ECampus\u003C\/div\u003E\n  \n                  \u003Ca href=\u0022\/%7egacetaua\/campus\/uabc\u0022 hreflang=\u0022es\u0022\u003EUABC\u003C\/a\u003E\n      \n  \n    \u003C\/div\u003E\n\n    \n                          \u003Cdiv  class=\u0022fecha\u0022 \u003E\n      18 de Septiembre de 2025\u003C\/div\u003E\n      \n  \n\n\n  \u003C\/div\u003E\n    \n                          \u003Cdiv  class=\u0022texto\u0022 \u003E\n      \u003Cp\u003EEn un emotivo encuentro celebrado en la Rector\u00eda, la Universidad Aut\u00f3noma de Baja California (UABC) recibi\u00f3 documentos originales que dan cuenta de su fundaci\u00f3n y consolidaci\u00f3n como m\u00e1xima casa de estudios de la entidad.\u003C\/p\u003E\n\n\u003Cp\u003EEstos materiales, resguardados durante d\u00e9cadas por el profesor Lorenzo L\u00f3pez Gonz\u00e1lez y su familia, fueron entregados al rector de la UABC, doctor Luis Enrique Palafox Maestre, por parte de una comitiva de descendientes de personajes clave en la creaci\u00f3n de la instituci\u00f3n, encabezada por el se\u00f1or Lorenzo L\u00f3pez Lima.\u003C\/p\u003E\n\n\u003Cp\u003EDurante la reuni\u00f3n, el rector expres\u00f3 su agradecimiento por este gesto generoso que enriquece el patrimonio hist\u00f3rico universitario. Se\u00f1al\u00f3 que m\u00e1s all\u00e1 del valor documental, lo m\u00e1s significativo es poder escuchar de viva voz las experiencias de quienes fueron testigos y protagonistas de los primeros pasos de la UABC.\u003C\/p\u003E\n\n\u003Cp\u003E\u201cNo hay forma de entender la vida de tantas personas, incluy\u00e9ndome, sin la universidad. Esta casa de estudios nos ha dado formaci\u00f3n, oportunidades y la posibilidad de contribuir al desarrollo de Baja California. Por eso este reconocimiento a quienes la fundaron es un acto de justicia\u201d, afirm\u00f3.\u003C\/p\u003E\n\n\u003Cp\u003EEl rector destac\u00f3 que este acto no solo fortalece la memoria institucional, sino que tambi\u00e9n reafirma la identidad universitaria de miles de cimarronas y cimarrones. \u201cHoy honramos a quienes tuvieron la visi\u00f3n de imaginar una universidad p\u00fablica, aut\u00f3noma y plural. Gracias a ese legado, m\u00e1s de 70 mil estudiantes y m\u00e1s de 270 mil egresadas y egresados han tenido la oportunidad de transformar su vida y aportar al desarrollo de nuestro estado\u201d, subray\u00f3.\u003C\/p\u003E\n\n\u003Cp\u003EFinalmente, se reconoci\u00f3 que la entrega de este acervo hist\u00f3rico constituye un hito que quedar\u00e1 marcado en la memoria universitaria. Con ello, la UABC reafirma su compromiso de preservar, difundir y honrar su historia, entendiendo que el presente y el futuro de la instituci\u00f3n se sostienen sobre los cimientos construidos por las y los pioneros que creyeron en la educaci\u00f3n como motor de progreso.\u003C\/p\u003E\n\n\u003Cp\u003EEl se\u00f1or Lorenzo L\u00f3pez Lima explic\u00f3 que entre los documentos entregados se incluyen el acta constitutiva del Comit\u00e9 Pro Universidad, decretos, oficios y comunicaciones oficiales que narran el proceso de creaci\u00f3n de la UABC, desde la iniciativa del gobernador Braulio Maldonado y la labor del profesor Lorenzo L\u00f3pez Gonz\u00e1lez, hasta la instalaci\u00f3n del Comit\u00e9 Estatal en 1957 y la conformaci\u00f3n de la primera Junta de Gobierno en 1967.\u003C\/p\u003E\n\n\u003Cp\u003EEntre los asistentes se cont\u00f3 con la presencia de familiares directos de estos fundadores, quienes compartieron recuerdos y an\u00e9cdotas que dieron vida a la historia.\u003C\/p\u003E\n\n\u003Cp\u003E\u003Cimg alt=\u0022Imagen eliminada.\u0022 data-entity-type=\u0022file\u0022 data-entity-uuid=\u002230f28bd6-b464-475b-8725-9e8915c785ca\u0022 src=\u0022\/~gacetaua\/sites\/default\/files\/inline-images\/legado%20uabc.jpeg\u0022 title=\u0022Esta imagen se ha eliminado. Por razones de seguridad, s\u00f3lo se permiten im\u00e1genes de dominio local.\u0022 height=\u002216\u0022 width=\u002216\u0022 class=\u0022filter-image-invalid\u0022 loading=\u0022lazy\u0022 \/\u003E\u003C\/p\u003E\u003C\/div\u003E\n      \n  \n\n    \n            \u003Cdiv  class=\u0022palabras-clave\u0022\u003E\n                        \u003Ca href=\u0022\/%7egacetaua\/tags\/legado-cimarron\u0022 hreflang=\u0022es\u0022\u003Elegado cimarr\u00f3n\u003C\/a\u003E\n                \u003Ca href=\u0022\/%7egacetaua\/tags\/fundacion\u0022 hreflang=\u0022es\u0022\u003EFundaci\u00f3n\u003C\/a\u003E\n                \u003Ca href=\u0022\/%7egacetaua\/tags\/patrimonio-historico-universitario\u0022 hreflang=\u0022es\u0022\u003Epatrimonio hist\u00f3rico universitario\u003C\/a\u003E\n      \n      \u003C\/div\u003E\n  \n\n\n  \u003C\/div\u003E\n\n  \u003C\/div\u003E\n\n  \u003Cdiv class=\u0022area-extras group-right\u0022\u003E\n        \n                          \u003Cdiv  class=\u0022enlace-blockBottom\u0022 \u003E\n      \u003Cdiv\u003EVer m\u00e1s \u003Ca href=\u0022http:\/\/gaceta.uabc.mx\/notas\u0022\u003ENotas\u003C\/a\u003E\u003C\/div\u003E\n\u003C\/div\u003E\n      \n  \n\n\n  \u003C\/div\u003E\n\n\u003C\/div\u003E\n\n","settings":null}]