[{"command":"settings","settings":{"pluralDelimiter":"\u0003","suppressDeprecationErrors":true,"ajaxPageState":{"libraries":"core\/drupal.ajax,ds\/ds_3col_equal_width","theme":"gaceta","theme_token":null},"ajaxTrustedUrl":[],"field_group":{"html_element":{"mode":"media_expanded","context":"view","settings":{"classes":"datos","show_empty_fields":false,"id":"","element":"div","show_label":false,"label_element":"h3","label_element_classes":"","attributes":"","effect":"none","speed":"fast"}}},"user":{"uid":0,"permissionsHash":"55dc977d165ab1e05e51b6cc6487f6d73e65ab536d99ee82c6990d9001d5c21c"}},"merge":true},{"command":"add_css","data":"\u003Clink rel=\u0022stylesheet\u0022 media=\u0022all\u0022 href=\u0022\/~gacetaua\/sites\/default\/files\/css\/css_mxJrjoKKAZuuB4_4f-B1u9VnFZxvSor3Az4JEdrFEso.css\u0022 \/\u003E\n\u003Clink rel=\u0022stylesheet\u0022 media=\u0022all\u0022 href=\u0022\/~gacetaua\/sites\/default\/files\/css\/css_-BXSGQpS8YTwwuXGbPoshUvZ7W-_HbYR3H7d0DA_mEY.css\u0022 \/\u003E\n\u003Clink rel=\u0022stylesheet\u0022 media=\u0022all\u0022 href=\u0022\/~gacetaua\/sites\/default\/files\/css\/css_89YreTu0npezhXSakRJR9TVHyBS9bTcyt0s3IckAe-M.css\u0022 \/\u003E\n"},{"command":"add_js","selector":"body","data":[{"src":"\/~gacetaua\/sites\/default\/files\/js\/js_9UaAhXvc9u0KYXXUw-OKyLP2baQxdV4zY3Y_KGurcvY.js"},{"src":"\/~gacetaua\/sites\/default\/files\/js\/js_oDJxUBLBzfRb_FDgNfkNOm9-tiatS2kNfxQIeVRZA7Y.js"},{"src":"\/~gacetaua\/sites\/default\/files\/js\/js_1RP4qUEvRifRPl9mYl8nA5jNqky6vVqo6nKEmFCp0ko.js"},{"src":"\/~gacetaua\/sites\/default\/files\/js\/js_JWYilEE4EQG7Dr-JhBmcQVwxs1c7FMUMbFbUcXjlSYw.js"}]},{"command":"insert","method":"replaceWith","selector":".view-mode-full","data":"\u003Cdiv data-history-node-id=\u0022255\u0022 class=\u0022contenido view-mode-media_expanded ds-3col-equal clearfix\u0022\u003E\n\n  \n\n  \u003Cdiv class=\u0022area-medios group-left\u0022\u003E\n        \n                          \u003Cdiv  class=\u0022imagen-alterna\u0022 \u003E\n        \u003Cimg loading=\u0022lazy\u0022 src=\u0022\/~gacetaua\/sites\/default\/files\/imagenes\/notas\/2016-09\/Inauguran%20%20Expo%20Asfalto.jpg\u0022 width=\u00224608\u0022 height=\u00223072\u0022 alt=\u0022Expo Asfalto_Semana del Asfalto_Vinculaci\u00f3n\u0022 typeof=\u0022foaf:Image\u0022 class=\u0022img-fluid\u0022 \/\u003E\n\n\u003C\/div\u003E\n      \n  \n\n      \u003Cdiv  class=\u0022boton-expander\u0022\u003E\n        \n                  \u003Cdiv class=\u0022item-list\u0022\u003E\u003Cul\u003E\u003Cli\u003E\u003Ca href=\u0022\/%7egacetaua\/ds-switch-view-mode\/node\/255\/media_collapsed?selector=view-mode-media_expanded\u0022 class=\u0022use-ajax\u0022\u003E\u2191\u003C\/a\u003E\u003C\/li\u003E\u003C\/ul\u003E\u003C\/div\u003E\n      \n  \n    \u003C\/div\u003E\n\n\n  \u003C\/div\u003E\n\n  \u003Cdiv class=\u0022area-info group-middle\u0022\u003E\n    \n\u003Cdiv  class=\u0022inner\u0022\u003E\n          \n                          \u003Ch2  class=\u0022titulo\u0022 \u003E\n        Inauguran  Expo Asfalto\n\u003C\/h2\u003E\n      \n  \n\n    \n                          \u003Cdiv  class=\u0022resumen\u0022 \u003E\n      Buscan fomentar la vinculaci\u00f3n de los sectores acad\u00e9mico, p\u00fablico y privado.\u003C\/div\u003E\n      \n  \n\n\n\u003Cdiv  class=\u0022datos\u0022\u003E\n            \u003Cdiv  class=\u0022campus\u0022\u003E\n            \u003Cdiv  class=\u0022field-label-inline\u0022\u003ECampus\u003C\/div\u003E\n  \n                  \u003Ca href=\u0022\/%7egacetaua\/campus\/mexicali\u0022 hreflang=\u0022es\u0022\u003EMexicali\u003C\/a\u003E\n      \n  \n    \u003C\/div\u003E\n\n    \n                          \u003Cdiv  class=\u0022fecha\u0022 \u003E\n      6 de Septiembre de 2016\u003C\/div\u003E\n      \n  \n\n\n  \u003C\/div\u003E\n    \n                          \u003Cdiv  class=\u0022texto\u0022 \u003E\n      \u003Cp\u003EEn el marco de la Semana del Asfalto de la Facultad de Ingenier\u00eda, se llev\u00f3 a cabo la inauguraci\u00f3n de la Expo Asfalto, evento que busca fomentar la comunicaci\u00f3n entre empresas gremiales dedicadas a temas temas relacionados con los pavimentos flexibles.\u003C\/p\u003E\n\n\u003Cp\u003EEl Vicerrector del Campus Mexicali, doctor \u00c1ngel Norzagaray Norzagaray, coment\u00f3 que un punto importante a nivel institucional es la responsabilidad social, la cual se refleja en la investigaci\u00f3n pertinente que da cobertura a las necesidades de la sociedad, a trav\u00e9s de sus resultados. Agreg\u00f3 que el trabajo investigativo debe ser encaminado en la direcci\u00f3n correcta para obtener mejores niveles de vida.\u003C\/p\u003E\n\n\u003Cp\u003EPor su parte, el ingeniero Manuel Guevara Morales, Secretario de Infraestructura y Desarrollo Urbano del Gobierno del Estado, destac\u00f3 la participaci\u00f3n de empresas en la Expo Asfalto, siendo la vinculaci\u00f3n de los sectores acad\u00e9mico, p\u00fablico y privado de vital importancia en el tema, ya que permite fortalecer las capacidades t\u00e9cnicas y observar lo que cada compa\u00f1\u00eda ofrece. Mencion\u00f3 que se espera que al final de esta Semana del Asfalto se genere una agenda de colaboraci\u00f3n para mejorar el entorno urbano.\u003C\/p\u003E\n\n\u003Cp\u003EMientras que el doctor Daniel Hern\u00e1ndez Balbuena, Director de la Facultad de Ingeniera, agradeci\u00f3 el apoyo y disposici\u00f3n a la acci\u00f3n de vinculaci\u00f3n que mostraron los involucrados, de lo cual se espera obtener frutos, como la presencia de estudiantes en los centro de trabajo y desarrollo, a trav\u00e9s de las modalidades de servicio social profesional, pr\u00e1cticas profesionales y proyectos de vinculaci\u00f3n con valor en cr\u00e9ditos. Subray\u00f3 que estas tareas se constituyen en un canal de di\u00e1logo bidireccional de experiencias que permiten generar en el alumno un c\u00famulo de habilidades para el trabajo \u00a0o desarrollo del curr\u00edculum intangible, que con dificultad se podr\u00eda lograr solo en el aula, haciendo solo el ejercicio b\u00e1sico de la docencia.\u003C\/p\u003E\n\n\u003Cp\u003ETambi\u00e9n se cont\u00f3 con la presencia del ingeniero Alfonso Padr\u00e9s Pesqueira, Director General del Centro SCT de Baja California; la ingeniera Ver\u00f3nica Flores D\u00e9leon, Presidenta de la Asociaci\u00f3n Mexicana del Asfalto A.C.; el ingeniero Jos\u00e9 Inzunza Ronquillo, Presidente del Colegio de Ingenieros Civiles de Mexicali; el licenciado Rodolfo Valdez Guti\u00e9rrez, Director del Fiarum; y el contador Ra\u00fal L\u00f3pez Moreno, Director de la Junta de Urbanizaci\u00f3n del gobierno estatal.\u003C\/p\u003E\u003C\/div\u003E\n      \n  \n\n    \n            \u003Cdiv  class=\u0022palabras-clave\u0022\u003E\n                        \u003Ca href=\u0022\/%7egacetaua\/tags\/expo-asfalto\u0022 hreflang=\u0022es\u0022\u003EExpo Asfalto\u003C\/a\u003E\n                \u003Ca href=\u0022\/%7egacetaua\/tags\/semana-del-asfalto\u0022 hreflang=\u0022es\u0022\u003ESemana del Asfalto\u003C\/a\u003E\n                \u003Ca href=\u0022\/%7egacetaua\/tags\/vinculacion\u0022 hreflang=\u0022es\u0022\u003EVinculaci\u00f3n\u003C\/a\u003E\n      \n      \u003C\/div\u003E\n  \n\n\n  \u003C\/div\u003E\n\n  \u003C\/div\u003E\n\n  \u003Cdiv class=\u0022area-extras group-right\u0022\u003E\n        \n                          \u003Cdiv  class=\u0022enlace-blockBottom\u0022 \u003E\n      \u003Cdiv\u003EVer m\u00e1s \u003Ca href=\u0022http:\/\/gaceta.uabc.mx\/notas\u0022\u003ENotas\u003C\/a\u003E\u003C\/div\u003E\n\u003C\/div\u003E\n      \n  \n\n\n  \u003C\/div\u003E\n\n\u003C\/div\u003E\n\n","settings":null}]