[{"command":"settings","settings":{"pluralDelimiter":"\u0003","suppressDeprecationErrors":true,"ajaxPageState":{"libraries":"core\/drupal.ajax,ds\/ds_3col_equal_width","theme":"gaceta","theme_token":null},"ajaxTrustedUrl":[],"field_group":{"html_element":{"mode":"media_expanded","context":"view","settings":{"classes":"datos","show_empty_fields":false,"id":"","element":"div","show_label":false,"label_element":"h3","label_element_classes":"","attributes":"","effect":"none","speed":"fast"}}},"user":{"uid":0,"permissionsHash":"55dc977d165ab1e05e51b6cc6487f6d73e65ab536d99ee82c6990d9001d5c21c"}},"merge":true},{"command":"add_css","data":"\u003Clink rel=\u0022stylesheet\u0022 media=\u0022all\u0022 href=\u0022\/~gacetaua\/sites\/default\/files\/css\/css_mxJrjoKKAZuuB4_4f-B1u9VnFZxvSor3Az4JEdrFEso.css\u0022 \/\u003E\n\u003Clink rel=\u0022stylesheet\u0022 media=\u0022all\u0022 href=\u0022\/~gacetaua\/sites\/default\/files\/css\/css_-BXSGQpS8YTwwuXGbPoshUvZ7W-_HbYR3H7d0DA_mEY.css\u0022 \/\u003E\n\u003Clink rel=\u0022stylesheet\u0022 media=\u0022all\u0022 href=\u0022\/~gacetaua\/sites\/default\/files\/css\/css_89YreTu0npezhXSakRJR9TVHyBS9bTcyt0s3IckAe-M.css\u0022 \/\u003E\n"},{"command":"add_js","selector":"body","data":[{"src":"\/~gacetaua\/sites\/default\/files\/js\/js_9UaAhXvc9u0KYXXUw-OKyLP2baQxdV4zY3Y_KGurcvY.js"},{"src":"\/~gacetaua\/sites\/default\/files\/js\/js_oDJxUBLBzfRb_FDgNfkNOm9-tiatS2kNfxQIeVRZA7Y.js"},{"src":"\/~gacetaua\/sites\/default\/files\/js\/js_1RP4qUEvRifRPl9mYl8nA5jNqky6vVqo6nKEmFCp0ko.js"},{"src":"\/~gacetaua\/sites\/default\/files\/js\/js_JWYilEE4EQG7Dr-JhBmcQVwxs1c7FMUMbFbUcXjlSYw.js"}]},{"command":"insert","method":"replaceWith","selector":".view-mode-full","data":"\u003Cdiv data-history-node-id=\u0022260\u0022 class=\u0022contenido view-mode-media_expanded ds-3col-equal clearfix\u0022\u003E\n\n  \n\n  \u003Cdiv class=\u0022area-medios group-left\u0022\u003E\n        \n                          \u003Cdiv  class=\u0022imagen-alterna\u0022 \u003E\n        \u003Cimg loading=\u0022lazy\u0022 src=\u0022\/~gacetaua\/sites\/default\/files\/imagenes\/notas\/2016-09\/Presentaron%20resultados%20de%20proyectos%20de%20investigaci%C3%B3n.jpg\u0022 width=\u00222675\u0022 height=\u00221659\u0022 alt=\u0022Encuentro_Resultados_Proyectos de Investigaci\u00f3n_Posgrado\u0022 typeof=\u0022foaf:Image\u0022 class=\u0022img-fluid\u0022 \/\u003E\n\n\u003C\/div\u003E\n      \n  \n\n      \u003Cdiv  class=\u0022boton-expander\u0022\u003E\n        \n                  \u003Cdiv class=\u0022item-list\u0022\u003E\u003Cul\u003E\u003Cli\u003E\u003Ca href=\u0022\/%7egacetaua\/ds-switch-view-mode\/node\/260\/media_collapsed?selector=view-mode-media_expanded\u0022 class=\u0022use-ajax\u0022\u003E\u2191\u003C\/a\u003E\u003C\/li\u003E\u003C\/ul\u003E\u003C\/div\u003E\n      \n  \n    \u003C\/div\u003E\n\n\n  \u003C\/div\u003E\n\n  \u003Cdiv class=\u0022area-info group-middle\u0022\u003E\n    \n\u003Cdiv  class=\u0022inner\u0022\u003E\n          \n                          \u003Ch2  class=\u0022titulo\u0022 \u003E\n        Presentaron resultados de proyectos de investigaci\u00f3n\n\u003C\/h2\u003E\n      \n  \n\n    \n                          \u003Cdiv  class=\u0022resumen\u0022 \u003E\n      Fueron beneficiados con la D\u00e9cima Octava Convocatoria de Fondos de Investigaci\u00f3n Interna.\u003C\/div\u003E\n      \n  \n\n\n\u003Cdiv  class=\u0022datos\u0022\u003E\n            \u003Cdiv  class=\u0022autor\u0022\u003E\n            \u003Cdiv  class=\u0022field-label-inline\u0022\u003EPor\u003C\/div\u003E\n  \n                  \u003Ca href=\u0022\/%7egacetaua\/autores\/maria-dolores-morales-moreno\u0022 hreflang=\u0022es\u0022\u003EMaria Dolores Morales Moreno\u003C\/a\u003E\n      \n  \n    \u003C\/div\u003E\n\n      \u003Cdiv  class=\u0022campus\u0022\u003E\n            \u003Cdiv  class=\u0022field-label-inline\u0022\u003ECampus\u003C\/div\u003E\n  \n                  \u003Ca href=\u0022\/%7egacetaua\/campus\/mexicali\u0022 hreflang=\u0022es\u0022\u003EMexicali\u003C\/a\u003E\n      \n  \n    \u003C\/div\u003E\n\n    \n                          \u003Cdiv  class=\u0022fecha\u0022 \u003E\n      7 de Septiembre de 2016\u003C\/div\u003E\n      \n  \n\n\n  \u003C\/div\u003E\n    \n                          \u003Cdiv  class=\u0022texto\u0022 \u003E\n      \u003Cp\u003ECon el objetivo de dar a conocer los resultados de los proyectos que fueron beneficiados en la D\u00e9cima Octava Convocatoria de Fondos de Investigaci\u00f3n Interna, en modalidad de Profesor-Investigador y de Cuerpo Acad\u00e9mico de Informaci\u00f3n, se llev\u00f3 a cabo en el edificio del DIA, el encuentro entre investigadores de las diferentes unidades acad\u00e9micas de la UABC.\u003C\/p\u003E\n\n\u003Cp\u003EEl evento corri\u00f3 a cargo de la doctora Patricia Moctezuma Hern\u00e1ndez, Coordinadora de Posgrado e Investigaci\u00f3n de la UABC, quien comenz\u00f3 diciendo que la labor de los investigadores es de suma importancia, ya que los posgrados promueven desde su dise\u00f1o cual va a ser la expectativa de la inserci\u00f3n laboral de los egresados, ya que se habla de mercados cada vez m\u00e1s especializados y que exigen caracter\u00edsticas, habilidades y competencias espec\u00edficas para poder identificar las necesidades de las empresas o sectores correspondientes y as\u00ed traducir todo en programas que las cubran.\u003C\/p\u003E\n\n\u003Cp\u003EEntre los resultados, la doctora Patricia Moctezuma, destac\u00f3 el incremento que se ha presentado de miembros en el Sistema Nacional de Investigaci\u00f3n (SNI). En el a\u00f1o 2011 eran 212 y actualmente son 336 miembros, esto a pesar de las jubilaciones y dem\u00e1s cambios que se dan en la Universidad, ya que las nuevas contrataciones se llevan a cabo bajo una pol\u00edtica focalizada y as\u00ed\u00a0 los reemplazos cuentan con el perfil necesario.\u003C\/p\u003E\n\n\u003Cp\u003EOtro aspecto resaltado fue la cuesti\u00f3n de recursos econ\u00f3micos que organismos federales y externos a la UABC, aportan a la misma, ya que cuenta con la capacidad y la calidad para gestionar proyectos y dar buenos resultados tanto en ciencia b\u00e1sica como en aplicada.\u00a0\u003C\/p\u003E\n\n\u003Cp\u003ECon todo esto, se logra, agreg\u00f3 la Coordinadora de Posgrado e Investigaci\u00f3n, una cuesti\u00f3n que va a diferenciar a la UABC de las dem\u00e1s instituciones de educaci\u00f3n superior de la misma naturaleza. \u201cLa UABC, es la \u00fanica universidad estatal que ha logrado un sello de calidad en el posgrado, lo que le ha permitido entrar a c\u00edrculos virtuosos\u201d. Tambi\u00e9n mencion\u00f3 que el punto m\u00e1s importante de tener dicho sello de calidad,\u00a0 es el tema de la equidad, entendida como la oportunidad que tiene todo aquel alumno que quiera estudiar un posgrado y que al no tener los medios econ\u00f3micos, lo haga con acceso a una beca, este apoyo hace la diferencia, ya que de mil 800 estudiantes matriculados en posgrado, \u00a0mil 200 son becarios Conacyt.\u003C\/p\u003E\n\n\u003Cp\u003EPara finalizar se expusieron algunos retos, \u00a0entre los cuales est\u00e1n profundizar e intensificar las capacidades para mejorar la oferta de servicios de investigaci\u00f3n, mejorar los mecanismos de transferencia de conocimiento formalizando los procedimientos y promover el capital semilla externo para la conversi\u00f3n de la universidad con el sector productivo.\u003C\/p\u003E\u003C\/div\u003E\n      \n  \n\n    \n            \u003Cdiv  class=\u0022palabras-clave\u0022\u003E\n                        \u003Ca href=\u0022\/%7egacetaua\/tags\/encuentro\u0022 hreflang=\u0022es\u0022\u003EEncuentro\u003C\/a\u003E\n                \u003Ca href=\u0022\/%7egacetaua\/tags\/resultados\u0022 hreflang=\u0022es\u0022\u003EResultados\u003C\/a\u003E\n                \u003Ca href=\u0022\/%7egacetaua\/tags\/proyectos-de-investigacion\u0022 hreflang=\u0022es\u0022\u003EProyectos de Investigaci\u00f3n\u003C\/a\u003E\n                \u003Ca href=\u0022\/%7egacetaua\/tags\/posgrado\u0022 hreflang=\u0022es\u0022\u003EPosgrado\u003C\/a\u003E\n      \n      \u003C\/div\u003E\n  \n\n\n  \u003C\/div\u003E\n\n  \u003C\/div\u003E\n\n  \u003Cdiv class=\u0022area-extras group-right\u0022\u003E\n        \n                          \u003Cdiv  class=\u0022enlace-blockBottom\u0022 \u003E\n      \u003Cdiv\u003EVer m\u00e1s \u003Ca href=\u0022http:\/\/gaceta.uabc.mx\/notas\u0022\u003ENotas\u003C\/a\u003E\u003C\/div\u003E\n\u003C\/div\u003E\n      \n  \n\n\n  \u003C\/div\u003E\n\n\u003C\/div\u003E\n\n","settings":null}]