[{"command":"settings","settings":{"pluralDelimiter":"\u0003","suppressDeprecationErrors":true,"ajaxPageState":{"libraries":"core\/drupal.ajax,core\/picturefill,ds\/ds_3col_equal_width","theme":"gaceta","theme_token":null},"ajaxTrustedUrl":[],"field_group":{"html_element":{"mode":"media_expanded","context":"view","settings":{"classes":"datos","show_empty_fields":false,"id":"","element":"div","show_label":false,"label_element":"h3","label_element_classes":"","attributes":"","effect":"none","speed":"fast"}}},"user":{"uid":0,"permissionsHash":"55dc977d165ab1e05e51b6cc6487f6d73e65ab536d99ee82c6990d9001d5c21c"}},"merge":true},{"command":"add_css","data":"\u003Clink rel=\u0022stylesheet\u0022 media=\u0022all\u0022 href=\u0022\/~gacetaua\/sites\/default\/files\/css\/css_mxJrjoKKAZuuB4_4f-B1u9VnFZxvSor3Az4JEdrFEso.css\u0022 \/\u003E\n\u003Clink rel=\u0022stylesheet\u0022 media=\u0022all\u0022 href=\u0022\/~gacetaua\/sites\/default\/files\/css\/css_-BXSGQpS8YTwwuXGbPoshUvZ7W-_HbYR3H7d0DA_mEY.css\u0022 \/\u003E\n\u003Clink rel=\u0022stylesheet\u0022 media=\u0022all\u0022 href=\u0022\/~gacetaua\/sites\/default\/files\/css\/css_89YreTu0npezhXSakRJR9TVHyBS9bTcyt0s3IckAe-M.css\u0022 \/\u003E\n"},{"command":"add_js","selector":"body","data":[{"src":"\/~gacetaua\/sites\/default\/files\/js\/js_9UaAhXvc9u0KYXXUw-OKyLP2baQxdV4zY3Y_KGurcvY.js"},{"src":"\/~gacetaua\/sites\/default\/files\/js\/js_oDJxUBLBzfRb_FDgNfkNOm9-tiatS2kNfxQIeVRZA7Y.js"},{"src":"\/~gacetaua\/sites\/default\/files\/js\/js_YM82KRuzNIr2X-Kb8pQW8cOcSbWgQ_QGKclTYJ_aMlI.js"},{"src":"\/~gacetaua\/sites\/default\/files\/js\/js_pqqsPPmPmxKgamY6qk_WSawtL05XH_yAY8GkPHVyahI.js"}]},{"command":"insert","method":"replaceWith","selector":".view-mode-full","data":"\u003Cdiv data-history-node-id=\u00223015\u0022 class=\u0022contenido view-mode-media_expanded ds-3col-equal clearfix\u0022\u003E\n\n  \n\n  \u003Cdiv class=\u0022area-medios group-left\u0022\u003E\n        \n                          \u003Cdiv  class=\u0022imagen\u0022 \u003E\n          \u003Cpicture\u003E\n                  \u003Csource srcset=\u0022\/~gacetaua\/sites\/default\/files\/styles\/max_650x650\/public\/2018-04\/Nombra%20UABC%20%E2%80%9CProfesor%20Em%C3%A9rito%E2%80%9D%20a%20Sergio%20Ortiz%20Salinas.webp?itok=3aflsiAd 650w, \/~gacetaua\/sites\/default\/files\/styles\/max_1300x1300\/public\/2018-04\/Nombra%20UABC%20%E2%80%9CProfesor%20Em%C3%A9rito%E2%80%9D%20a%20Sergio%20Ortiz%20Salinas.webp?itok=3WYcI3lH 1300w, \/~gacetaua\/sites\/default\/files\/styles\/max_1900x1900\/public\/2018-04\/Nombra%20UABC%20%E2%80%9CProfesor%20Em%C3%A9rito%E2%80%9D%20a%20Sergio%20Ortiz%20Salinas.webp?itok=QwLwjPhQ 1600w\u0022 type=\u0022image\/webp\u0022 sizes=\u0022100vw\u0022\/\u003E\n              \u003Csource srcset=\u0022\/~gacetaua\/sites\/default\/files\/styles\/max_650x650\/public\/2018-04\/Nombra%20UABC%20%E2%80%9CProfesor%20Em%C3%A9rito%E2%80%9D%20a%20Sergio%20Ortiz%20Salinas.jpg?itok=3aflsiAd 650w, \/~gacetaua\/sites\/default\/files\/styles\/max_1300x1300\/public\/2018-04\/Nombra%20UABC%20%E2%80%9CProfesor%20Em%C3%A9rito%E2%80%9D%20a%20Sergio%20Ortiz%20Salinas.jpg?itok=3WYcI3lH 1300w, \/~gacetaua\/sites\/default\/files\/styles\/max_1900x1900\/public\/2018-04\/Nombra%20UABC%20%E2%80%9CProfesor%20Em%C3%A9rito%E2%80%9D%20a%20Sergio%20Ortiz%20Salinas.jpg?itok=QwLwjPhQ 1600w\u0022 type=\u0022image\/jpeg\u0022 sizes=\u0022100vw\u0022\/\u003E\n                  \u003Cimg srcset=\u0022\/~gacetaua\/sites\/default\/files\/styles\/max_650x650\/public\/2018-04\/Nombra%20UABC%20%E2%80%9CProfesor%20Em%C3%A9rito%E2%80%9D%20a%20Sergio%20Ortiz%20Salinas.jpg?itok=3aflsiAd 650w, \/~gacetaua\/sites\/default\/files\/styles\/max_1300x1300\/public\/2018-04\/Nombra%20UABC%20%E2%80%9CProfesor%20Em%C3%A9rito%E2%80%9D%20a%20Sergio%20Ortiz%20Salinas.jpg?itok=3WYcI3lH 1300w, \/~gacetaua\/sites\/default\/files\/styles\/max_1900x1900\/public\/2018-04\/Nombra%20UABC%20%E2%80%9CProfesor%20Em%C3%A9rito%E2%80%9D%20a%20Sergio%20Ortiz%20Salinas.jpg?itok=QwLwjPhQ 1600w\u0022 sizes=\u0022100vw\u0022 src=\u0022\/~gacetaua\/sites\/default\/files\/styles\/max_1300x1300\/public\/2018-04\/Nombra%20UABC%20%E2%80%9CProfesor%20Em%C3%A9rito%E2%80%9D%20a%20Sergio%20Ortiz%20Salinas.jpg?itok=3WYcI3lH\u0022 alt=\u0022Reconocimiento_Nombramiento_Profesor Em\u00e9rito_Sergio Antonio Ortiz Salinas\u0022 typeof=\u0022foaf:Image\u0022 class=\u0022img-fluid\u0022 \/\u003E\n\n  \u003C\/picture\u003E\n\n\u003C\/div\u003E\n      \n  \n\n      \u003Cdiv  class=\u0022boton-expander\u0022\u003E\n        \n                  \u003Cdiv class=\u0022item-list\u0022\u003E\u003Cul\u003E\u003Cli\u003E\u003Ca href=\u0022\/%7egacetaua\/ds-switch-view-mode\/node\/3015\/media_collapsed?selector=view-mode-media_expanded\u0022 class=\u0022use-ajax\u0022\u003E\u2191\u003C\/a\u003E\u003C\/li\u003E\u003C\/ul\u003E\u003C\/div\u003E\n      \n  \n    \u003C\/div\u003E\n\n\n  \u003C\/div\u003E\n\n  \u003Cdiv class=\u0022area-info group-middle\u0022\u003E\n    \n\u003Cdiv  class=\u0022inner\u0022\u003E\n          \n                          \u003Ch2  class=\u0022titulo\u0022 \u003E\n        Nombra UABC \u201cProfesor Em\u00e9rito\u201d a Sergio Ortiz Salinas\n\u003C\/h2\u003E\n      \n  \n\n    \n                          \u003Cdiv  class=\u0022resumen\u0022 \u003E\n      Promotor del video como el medio m\u00e1s adecuado para divulgar la ciencia, apoyar a la docencia, difundir la imagen institucional y promover la  cultura.\u003C\/div\u003E\n      \n  \n\n\n\u003Cdiv  class=\u0022datos\u0022\u003E\n            \u003Cdiv  class=\u0022autor\u0022\u003E\n            \u003Cdiv  class=\u0022field-label-inline\u0022\u003EPor\u003C\/div\u003E\n  \n                  \u003Ca href=\u0022\/%7egacetaua\/autores\/norma-angelica-gomez-bravo\u0022 hreflang=\u0022es\u0022\u003ENorma Ang\u00e9lica G\u00f3mez Bravo\u003C\/a\u003E\n      \n  \n    \u003C\/div\u003E\n\n      \u003Cdiv  class=\u0022campus\u0022\u003E\n            \u003Cdiv  class=\u0022field-label-inline\u0022\u003ECampus\u003C\/div\u003E\n  \n                  \u003Ca href=\u0022\/%7egacetaua\/campus\/mexicali\u0022 hreflang=\u0022es\u0022\u003EMexicali\u003C\/a\u003E\n      \n  \n    \u003C\/div\u003E\n\n    \n                          \u003Cdiv  class=\u0022fecha\u0022 \u003E\n      26 de Abril de 2018\u003C\/div\u003E\n      \n  \n\n\n  \u003C\/div\u003E\n    \n                          \u003Cdiv  class=\u0022texto\u0022 \u003E\n      \u003Cp\u003EEn reconocimiento a su trayectoria en la que destaca ser precursor del video y el documental en el Estado,\u00a0\u00a0as\u00ed como uno de los principales formadores de la planta acad\u00e9mica de realizadores y promotores de las artes audiovisuales, la Universidad Aut\u00f3noma de Baja California (UABC) otorg\u00f3 el nombramiento de \u201cProfesor Em\u00e9rito\u201d al maestro Sergio Antonio Ortiz Salinas.\u003C\/p\u003E\n\n\u003Cp\u003EEn el marco de este reconocimiento, el Rector de la UABC, doctor Juan Manuel Ocegueda Hern\u00e1ndez, emiti\u00f3 un posicionamiento en relaci\u00f3n a los lamentables hechos ocurrido en Jalisco, donde tres j\u00f3venes estudiantes del arte audiovisual perdieron la vida. \u201cLa comunidad Cimarrona nos unimos a la condena nacional e internacional que se han suscitado en repudio a estos actos violentos y exigimos a las autoridades encargadas de la seguridad p\u00fablica que cumplan con su responsabilidad, la cual es indispensable para mantener la cohesi\u00f3n de una sociedad que es el orden y la seguridad ciudadana\u201d.\u00a0\u003C\/p\u003E\n\n\u003Cp\u003E\u201cExhorto a los universitarios a que sigamos trabajando en la educaci\u00f3n de nuestros j\u00f3venes para reforzar su formaci\u00f3n en valores y la cultura de la legalidad, a fortalecer su formaci\u00f3n c\u00edvica, a ampliar sus oportunidades educativas de buena calidad, y a participar activamente en la construcci\u00f3n de una sociedad en la que se respeten los derechos humanos y se garantice el respeto a la vida\u201d manifest\u00f3 el doctor Ocegueda Hern\u00e1ndez.\u003C\/p\u003E\n\n\u003Cp\u003ERespecto al homenaje, el Rector destac\u00f3 que la distinci\u00f3n para el maestro Ortiz Salinas obedece a la trayectoria forjada en la cultura del esfuerzo, lealtad institucional, pero sobre todo, por su gran compromiso en la ense\u00f1anza y formaci\u00f3n de profesionistas competentes. Entre sus m\u00e9ritos se encuentran ser director, productor, guionista, editor y realizador de m\u00e1s de 100 obras audiovisuales, adem\u00e1s de autor de libros.\u00a0\u003C\/p\u003E\n\n\u003Cp\u003EImparti\u00f3 clases en la hoy Facultad de Ciencias Humanas, fue Jefe del Departamento de Tecnolog\u00eda Audiovisual UABC, Coordinador de la regi\u00f3n Noroeste de la Red Nacional de Televisi\u00f3n y Video de ANUIES, y actualmente es Jefe del Centro de Estudios y Producci\u00f3n Audiovisual en la Facultad de Artes. Tambi\u00e9n destac\u00f3 por promover al video como el medio m\u00e1s adecuado para divulgar la ciencia, apoyar a la docencia, difundir la imagen institucional y promover la\u00a0\u00a0cultura.\u003C\/p\u003E\n\n\u003Cp\u003EEs responsable y coordinador t\u00e9cnico de la creaci\u00f3n del programa educativo de Licenciatura en Medios Audiovisuales que se imparte en la Facultad de Artes. Adem\u00e1s, ha recibido reconocimientos por su trayectoria por la UABC y el Instituto de Cultura de Baja California y, en 2006, recibi\u00f3 el Premio Guillermo F. Z\u00fa\u00f1iga, otorgado por la Asociaci\u00f3n Espa\u00f1ola de Cine Cient\u00edfico.\u00a0\u003C\/p\u003E\n\n\u003Cp\u003E\u201cHoy reconocemos a un Cimarr\u00f3n comprometido con su profesi\u00f3n, la formaci\u00f3n de sus estudiantes y la generaci\u00f3n de conocimientos. Un productor audiovisual prol\u00edfico, con experiencia en la gesti\u00f3n acad\u00e9mica\u201d, expres\u00f3 el Rector. \u201cCheco Ortiz es un universitario extraordinario que ha transmitido su pasi\u00f3n por la educaci\u00f3n a muchas generaciones de j\u00f3venes, a quienes ha ense\u00f1ado a pensar en im\u00e1genes, a sentir la c\u00e1mara como una extensi\u00f3n de sus ojos.\u00a0\u003C\/p\u003E\n\n\u003Cp\u003EEn su discurso de aceptaci\u00f3n, el maestro Ortiz Salinas mencion\u00f3 que este fue el momento m\u00e1s significativo de su carrera profesional. \u201cMe siento feliz, muy emocionado y profundamente orgulloso de aceptar este reconocimiento que me hace mi Universidad\u201d.\u00a0Cont\u00f3 que ingres\u00f3 a la UABC como maestro de asignatura y posteriormente se uni\u00f3 al Programa de Promoci\u00f3n y Desarrollo Universitario,\u00a0creado con la idea de armonizar a la comunidad Cimarrona.\u00a0\u003C\/p\u003E\n\n\u003Cp\u003EPosteriormente, y una vez que ya era el encargado de producir documentales en la Universidad, volvi\u00f3 a impartir clases con la finalidad de compartir sus experiencias, conocimientos e ideas. Record\u00f3 a un grupo de estudiantes de las primeras generaciones a quienes dio clases y que hoy, varios de ellos son sus compa\u00f1eros.\u003C\/p\u003E\n\n\u003Cp\u003E\u201cLa UABC me ha dado la oportunidad de vivir una experiencia profesional que jam\u00e1s imagin\u00e9 al llegar. Ense\u00f1ar y producir documentales, eso buscaba, pero no en estos niveles que cualquier colega de otra universidad puede envidiar\u201d.\u00a0\u00a0Asimismo, agradeci\u00f3 el apoyo que le han brindado quienes lo han acompa\u00f1ado en este camino, principalmente a su familia.\u003C\/p\u003E\n\n\u003Cp\u003EDurante la ceremonia se cont\u00f3 con la presencia en el pres\u00eddium del doctor Felipe Cuamea Vel\u00e1zquez, Presidente de la Junta de Gobierno; se\u00f1or Fernando Dur\u00e1n Mart\u00ednez, Vocal del Patronato Universitario; doctor Alfonso Vega L\u00f3pez, Secretario General, y el maestro Daniel Serrano Moreno, Director de la Facultad de Artes.\u003C\/p\u003E\n\n\u003Cp\u003E\u00a0\u003C\/p\u003E\n\n\u003Cp\u003EFOTO: Armando Ruiz Velarde.\u003C\/p\u003E\u003C\/div\u003E\n      \n  \n\n    \n            \u003Cdiv  class=\u0022palabras-clave\u0022\u003E\n                        \u003Ca href=\u0022\/%7egacetaua\/tags\/reconocimiento\u0022 hreflang=\u0022es\u0022\u003EReconocimiento\u003C\/a\u003E\n                \u003Ca href=\u0022\/%7egacetaua\/tags\/nombramiento\u0022 hreflang=\u0022es\u0022\u003ENombramiento\u003C\/a\u003E\n                \u003Ca href=\u0022\/%7egacetaua\/tags\/profesor-emerito\u0022 hreflang=\u0022es\u0022\u003EProfesor Em\u00e9rito\u003C\/a\u003E\n                \u003Ca href=\u0022\/%7egacetaua\/tags\/sergio-antonio-ortiz-salinas\u0022 hreflang=\u0022es\u0022\u003ESergio Antonio Ortiz Salinas\u003C\/a\u003E\n      \n      \u003C\/div\u003E\n  \n\n\n  \u003C\/div\u003E\n\n  \u003C\/div\u003E\n\n  \u003Cdiv class=\u0022area-extras group-right\u0022\u003E\n        \n                          \u003Cdiv  class=\u0022enlace-blockBottom\u0022 \u003E\n      \u003Cdiv\u003EVer m\u00e1s \u003Ca href=\u0022http:\/\/gaceta.uabc.mx\/notas\u0022\u003ENotas\u003C\/a\u003E\u003C\/div\u003E\n\u003C\/div\u003E\n      \n  \n\n\n  \u003C\/div\u003E\n\n\u003C\/div\u003E\n\n","settings":null}]