[{"command":"settings","settings":{"pluralDelimiter":"\u0003","suppressDeprecationErrors":true,"ajaxPageState":{"libraries":"core\/drupal.ajax,core\/picturefill,ds\/ds_3col_equal_width","theme":"gaceta","theme_token":null},"ajaxTrustedUrl":[],"field_group":{"html_element":{"mode":"media_expanded","context":"view","settings":{"classes":"datos","show_empty_fields":false,"id":"","element":"div","show_label":false,"label_element":"h3","label_element_classes":"","attributes":"","effect":"none","speed":"fast"}}},"user":{"uid":0,"permissionsHash":"55dc977d165ab1e05e51b6cc6487f6d73e65ab536d99ee82c6990d9001d5c21c"}},"merge":true},{"command":"add_css","data":"\u003Clink rel=\u0022stylesheet\u0022 media=\u0022all\u0022 href=\u0022\/~gacetaua\/sites\/default\/files\/css\/css_mxJrjoKKAZuuB4_4f-B1u9VnFZxvSor3Az4JEdrFEso.css\u0022 \/\u003E\n\u003Clink rel=\u0022stylesheet\u0022 media=\u0022all\u0022 href=\u0022\/~gacetaua\/sites\/default\/files\/css\/css_-BXSGQpS8YTwwuXGbPoshUvZ7W-_HbYR3H7d0DA_mEY.css\u0022 \/\u003E\n\u003Clink rel=\u0022stylesheet\u0022 media=\u0022all\u0022 href=\u0022\/~gacetaua\/sites\/default\/files\/css\/css_89YreTu0npezhXSakRJR9TVHyBS9bTcyt0s3IckAe-M.css\u0022 \/\u003E\n"},{"command":"add_js","selector":"body","data":[{"src":"\/~gacetaua\/sites\/default\/files\/js\/js_9UaAhXvc9u0KYXXUw-OKyLP2baQxdV4zY3Y_KGurcvY.js"},{"src":"\/~gacetaua\/sites\/default\/files\/js\/js_oDJxUBLBzfRb_FDgNfkNOm9-tiatS2kNfxQIeVRZA7Y.js"},{"src":"\/~gacetaua\/sites\/default\/files\/js\/js_YM82KRuzNIr2X-Kb8pQW8cOcSbWgQ_QGKclTYJ_aMlI.js"},{"src":"\/~gacetaua\/sites\/default\/files\/js\/js_pqqsPPmPmxKgamY6qk_WSawtL05XH_yAY8GkPHVyahI.js"}]},{"command":"insert","method":"replaceWith","selector":".view-mode-full","data":"\u003Cdiv data-history-node-id=\u00223130\u0022 class=\u0022contenido view-mode-media_expanded ds-3col-equal clearfix\u0022\u003E\n\n  \n\n  \u003Cdiv class=\u0022area-medios group-left\u0022\u003E\n        \n                          \u003Cdiv  class=\u0022imagen\u0022 \u003E\n          \u003Cpicture\u003E\n                  \u003Csource srcset=\u0022\/~gacetaua\/sites\/default\/files\/styles\/max_650x650\/public\/2018-05\/Celebra%20programa%20Peraj%20Feria%20Cultural%202018.webp?itok=PyLmFgKG 650w, \/~gacetaua\/sites\/default\/files\/styles\/max_1900x1900\/public\/2018-05\/Celebra%20programa%20Peraj%20Feria%20Cultural%202018.webp?itok=qizA-GMA 720w\u0022 type=\u0022image\/webp\u0022 sizes=\u0022100vw\u0022\/\u003E\n              \u003Csource srcset=\u0022\/~gacetaua\/sites\/default\/files\/styles\/max_650x650\/public\/2018-05\/Celebra%20programa%20Peraj%20Feria%20Cultural%202018.jpg?itok=PyLmFgKG 650w, \/~gacetaua\/sites\/default\/files\/styles\/max_1900x1900\/public\/2018-05\/Celebra%20programa%20Peraj%20Feria%20Cultural%202018.jpg?itok=qizA-GMA 720w\u0022 type=\u0022image\/jpeg\u0022 sizes=\u0022100vw\u0022\/\u003E\n                  \u003Cimg srcset=\u0022\/~gacetaua\/sites\/default\/files\/styles\/max_650x650\/public\/2018-05\/Celebra%20programa%20Peraj%20Feria%20Cultural%202018.jpg?itok=PyLmFgKG 650w, \/~gacetaua\/sites\/default\/files\/styles\/max_1900x1900\/public\/2018-05\/Celebra%20programa%20Peraj%20Feria%20Cultural%202018.jpg?itok=qizA-GMA 720w\u0022 sizes=\u0022100vw\u0022 src=\u0022\/~gacetaua\/sites\/default\/files\/styles\/max_1300x1300\/public\/2018-05\/Celebra%20programa%20Peraj%20Feria%20Cultural%202018.jpg?itok=Ce6R-RY7\u0022 alt=\u0022Feria Cultural_Programa_Peraj\u0022 typeof=\u0022foaf:Image\u0022 class=\u0022img-fluid\u0022 \/\u003E\n\n  \u003C\/picture\u003E\n\n\u003C\/div\u003E\n      \n  \n\n      \u003Cdiv  class=\u0022boton-expander\u0022\u003E\n        \n                  \u003Cdiv class=\u0022item-list\u0022\u003E\u003Cul\u003E\u003Cli\u003E\u003Ca href=\u0022\/%7egacetaua\/ds-switch-view-mode\/node\/3130\/media_collapsed?selector=view-mode-media_expanded\u0022 class=\u0022use-ajax\u0022\u003E\u2191\u003C\/a\u003E\u003C\/li\u003E\u003C\/ul\u003E\u003C\/div\u003E\n      \n  \n    \u003C\/div\u003E\n\n\n  \u003C\/div\u003E\n\n  \u003Cdiv class=\u0022area-info group-middle\u0022\u003E\n    \n\u003Cdiv  class=\u0022inner\u0022\u003E\n          \n                          \u003Ch2  class=\u0022titulo\u0022 \u003E\n        Celebra programa Peraj Feria Cultural 2018\n\u003C\/h2\u003E\n      \n  \n\n    \n                          \u003Cdiv  class=\u0022resumen\u0022 \u003E\n      Asistieron ni\u00f1os integrantes del programa acompa\u00f1ados de sus familiares.\u003C\/div\u003E\n      \n  \n\n\n\u003Cdiv  class=\u0022datos\u0022\u003E\n            \u003Cdiv  class=\u0022autor\u0022\u003E\n            \u003Cdiv  class=\u0022field-label-inline\u0022\u003EPor\u003C\/div\u003E\n  \n                  \u003Ca href=\u0022\/%7egacetaua\/autores\/francia-martinez-roa\u0022 hreflang=\u0022es\u0022\u003EFrancia Mart\u00ednez Roa\u003C\/a\u003E\n      \n  \n    \u003C\/div\u003E\n\n      \u003Cdiv  class=\u0022campus\u0022\u003E\n            \u003Cdiv  class=\u0022field-label-inline\u0022\u003ECampus\u003C\/div\u003E\n  \n                  \u003Ca href=\u0022\/%7egacetaua\/campus\/mexicali\u0022 hreflang=\u0022es\u0022\u003EMexicali\u003C\/a\u003E\n      \n  \n    \u003C\/div\u003E\n\n    \n                          \u003Cdiv  class=\u0022fecha\u0022 \u003E\n      15 de Mayo de 2018\u003C\/div\u003E\n      \n  \n\n\n  \u003C\/div\u003E\n    \n                          \u003Cdiv  class=\u0022texto\u0022 \u003E\n      \u003Cp\u003ECon el objetivo de fomentar la lectura y cultura en menores de edad, Peraj Adopta un Amigo, programa internacional implementado por la Facultad de Ciencias Humanas (FCH), realiz\u00f3 la s\u00e9ptima edici\u00f3n de su tradicional Feria Cultural.\u003C\/p\u003E\n\n\u003Cp\u003ELa finalidad del programa Peraj Adopta un Amigo, consiste en dar apoyo a los ni\u00f1os de primaria, coadyuvando el esfuerzo de los familiares y la escuela, para afianzar su autoestima, evitando la deserci\u00f3n escolar y caer en drogas o alcohol. \u003C\/p\u003E\n\n\u003Cp\u003ESe busca ampliar sus metas y objetivos, mejorando su desempe\u00f1o escolar, sus h\u00e1bitos de estudio-aprendizaje y mejorar sus habilidades de comunicaci\u00f3n.\u003C\/p\u003E\n\n\u003Cp\u003EEn esta ocasi\u00f3n, la Feria Cultural, se realiz\u00f3 con apoyo de la maestra Irma Gonz\u00e1lez y su grupo de estudiantes de Tronco Com\u00fan de la Facultad de Ciencias Pol\u00edticas y Sociales;\u00a0tambi\u00e9n se cont\u00f3 con la ayuda del programa Centro de Atenci\u00f3n Educativa a la Comunidad (Ciaec), de tutores, y padres de familia que integran el programa.\u003C\/p\u003E\n\n\u003Cp\u003EEl evento cont\u00f3 con la asistencia de 25 ni\u00f1os, acompa\u00f1ados de sus familiares, donde realizaron actividades deportivas y participaron en din\u00e1micas para fomentar la lectura y habilidades sociales.\u003C\/p\u003E\n\n\u003Cp\u003EPor otra parte se ofrecieron talleres sobre salud y desarrollo familiar, tambi\u00e9n se present\u00f3 una galer\u00eda literaria, as\u00ed como manualidades y pintura.\u003C\/p\u003E\n\n\u003Cp\u003EAl finalizar el evento, se agradeci\u00f3 el apoyo del equipo organizador, compartiendo que se cumpli\u00f3 con la meta propuesta para esta s\u00e9ptima edici\u00f3n. \u003C\/p\u003E\n\n\u003Cp\u003E\u00a0\u003C\/p\u003E\n\n\u003Cp\u003EFOTO:\u00a0Elsa De Jes\u00fas Hern\u00e1ndez Fuentes.\u003C\/p\u003E\u003C\/div\u003E\n      \n  \n\n    \n            \u003Cdiv  class=\u0022palabras-clave\u0022\u003E\n                        \u003Ca href=\u0022\/%7egacetaua\/tags\/feria-cultural\u0022 hreflang=\u0022es\u0022\u003EFeria Cultural\u003C\/a\u003E\n                \u003Ca href=\u0022\/%7egacetaua\/tags\/programa\u0022 hreflang=\u0022es\u0022\u003EPrograma\u003C\/a\u003E\n                \u003Ca href=\u0022\/%7egacetaua\/tags\/peraj\u0022 hreflang=\u0022es\u0022\u003EPeraj\u003C\/a\u003E\n      \n      \u003C\/div\u003E\n  \n\n\n  \u003C\/div\u003E\n\n  \u003C\/div\u003E\n\n  \u003Cdiv class=\u0022area-extras group-right\u0022\u003E\n        \n                          \u003Cdiv  class=\u0022enlace-blockBottom\u0022 \u003E\n      \u003Cdiv\u003EVer m\u00e1s \u003Ca href=\u0022http:\/\/gaceta.uabc.mx\/notas\u0022\u003ENotas\u003C\/a\u003E\u003C\/div\u003E\n\u003C\/div\u003E\n      \n  \n\n\n  \u003C\/div\u003E\n\n\u003C\/div\u003E\n\n","settings":null}]