[{"command":"settings","settings":{"pluralDelimiter":"\u0003","suppressDeprecationErrors":true,"ajaxPageState":{"libraries":"core\/drupal.ajax,core\/picturefill,ds\/ds_3col_equal_width","theme":"gaceta","theme_token":null},"ajaxTrustedUrl":[],"field_group":{"html_element":{"mode":"media_expanded","context":"view","settings":{"classes":"datos","show_empty_fields":false,"id":"","element":"div","show_label":false,"label_element":"h3","label_element_classes":"","attributes":"","effect":"none","speed":"fast"}}},"user":{"uid":0,"permissionsHash":"55dc977d165ab1e05e51b6cc6487f6d73e65ab536d99ee82c6990d9001d5c21c"}},"merge":true},{"command":"add_css","data":"\u003Clink rel=\u0022stylesheet\u0022 media=\u0022all\u0022 href=\u0022\/~gacetaua\/sites\/default\/files\/css\/css_mxJrjoKKAZuuB4_4f-B1u9VnFZxvSor3Az4JEdrFEso.css\u0022 \/\u003E\n\u003Clink rel=\u0022stylesheet\u0022 media=\u0022all\u0022 href=\u0022\/~gacetaua\/sites\/default\/files\/css\/css_-BXSGQpS8YTwwuXGbPoshUvZ7W-_HbYR3H7d0DA_mEY.css\u0022 \/\u003E\n\u003Clink rel=\u0022stylesheet\u0022 media=\u0022all\u0022 href=\u0022\/~gacetaua\/sites\/default\/files\/css\/css_89YreTu0npezhXSakRJR9TVHyBS9bTcyt0s3IckAe-M.css\u0022 \/\u003E\n"},{"command":"add_js","selector":"body","data":[{"src":"\/~gacetaua\/sites\/default\/files\/js\/js_9UaAhXvc9u0KYXXUw-OKyLP2baQxdV4zY3Y_KGurcvY.js"},{"src":"\/~gacetaua\/sites\/default\/files\/js\/js_oDJxUBLBzfRb_FDgNfkNOm9-tiatS2kNfxQIeVRZA7Y.js"},{"src":"\/~gacetaua\/sites\/default\/files\/js\/js_YM82KRuzNIr2X-Kb8pQW8cOcSbWgQ_QGKclTYJ_aMlI.js"},{"src":"\/~gacetaua\/sites\/default\/files\/js\/js_pqqsPPmPmxKgamY6qk_WSawtL05XH_yAY8GkPHVyahI.js"}]},{"command":"insert","method":"replaceWith","selector":".view-mode-full","data":"\u003Cdiv data-history-node-id=\u00223172\u0022 class=\u0022contenido view-mode-media_expanded ds-3col-equal clearfix\u0022\u003E\n\n  \n\n  \u003Cdiv class=\u0022area-medios group-left\u0022\u003E\n        \n                          \u003Cdiv  class=\u0022imagen\u0022 \u003E\n          \u003Cpicture\u003E\n                  \u003Csource srcset=\u0022\/~gacetaua\/sites\/default\/files\/styles\/max_650x650\/public\/2018-05\/Avanzan%20Cimarrones%20en%20generar%20Cero%20Residuos.webp?itok=4jSG-km8 650w, \/~gacetaua\/sites\/default\/files\/styles\/max_1300x1300\/public\/2018-05\/Avanzan%20Cimarrones%20en%20generar%20Cero%20Residuos.webp?itok=-uhXRDAj 1300w, \/~gacetaua\/sites\/default\/files\/styles\/max_1900x1900\/public\/2018-05\/Avanzan%20Cimarrones%20en%20generar%20Cero%20Residuos.webp?itok=exHDMaVE 1900w\u0022 type=\u0022image\/webp\u0022 sizes=\u0022100vw\u0022\/\u003E\n              \u003Csource srcset=\u0022\/~gacetaua\/sites\/default\/files\/styles\/max_650x650\/public\/2018-05\/Avanzan%20Cimarrones%20en%20generar%20Cero%20Residuos.JPG?itok=4jSG-km8 650w, \/~gacetaua\/sites\/default\/files\/styles\/max_1300x1300\/public\/2018-05\/Avanzan%20Cimarrones%20en%20generar%20Cero%20Residuos.JPG?itok=-uhXRDAj 1300w, \/~gacetaua\/sites\/default\/files\/styles\/max_1900x1900\/public\/2018-05\/Avanzan%20Cimarrones%20en%20generar%20Cero%20Residuos.JPG?itok=exHDMaVE 1900w\u0022 type=\u0022image\/jpeg\u0022 sizes=\u0022100vw\u0022\/\u003E\n                  \u003Cimg srcset=\u0022\/~gacetaua\/sites\/default\/files\/styles\/max_650x650\/public\/2018-05\/Avanzan%20Cimarrones%20en%20generar%20Cero%20Residuos.JPG?itok=4jSG-km8 650w, \/~gacetaua\/sites\/default\/files\/styles\/max_1300x1300\/public\/2018-05\/Avanzan%20Cimarrones%20en%20generar%20Cero%20Residuos.JPG?itok=-uhXRDAj 1300w, \/~gacetaua\/sites\/default\/files\/styles\/max_1900x1900\/public\/2018-05\/Avanzan%20Cimarrones%20en%20generar%20Cero%20Residuos.JPG?itok=exHDMaVE 1900w\u0022 sizes=\u0022100vw\u0022 src=\u0022\/~gacetaua\/sites\/default\/files\/styles\/max_1300x1300\/public\/2018-05\/Avanzan%20Cimarrones%20en%20generar%20Cero%20Residuos.JPG?itok=-uhXRDAj\u0022 alt=\u0022Programa_Cero Residuos_Proyectos_Gesti\u00f3n Ambiental\u0022 typeof=\u0022foaf:Image\u0022 class=\u0022img-fluid\u0022 \/\u003E\n\n  \u003C\/picture\u003E\n\n\u003C\/div\u003E\n      \n  \n\n      \u003Cdiv  class=\u0022boton-expander\u0022\u003E\n        \n                  \u003Cdiv class=\u0022item-list\u0022\u003E\u003Cul\u003E\u003Cli\u003E\u003Ca href=\u0022\/%7egacetaua\/ds-switch-view-mode\/node\/3172\/media_collapsed?selector=view-mode-media_expanded\u0022 class=\u0022use-ajax\u0022\u003E\u2191\u003C\/a\u003E\u003C\/li\u003E\u003C\/ul\u003E\u003C\/div\u003E\n      \n  \n    \u003C\/div\u003E\n\n\n  \u003C\/div\u003E\n\n  \u003Cdiv class=\u0022area-info group-middle\u0022\u003E\n    \n\u003Cdiv  class=\u0022inner\u0022\u003E\n          \n                          \u003Ch2  class=\u0022titulo\u0022 \u003E\n        Avanzan Cimarrones en generar Cero Residuos\n\u003C\/h2\u003E\n      \n  \n\n    \n                          \u003Cdiv  class=\u0022resumen\u0022 \u003E\n      Imparten capacitaci\u00f3n para generar conciencia de lo que significa el manejo adecuado de los residuos.\u003C\/div\u003E\n      \n  \n\n\n\u003Cdiv  class=\u0022datos\u0022\u003E\n            \u003Cdiv  class=\u0022autor\u0022\u003E\n            \u003Cdiv  class=\u0022field-label-inline\u0022\u003EPor\u003C\/div\u003E\n  \n                  \u003Ca href=\u0022\/%7egacetaua\/autores\/norma-angelica-gomez-bravo\u0022 hreflang=\u0022es\u0022\u003ENorma Ang\u00e9lica G\u00f3mez Bravo\u003C\/a\u003E\n      \n  \n    \u003C\/div\u003E\n\n      \u003Cdiv  class=\u0022campus\u0022\u003E\n            \u003Cdiv  class=\u0022field-label-inline\u0022\u003ECampus\u003C\/div\u003E\n  \n                  \u003Ca href=\u0022\/%7egacetaua\/campus\/mexicali\u0022 hreflang=\u0022es\u0022\u003EMexicali\u003C\/a\u003E\n      \n  \n    \u003C\/div\u003E\n\n    \n                          \u003Cdiv  class=\u0022fecha\u0022 \u003E\n      24 de Mayo de 2018\u003C\/div\u003E\n      \n  \n\n\n  \u003C\/div\u003E\n    \n                          \u003Cdiv  class=\u0022texto\u0022 \u003E\n      \u003Cp\u003EHace poco m\u00e1s de un mes se implement\u00f3 en la UABC el Programa Cero Residuos con el que se pretende beneficiar al medio ambiente generando la menor cantidad posible de residuos, que puedan terminar como basura da\u00f1ando los mantos fre\u00e1ticos, mares, suelos y aire.\u003C\/p\u003E\n\n\u003Cp\u003EPara que el programa sea exitoso, la Coordinaci\u00f3n de Proyectos de Gesti\u00f3n Ambiental, a cargo del doctor Efra\u00edn Carlos Nieblas Ort\u00edz, inici\u00f3 una serie de capacitaciones con el personal que labora en las dependencias de la Rector\u00eda.\u003C\/p\u003E\n\n\u003Cp\u003E\u201cEl objetivo es sensibilizar, concientizar y darles elementos de juicio a los empleados universitarios para que conozcan la diferencia entre manejar los residuos de manera adecuada e inadecuada\u201d, expres\u00f3 el doctor Nieblas Ort\u00edz.\u003C\/p\u003E\n\n\u003Cp\u003EExpuso que la propuesta de manejo del programa es la separaci\u00f3n de los residuos de acuerdo a su composici\u00f3n, ya sean pl\u00e1sticos, residuos org\u00e1nicos, aluminio, papel y cart\u00f3n, as\u00ed como el resto de los residuos, para los cuales se dispusieron una serie de contenedores. \u003C\/p\u003E\n\n\u003Cp\u003EDe esta forma pueden entrar a procesos de valorizaci\u00f3n, es decir, para ver si pueden ser reciclados, reusados o desechados. En caso de ser reciclados, se integrar\u00e1n a un nuevo proceso productivo para formar nuevos productos.\u003C\/p\u003E\n\n\u003Cp\u003ELos residuos org\u00e1nicos se ir\u00e1n a un centro universitario de reciclaje que estar\u00e1 ubicado en las instalaciones del Instituto de Ciencias Agr\u00edcolas y que ser\u00e1 convertido en materia org\u00e1nica que facilite el mejoramiento de los suelos y que ayude a nutrir a las plantas mediante de un proceso de compostaje.\u003C\/p\u003E\n\n\u003Cp\u003EUno de los objetivos de Cero Residuos es cambiar los h\u00e1bitos y la cultura de los usuarios de la Universidad y con ello hacer conciencia de lo que significa el manejo adecuado de los residuos de tal forma, que estos ya no impacten negativamente al medio ambiente y los recursos naturales. \u201cBuscamos que tampoco impacten en la salud p\u00fablica\u201d, agreg\u00f3.\u003C\/p\u003E\n\n\u003Cp\u003EComo meta particular del programa se estableci\u00f3 que el 90 por ciento de los residuos que se generan en la Universidad vayan a estos procesos de compostaje y reciclaje, y que cuando mucho el 10 por ciento se vaya a un sitio de disposici\u00f3n final, ya sea un tiradero o a un relleno sanitario.\u003C\/p\u003E\n\n\u003Cp\u003ELa etapa en la que se encuentran es la implementaci\u00f3n de la comunicaci\u00f3n y capacitaci\u00f3n, cuyo modelo es multiplicador, es decir, se capacitan a l\u00edderes y responsables ambientales para que estos a su vez repliquen la capacitaci\u00f3n a sus pares, ya sean alumnos, profesores, investigadores y personal administrativo.\u003C\/p\u003E\n\n\u003Cp\u003E\u201cConsideramos que el proceso de adquirir un nuevo h\u00e1bito y en consecuencia segregar correctamente los residuos, nos va a llevar todo el resto del a\u00f1o. Iniciando el pr\u00f3ximo ciclo escolar seguiremos con la capacitaci\u00f3n y comunicaci\u00f3n de tal forma que esperamos que al cierre de este a\u00f1o podamos ya observar que en los contenedores va el residuo que corresponde y no encontrar mezclas como todav\u00eda est\u00e1 sucediendo\u201d, expuso el Coordinador.\u003C\/p\u003E\n\n\u003Cp\u003EFinalmente invit\u00f3 a toda la comunidad universitaria a hacer suyo el Programa Cero Residuos que es un modelo que llama primero a la reflexi\u00f3n y luego a la acci\u00f3n. \u201cInsisto, necesitamos la colaboraci\u00f3n y la corresponsabilidad de todos los universitarios para que las metas y objetivos del programa se cumplan adecuadamente\u201d puntualiz\u00f3 el doctor Nieblas Ort\u00edz.\u003C\/p\u003E\n\n\u003Cp\u003E\u00a0\u003C\/p\u003E\n\n\u003Cp\u003ECon informaci\u00f3n y fotos de: Abril Corpus Parra.\u003C\/p\u003E\u003C\/div\u003E\n      \n  \n\n    \n            \u003Cdiv  class=\u0022palabras-clave\u0022\u003E\n                        \u003Ca href=\u0022\/%7egacetaua\/tags\/programa\u0022 hreflang=\u0022es\u0022\u003EPrograma\u003C\/a\u003E\n                \u003Ca href=\u0022\/%7egacetaua\/tags\/cero-residuos\u0022 hreflang=\u0022es\u0022\u003ECero Residuos\u003C\/a\u003E\n                \u003Ca href=\u0022\/%7egacetaua\/tags\/proyectos\u0022 hreflang=\u0022es\u0022\u003EProyectos\u003C\/a\u003E\n                \u003Ca href=\u0022\/%7egacetaua\/tags\/gestion-ambiental\u0022 hreflang=\u0022es\u0022\u003EGesti\u00f3n Ambiental\u003C\/a\u003E\n      \n      \u003C\/div\u003E\n  \n\n\n  \u003C\/div\u003E\n\n  \u003C\/div\u003E\n\n  \u003Cdiv class=\u0022area-extras group-right\u0022\u003E\n        \n                          \u003Cdiv  class=\u0022enlace-blockBottom\u0022 \u003E\n      \u003Cdiv\u003EVer m\u00e1s \u003Ca href=\u0022http:\/\/gaceta.uabc.mx\/notas\u0022\u003ENotas\u003C\/a\u003E\u003C\/div\u003E\n\u003C\/div\u003E\n      \n  \n\n\n  \u003C\/div\u003E\n\n\u003C\/div\u003E\n\n","settings":null}]