[{"command":"settings","settings":{"pluralDelimiter":"\u0003","suppressDeprecationErrors":true,"ajaxPageState":{"libraries":"core\/drupal.ajax,core\/picturefill,ds\/ds_3col_equal_width","theme":"gaceta","theme_token":null},"ajaxTrustedUrl":[],"field_group":{"html_element":{"mode":"media_expanded","context":"view","settings":{"classes":"datos","show_empty_fields":false,"id":"","element":"div","show_label":false,"label_element":"h3","label_element_classes":"","attributes":"","effect":"none","speed":"fast"}}},"user":{"uid":0,"permissionsHash":"55dc977d165ab1e05e51b6cc6487f6d73e65ab536d99ee82c6990d9001d5c21c"}},"merge":true},{"command":"add_css","data":"\u003Clink rel=\u0022stylesheet\u0022 media=\u0022all\u0022 href=\u0022\/~gacetaua\/sites\/default\/files\/css\/css_mxJrjoKKAZuuB4_4f-B1u9VnFZxvSor3Az4JEdrFEso.css\u0022 \/\u003E\n\u003Clink rel=\u0022stylesheet\u0022 media=\u0022all\u0022 href=\u0022\/~gacetaua\/sites\/default\/files\/css\/css_-BXSGQpS8YTwwuXGbPoshUvZ7W-_HbYR3H7d0DA_mEY.css\u0022 \/\u003E\n\u003Clink rel=\u0022stylesheet\u0022 media=\u0022all\u0022 href=\u0022\/~gacetaua\/sites\/default\/files\/css\/css_89YreTu0npezhXSakRJR9TVHyBS9bTcyt0s3IckAe-M.css\u0022 \/\u003E\n"},{"command":"add_js","selector":"body","data":[{"src":"\/~gacetaua\/sites\/default\/files\/js\/js_9UaAhXvc9u0KYXXUw-OKyLP2baQxdV4zY3Y_KGurcvY.js"},{"src":"\/~gacetaua\/sites\/default\/files\/js\/js_oDJxUBLBzfRb_FDgNfkNOm9-tiatS2kNfxQIeVRZA7Y.js"},{"src":"\/~gacetaua\/sites\/default\/files\/js\/js_YM82KRuzNIr2X-Kb8pQW8cOcSbWgQ_QGKclTYJ_aMlI.js"},{"src":"\/~gacetaua\/sites\/default\/files\/js\/js_pqqsPPmPmxKgamY6qk_WSawtL05XH_yAY8GkPHVyahI.js"}]},{"command":"insert","method":"replaceWith","selector":".view-mode-full","data":"\u003Cdiv data-history-node-id=\u00223269\u0022 class=\u0022contenido view-mode-media_expanded ds-3col-equal clearfix\u0022\u003E\n\n  \n\n  \u003Cdiv class=\u0022area-medios group-left\u0022\u003E\n        \n                          \u003Cdiv  class=\u0022imagen\u0022 \u003E\n          \u003Cpicture\u003E\n                  \u003Csource srcset=\u0022\/~gacetaua\/sites\/default\/files\/styles\/max_650x650\/public\/2018-06\/Entrega%20Fundaci%C3%B3n%20UABC%20becas%20a%20estudiantes.webp?itok=TRr9CArQ 650w, \/~gacetaua\/sites\/default\/files\/styles\/max_1300x1300\/public\/2018-06\/Entrega%20Fundaci%C3%B3n%20UABC%20becas%20a%20estudiantes.webp?itok=Wzs801kH 1300w, \/~gacetaua\/sites\/default\/files\/styles\/max_1900x1900\/public\/2018-06\/Entrega%20Fundaci%C3%B3n%20UABC%20becas%20a%20estudiantes.webp?itok=odPheRSA 1600w\u0022 type=\u0022image\/webp\u0022 sizes=\u0022100vw\u0022\/\u003E\n              \u003Csource srcset=\u0022\/~gacetaua\/sites\/default\/files\/styles\/max_650x650\/public\/2018-06\/Entrega%20Fundaci%C3%B3n%20UABC%20becas%20a%20estudiantes.jpg?itok=TRr9CArQ 650w, \/~gacetaua\/sites\/default\/files\/styles\/max_1300x1300\/public\/2018-06\/Entrega%20Fundaci%C3%B3n%20UABC%20becas%20a%20estudiantes.jpg?itok=Wzs801kH 1300w, \/~gacetaua\/sites\/default\/files\/styles\/max_1900x1900\/public\/2018-06\/Entrega%20Fundaci%C3%B3n%20UABC%20becas%20a%20estudiantes.jpg?itok=odPheRSA 1600w\u0022 type=\u0022image\/jpeg\u0022 sizes=\u0022100vw\u0022\/\u003E\n                  \u003Cimg srcset=\u0022\/~gacetaua\/sites\/default\/files\/styles\/max_650x650\/public\/2018-06\/Entrega%20Fundaci%C3%B3n%20UABC%20becas%20a%20estudiantes.jpg?itok=TRr9CArQ 650w, \/~gacetaua\/sites\/default\/files\/styles\/max_1300x1300\/public\/2018-06\/Entrega%20Fundaci%C3%B3n%20UABC%20becas%20a%20estudiantes.jpg?itok=Wzs801kH 1300w, \/~gacetaua\/sites\/default\/files\/styles\/max_1900x1900\/public\/2018-06\/Entrega%20Fundaci%C3%B3n%20UABC%20becas%20a%20estudiantes.jpg?itok=odPheRSA 1600w\u0022 sizes=\u0022100vw\u0022 src=\u0022\/~gacetaua\/sites\/default\/files\/styles\/max_1300x1300\/public\/2018-06\/Entrega%20Fundaci%C3%B3n%20UABC%20becas%20a%20estudiantes.jpg?itok=Wzs801kH\u0022 alt=\u0022Entrega_Becas_Intercambio Estudiantil_Internacional_ALAS, Oportunidades para Volar_Almater_Fundaci\u00f3n UABC\u0022 typeof=\u0022foaf:Image\u0022 class=\u0022img-fluid\u0022 \/\u003E\n\n  \u003C\/picture\u003E\n\n\u003C\/div\u003E\n      \n  \n\n      \u003Cdiv  class=\u0022boton-expander\u0022\u003E\n        \n                  \u003Cdiv class=\u0022item-list\u0022\u003E\u003Cul\u003E\u003Cli\u003E\u003Ca href=\u0022\/%7egacetaua\/ds-switch-view-mode\/node\/3269\/media_collapsed?selector=view-mode-media_expanded\u0022 class=\u0022use-ajax\u0022\u003E\u2191\u003C\/a\u003E\u003C\/li\u003E\u003C\/ul\u003E\u003C\/div\u003E\n      \n  \n    \u003C\/div\u003E\n\n\n  \u003C\/div\u003E\n\n  \u003Cdiv class=\u0022area-info group-middle\u0022\u003E\n    \n\u003Cdiv  class=\u0022inner\u0022\u003E\n          \n                          \u003Ch2  class=\u0022titulo\u0022 \u003E\n        Entrega Fundaci\u00f3n UABC becas a estudiantes\n\u003C\/h2\u003E\n      \n  \n\n    \n                          \u003Cdiv  class=\u0022resumen\u0022 \u003E\n      Fueron 59 becas para intercambio estudiantil internacional, dos de manutenci\u00f3n y siete para estancia de verano.\u003C\/div\u003E\n      \n  \n\n\n\u003Cdiv  class=\u0022datos\u0022\u003E\n            \u003Cdiv  class=\u0022autor\u0022\u003E\n            \u003Cdiv  class=\u0022field-label-inline\u0022\u003EPor\u003C\/div\u003E\n  \n                  \u003Ca href=\u0022\/%7egacetaua\/autores\/norma-angelica-gomez-bravo\u0022 hreflang=\u0022es\u0022\u003ENorma Ang\u00e9lica G\u00f3mez Bravo\u003C\/a\u003E\n      \n  \n    \u003C\/div\u003E\n\n      \u003Cdiv  class=\u0022campus\u0022\u003E\n            \u003Cdiv  class=\u0022field-label-inline\u0022\u003ECampus\u003C\/div\u003E\n  \n                  \u003Ca href=\u0022\/%7egacetaua\/campus\/tijuana\u0022 hreflang=\u0022es\u0022\u003ETijuana\u003C\/a\u003E\n      \n  \n    \u003C\/div\u003E\n\n    \n                          \u003Cdiv  class=\u0022fecha\u0022 \u003E\n      13 de Junio de 2018\u003C\/div\u003E\n      \n  \n\n\n  \u003C\/div\u003E\n    \n                          \u003Cdiv  class=\u0022texto\u0022 \u003E\n      \u003Cp\u003ELa Fundaci\u00f3n de la Universidad Aut\u00f3noma de Baja California (FUABC) realiz\u00f3 la XXI Ceremonia de Entrega de Becas a los alumnos que se beneficiaron con un apoyo econ\u00f3mico para realizar intercambio estudiantil internacional, manutenci\u00f3n y estancias de verano.\u003C\/p\u003E\n\n\u003Cp\u003EEn total se entregaron 59 becas del programa \u201cALAS, Oportunidades para Volar\u201d que en total suma un importe de 295\u003Cstrong\u003E\u00a0\u003C\/strong\u003Emil d\u00f3lares que se destinar\u00e1n para estudiar durante un semestre en una instituci\u00f3n de educaci\u00f3n superior en el extranjero. Recibieron beca siete alumnos del Campus Ensenada, 30 del Campus Mexicali y 22 del Campus Tijuana. Realizar\u00e1n intercambio por un semestre a pa\u00edses como Espa\u00f1a, Canad\u00e1, Alemania, Francia, Corea del Sur, B\u00e9lgica, Rusia, Nueva Zelanda, Austria, Per\u00fa, Argentina, entre otros.\u003C\/p\u003E\n\n\u003Cp\u003EAdem\u00e1s, se entregaron dos becas \u201cAlmater\u201d para manutenci\u00f3n con un monto de 5 mil pesos mensuales y siete becas Enlace \u201cUCDS\u201d para realizar estancias de verano en la Universidad de California en San Diego, cada una de mil 700 d\u00f3lares.\u00a0\u003C\/p\u003E\n\n\u003Cp\u003EEl doctor Juan Manuel Ocegueda Hern\u00e1ndez, Rector de UABC, destac\u00f3 el compromiso por el desarrollo educativo realizado la FUABC y los donantes durante a\u00f1os, aportando para que m\u00e1s de mil estudiantes Cimarrones con alto nivel educativo, pero de escasos recursos econ\u00f3micos, vivan la experiencia que el intercambio internacional brinda. \u201cCon los programas de la Fundaci\u00f3n se apoya de manera significativa las tareas que tiene que realizar nuestra Universidad para cumplirle a la sociedad\u201d.\u003C\/p\u003E\n\n\u003Cp\u003EDe igual forma felicit\u00f3 a los alumnos que recibir\u00e1n la beca y los exhort\u00f3 a aprovechar esta oportunidad y poner muy en alto el nombre de la M\u00e1xima Casa de Estudios, una de las mejores instituciones de educaci\u00f3n superior en el pa\u00eds, Am\u00e9rica Latina y el mundo. \u201cEstamos convencidos que a trav\u00e9s de una sociedad m\u00e1s educada vamos a poder hacer frente de manera exitosa a todos los grandes retos que se nos plantean actualmente en el pa\u00eds\u201d, mencion\u00f3.\u00a0\u003C\/p\u003E\n\n\u003Cp\u003EEn representaci\u00f3n del licenciado Francisco Rubio C\u00e1rdenas, Presidente del Consejo Directivo de FUABC, asisti\u00f3 el contador Jos\u00e9 Mojica Moreno, Vicepresidente de Desarrollo Institucional quien agradeci\u00f3 a los donantes por comprometerse para que la educaci\u00f3n impartida en la UABC sea de calidad. Para lograr lo anterior, se requiere que los estudiantes vivan la experiencia del intercambio acad\u00e9mico y que salgan al mundo para que conozcan otra cultura, pr\u00e1cticas pedag\u00f3gicas y la convivencia con otras personas.\u003C\/p\u003E\n\n\u003Cp\u003E\u201cCon ese conocimiento adquirido deben regresar los j\u00f3venes a nuestro Estado para que lo compartan con sus compa\u00f1eros y familia, logrando que el contexto cultural, educativo y econ\u00f3mico de nuestra regi\u00f3n se transforme\u201d, expres\u00f3 el contador Mojica Moreno.\u00a0\u00a0\u003C\/p\u003E\n\n\u003Cp\u003EHabl\u00f3 en representaci\u00f3n de los donantes el ingeniero Alexander Mora Taraz\u00f3n, Director General de la empresa Pol\u00edmeros F\u00f3rmula de Tecate, quien manifest\u00f3 que es importante apoyar a los programas que impulsan a los estudiantes a realizar intercambio internacional, ya que este representa un beneficio para el desarrollo de su conocimiento y nuevas metodolog\u00edas de trabajo. \u201cEstamos convencidos que la mejor inversi\u00f3n es la educaci\u00f3n\u201d.\u00a0\u003C\/p\u003E\n\n\u003Cp\u003EPor parte de los alumnos beneficiados habl\u00f3 Antonio Guadalupe Gonz\u00e1lez Robledo, de la Licenciatura en Derecho del Campus Tijuana, quien agradeci\u00f3 tanto a la UABC como a la FUABC y principalmente a los donantes por la oportunidad que les brindan para estudiar en una universidad extranjera durante un semestre y enriquecer as\u00ed su formaci\u00f3n profesional.\u003C\/p\u003E\n\n\u003Cp\u003ETambi\u00e9n conformaron en pres\u00eddium el doctor Felipe Cuamea Vel\u00e1zquez, Presidente de la Junta de Gobierno de la UABC; se\u00f1or Fernando Dur\u00e1n Mart\u00ednez, Vocal del Patronato Universitario; en representaci\u00f3n del contador Vicente Camacho Guill\u00e9n, Presidente de FUABC Cap\u00edtulo Tecate, asisti\u00f3 Javier Ib\u00e1\u00f1ez Salda\u00f1a y el doctor Jos\u00e9 David Ledezma Torres, Coordinador de Cooperaci\u00f3n Internacional e Intercambio Acad\u00e9mico de UABC.\u003C\/p\u003E\n\n\u003Cp\u003E\u00a0\u003C\/p\u003E\n\n\u003Cp\u003EFOTO: Armando Ruiz Velarde.\u003C\/p\u003E\u003C\/div\u003E\n      \n  \n\n    \n            \u003Cdiv  class=\u0022palabras-clave\u0022\u003E\n                        \u003Ca href=\u0022\/%7egacetaua\/tags\/entrega\u0022 hreflang=\u0022es\u0022\u003EEntrega\u003C\/a\u003E\n                \u003Ca href=\u0022\/%7egacetaua\/tags\/becas\u0022 hreflang=\u0022es\u0022\u003EBecas\u003C\/a\u003E\n                \u003Ca href=\u0022\/%7egacetaua\/tags\/intercambio-estudiantil\u0022 hreflang=\u0022es\u0022\u003EIntercambio estudiantil\u003C\/a\u003E\n                \u003Ca href=\u0022\/%7egacetaua\/tags\/internacional\u0022 hreflang=\u0022es\u0022\u003EInternacional\u003C\/a\u003E\n                \u003Ca href=\u0022\/%7egacetaua\/tags\/alas-oportunidades-para-volar\u0022 hreflang=\u0022es\u0022\u003EAlas Oportunidades para Volar\u003C\/a\u003E\n                \u003Ca href=\u0022\/%7egacetaua\/tags\/almater\u0022 hreflang=\u0022es\u0022\u003EAlmater\u003C\/a\u003E\n                \u003Ca href=\u0022\/%7egacetaua\/tags\/fundacion-uabc\u0022 hreflang=\u0022es\u0022\u003EFundaci\u00f3n UABC\u003C\/a\u003E\n      \n      \u003C\/div\u003E\n  \n\n\n  \u003C\/div\u003E\n\n  \u003C\/div\u003E\n\n  \u003Cdiv class=\u0022area-extras group-right\u0022\u003E\n        \n                          \u003Cdiv  class=\u0022enlace-blockBottom\u0022 \u003E\n      \u003Cdiv\u003EVer m\u00e1s \u003Ca href=\u0022http:\/\/gaceta.uabc.mx\/notas\u0022\u003ENotas\u003C\/a\u003E\u003C\/div\u003E\n\u003C\/div\u003E\n      \n  \n\n\n  \u003C\/div\u003E\n\n\u003C\/div\u003E\n\n","settings":null}]