[{"command":"settings","settings":{"pluralDelimiter":"\u0003","suppressDeprecationErrors":true,"ajaxPageState":{"libraries":"core\/drupal.ajax,core\/picturefill,ds\/ds_3col_equal_width","theme":"gaceta","theme_token":null},"ajaxTrustedUrl":[],"field_group":{"html_element":{"mode":"media_expanded","context":"view","settings":{"classes":"datos","show_empty_fields":false,"id":"","element":"div","show_label":false,"label_element":"h3","label_element_classes":"","attributes":"","effect":"none","speed":"fast"}}},"user":{"uid":0,"permissionsHash":"55dc977d165ab1e05e51b6cc6487f6d73e65ab536d99ee82c6990d9001d5c21c"}},"merge":true},{"command":"add_css","data":"\u003Clink rel=\u0022stylesheet\u0022 media=\u0022all\u0022 href=\u0022\/~gacetaua\/sites\/default\/files\/css\/css_mxJrjoKKAZuuB4_4f-B1u9VnFZxvSor3Az4JEdrFEso.css\u0022 \/\u003E\n\u003Clink rel=\u0022stylesheet\u0022 media=\u0022all\u0022 href=\u0022\/~gacetaua\/sites\/default\/files\/css\/css_-BXSGQpS8YTwwuXGbPoshUvZ7W-_HbYR3H7d0DA_mEY.css\u0022 \/\u003E\n\u003Clink rel=\u0022stylesheet\u0022 media=\u0022all\u0022 href=\u0022\/~gacetaua\/sites\/default\/files\/css\/css_89YreTu0npezhXSakRJR9TVHyBS9bTcyt0s3IckAe-M.css\u0022 \/\u003E\n"},{"command":"add_js","selector":"body","data":[{"src":"\/~gacetaua\/sites\/default\/files\/js\/js_9UaAhXvc9u0KYXXUw-OKyLP2baQxdV4zY3Y_KGurcvY.js"},{"src":"\/~gacetaua\/sites\/default\/files\/js\/js_oDJxUBLBzfRb_FDgNfkNOm9-tiatS2kNfxQIeVRZA7Y.js"},{"src":"\/~gacetaua\/sites\/default\/files\/js\/js_YM82KRuzNIr2X-Kb8pQW8cOcSbWgQ_QGKclTYJ_aMlI.js"},{"src":"\/~gacetaua\/sites\/default\/files\/js\/js_pqqsPPmPmxKgamY6qk_WSawtL05XH_yAY8GkPHVyahI.js"}]},{"command":"insert","method":"replaceWith","selector":".view-mode-full","data":"\u003Cdiv data-history-node-id=\u00223452\u0022 class=\u0022contenido view-mode-media_expanded ds-3col-equal clearfix\u0022\u003E\n\n  \n\n  \u003Cdiv class=\u0022area-medios group-left\u0022\u003E\n        \n                          \u003Cdiv  class=\u0022imagen\u0022 \u003E\n          \u003Cpicture\u003E\n                  \u003Csource srcset=\u0022\/~gacetaua\/sites\/default\/files\/styles\/max_650x650\/public\/2018-09\/Presenta%20Director%20de%20la%20Facultad%20de%20Idiomas%20informe.webp?itok=RO8TzOKv 650w, \/~gacetaua\/sites\/default\/files\/styles\/max_1300x1300\/public\/2018-09\/Presenta%20Director%20de%20la%20Facultad%20de%20Idiomas%20informe.webp?itok=QHV_a-AM 1300w, \/~gacetaua\/sites\/default\/files\/styles\/max_1900x1900\/public\/2018-09\/Presenta%20Director%20de%20la%20Facultad%20de%20Idiomas%20informe.webp?itok=I6_nhOWg 1564w\u0022 type=\u0022image\/webp\u0022 sizes=\u0022100vw\u0022\/\u003E\n              \u003Csource srcset=\u0022\/~gacetaua\/sites\/default\/files\/styles\/max_650x650\/public\/2018-09\/Presenta%20Director%20de%20la%20Facultad%20de%20Idiomas%20informe.jpg?itok=RO8TzOKv 650w, \/~gacetaua\/sites\/default\/files\/styles\/max_1300x1300\/public\/2018-09\/Presenta%20Director%20de%20la%20Facultad%20de%20Idiomas%20informe.jpg?itok=QHV_a-AM 1300w, \/~gacetaua\/sites\/default\/files\/styles\/max_1900x1900\/public\/2018-09\/Presenta%20Director%20de%20la%20Facultad%20de%20Idiomas%20informe.jpg?itok=I6_nhOWg 1564w\u0022 type=\u0022image\/jpeg\u0022 sizes=\u0022100vw\u0022\/\u003E\n                  \u003Cimg srcset=\u0022\/~gacetaua\/sites\/default\/files\/styles\/max_650x650\/public\/2018-09\/Presenta%20Director%20de%20la%20Facultad%20de%20Idiomas%20informe.jpg?itok=RO8TzOKv 650w, \/~gacetaua\/sites\/default\/files\/styles\/max_1300x1300\/public\/2018-09\/Presenta%20Director%20de%20la%20Facultad%20de%20Idiomas%20informe.jpg?itok=QHV_a-AM 1300w, \/~gacetaua\/sites\/default\/files\/styles\/max_1900x1900\/public\/2018-09\/Presenta%20Director%20de%20la%20Facultad%20de%20Idiomas%20informe.jpg?itok=I6_nhOWg 1564w\u0022 sizes=\u0022100vw\u0022 src=\u0022\/~gacetaua\/sites\/default\/files\/styles\/max_1300x1300\/public\/2018-09\/Presenta%20Director%20de%20la%20Facultad%20de%20Idiomas%20informe.jpg?itok=QHV_a-AM\u0022 alt=\u0022Informe de Actividades_Transparencia_Rendici\u00f3n de Cuentas_Facultad de Idiomas\u0022 typeof=\u0022foaf:Image\u0022 class=\u0022img-fluid\u0022 \/\u003E\n\n  \u003C\/picture\u003E\n\n\u003C\/div\u003E\n      \n  \n\n      \u003Cdiv  class=\u0022boton-expander\u0022\u003E\n        \n                  \u003Cdiv class=\u0022item-list\u0022\u003E\u003Cul\u003E\u003Cli\u003E\u003Ca href=\u0022\/%7egacetaua\/ds-switch-view-mode\/node\/3452\/media_collapsed?selector=view-mode-media_expanded\u0022 class=\u0022use-ajax\u0022\u003E\u2191\u003C\/a\u003E\u003C\/li\u003E\u003C\/ul\u003E\u003C\/div\u003E\n      \n  \n    \u003C\/div\u003E\n\n\n  \u003C\/div\u003E\n\n  \u003Cdiv class=\u0022area-info group-middle\u0022\u003E\n    \n\u003Cdiv  class=\u0022inner\u0022\u003E\n          \n                          \u003Ch2  class=\u0022titulo\u0022 \u003E\n        Presenta Director de la Facultad de Idiomas informe\n\u003C\/h2\u003E\n      \n  \n\n    \n                          \u003Cdiv  class=\u0022resumen\u0022 \u003E\n      El maestro L\u00e1zaro Gabriel M\u00e1rquez Escudero rindi\u00f3 cuentas de su tercer a\u00f1o al frente de la Unidad Acad\u00e9mica.\u003C\/div\u003E\n      \n  \n\n\n\u003Cdiv  class=\u0022datos\u0022\u003E\n            \u003Cdiv  class=\u0022autor\u0022\u003E\n            \u003Cdiv  class=\u0022field-label-inline\u0022\u003EPor\u003C\/div\u003E\n  \n                  \u003Ca href=\u0022\/%7egacetaua\/autores\/nikole-garcia-mares\u0022 hreflang=\u0022es\u0022\u003ENikole Garc\u00eda Mares\u003C\/a\u003E\n      \n  \n    \u003C\/div\u003E\n\n      \u003Cdiv  class=\u0022campus\u0022\u003E\n            \u003Cdiv  class=\u0022field-label-inline\u0022\u003ECampus\u003C\/div\u003E\n  \n                  \u003Ca href=\u0022\/%7egacetaua\/campus\/tijuana\u0022 hreflang=\u0022es\u0022\u003ETijuana\u003C\/a\u003E\n      \n  \n    \u003C\/div\u003E\n\n    \n                          \u003Cdiv  class=\u0022fecha\u0022 \u003E\n      5 de Septiembre de 2018\u003C\/div\u003E\n      \n  \n\n\n  \u003C\/div\u003E\n    \n                          \u003Cdiv  class=\u0022texto\u0022 \u003E\n      \u003Cp\u003EEl maestro L\u00e1zaro Gabriel M\u00e1rquez Escudero, Director de la Facultad de Idiomas, present\u00f3, en la Unidad Universitaria Tecate, su tercer informe de actividades, las cuales corresponden al per\u00edodo 2017-2018 y que se efectuaron en conjunto con la planta docente y administrativa, as\u00ed como del alumnado.\u003C\/p\u003E\n\n\u003Cp\u003EEntre las principales acciones destacan las acreditaciones de los programas de licenciatura. El maestro M\u00e1rquez Escudero precis\u00f3: \u201cHemos logrado levantar la bandera blanca, alcanzado la acreditaci\u00f3n y reacreditaci\u00f3n de nuestros programas de licenciatura y posgrado, incluyendo el nuevo programa de Doctorado en Ciencias del Lenguaje, el cual est\u00e1 acreditado ante el Conacyt por un per\u00edodo de cinco a\u00f1os\u201d.\u003C\/p\u003E\n\n\u003Cp\u003EAsimismo, agradeci\u00f3 a todos los docentes, personal administrativo y de servicios, subdirectores, administradores y a toda la comunidad universitaria de la Facultad, el trabajo realizado en este a\u00f1o de gesti\u00f3n.\u003C\/p\u003E\n\n\u003Cp\u003EEl doctor Felipe Cuamea Vel\u00e1zquez, Presidente de la Junta de Gobierno de la UABC, confirm\u00f3 la importancia de realizar estos ejercicios de rendici\u00f3n de cuentas y alent\u00f3 el crecimiento de los Cuerpos Acad\u00e9micos y la habilitaci\u00f3n docente para as\u00ed subir est\u00e1ndares de calidad educativa de la Unidad Acad\u00e9mica. Adem\u00e1s, resalt\u00f3 el valor agregado que la Facultad de Idiomas ofrece a toda la comunidad Cimarrona en el proceso de formaci\u00f3n integral de los estudiantes de nuestra M\u00e1xima Casa de Estudios. \u00a0\u003C\/p\u003E\n\n\u003Cp\u003EEl evento cont\u00f3 con la presencia de estudiantes, personal acad\u00e9mico, administrativo y directivo, as\u00ed como la Sociedad de Alumnos de las diferentes extensiones. \u003C\/p\u003E\n\n\u003Cp\u003EPara mayor informaci\u00f3n el documento completo del tercer informe de actividades se puede consultar en el portal web de la Facultad de Idiomas. \u00a0\u003C\/p\u003E\n\n\u003Cp\u003E\u00a0\u003C\/p\u003E\n\n\u003Cp\u003EFOTO: Cortes\u00eda.\u003C\/p\u003E\u003C\/div\u003E\n      \n  \n\n    \n            \u003Cdiv  class=\u0022palabras-clave\u0022\u003E\n                        \u003Ca href=\u0022\/%7egacetaua\/tags\/informe-de-actividades\u0022 hreflang=\u0022es\u0022\u003EInforme de actividades\u003C\/a\u003E\n                \u003Ca href=\u0022\/%7egacetaua\/tags\/transparencia\u0022 hreflang=\u0022es\u0022\u003ETransparencia\u003C\/a\u003E\n                \u003Ca href=\u0022\/%7egacetaua\/tags\/rendicion-de-cuentas\u0022 hreflang=\u0022es\u0022\u003ERendici\u00f3n de Cuentas\u003C\/a\u003E\n                \u003Ca href=\u0022\/%7egacetaua\/tags\/facultad-de-idiomas\u0022 hreflang=\u0022es\u0022\u003EFacultad de Idiomas\u003C\/a\u003E\n      \n      \u003C\/div\u003E\n  \n\n\n  \u003C\/div\u003E\n\n  \u003C\/div\u003E\n\n  \u003Cdiv class=\u0022area-extras group-right\u0022\u003E\n        \n                          \u003Cdiv  class=\u0022enlace-blockBottom\u0022 \u003E\n      \u003Cdiv\u003EVer m\u00e1s \u003Ca href=\u0022http:\/\/gaceta.uabc.mx\/notas\u0022\u003ENotas\u003C\/a\u003E\u003C\/div\u003E\n\u003C\/div\u003E\n      \n  \n\n\n  \u003C\/div\u003E\n\n\u003C\/div\u003E\n\n","settings":null}]