[{"command":"settings","settings":{"pluralDelimiter":"\u0003","suppressDeprecationErrors":true,"ajaxPageState":{"libraries":"core\/drupal.ajax,core\/picturefill,ds\/ds_3col_equal_width","theme":"gaceta","theme_token":null},"ajaxTrustedUrl":[],"field_group":{"html_element":{"mode":"media_expanded","context":"view","settings":{"classes":"datos","show_empty_fields":false,"id":"","element":"div","show_label":false,"label_element":"h3","label_element_classes":"","attributes":"","effect":"none","speed":"fast"}}},"user":{"uid":0,"permissionsHash":"55dc977d165ab1e05e51b6cc6487f6d73e65ab536d99ee82c6990d9001d5c21c"}},"merge":true},{"command":"add_css","data":"\u003Clink rel=\u0022stylesheet\u0022 media=\u0022all\u0022 href=\u0022\/~gacetaua\/sites\/default\/files\/css\/css_mxJrjoKKAZuuB4_4f-B1u9VnFZxvSor3Az4JEdrFEso.css\u0022 \/\u003E\n\u003Clink rel=\u0022stylesheet\u0022 media=\u0022all\u0022 href=\u0022\/~gacetaua\/sites\/default\/files\/css\/css_-BXSGQpS8YTwwuXGbPoshUvZ7W-_HbYR3H7d0DA_mEY.css\u0022 \/\u003E\n\u003Clink rel=\u0022stylesheet\u0022 media=\u0022all\u0022 href=\u0022\/~gacetaua\/sites\/default\/files\/css\/css_89YreTu0npezhXSakRJR9TVHyBS9bTcyt0s3IckAe-M.css\u0022 \/\u003E\n"},{"command":"add_js","selector":"body","data":[{"src":"\/~gacetaua\/sites\/default\/files\/js\/js_9UaAhXvc9u0KYXXUw-OKyLP2baQxdV4zY3Y_KGurcvY.js"},{"src":"\/~gacetaua\/sites\/default\/files\/js\/js_oDJxUBLBzfRb_FDgNfkNOm9-tiatS2kNfxQIeVRZA7Y.js"},{"src":"\/~gacetaua\/sites\/default\/files\/js\/js_YM82KRuzNIr2X-Kb8pQW8cOcSbWgQ_QGKclTYJ_aMlI.js"},{"src":"\/~gacetaua\/sites\/default\/files\/js\/js_pqqsPPmPmxKgamY6qk_WSawtL05XH_yAY8GkPHVyahI.js"}]},{"command":"insert","method":"replaceWith","selector":".view-mode-full","data":"\u003Cdiv data-history-node-id=\u00223473\u0022 class=\u0022contenido view-mode-media_expanded ds-3col-equal clearfix\u0022\u003E\n\n  \n\n  \u003Cdiv class=\u0022area-medios group-left\u0022\u003E\n        \n                          \u003Cdiv  class=\u0022imagen\u0022 \u003E\n          \u003Cpicture\u003E\n                  \u003Csource srcset=\u0022\/~gacetaua\/sites\/default\/files\/styles\/max_650x650\/public\/2018-09\/Colaborar%C3%A1n%20UABC%20e%20Imdet%20en%20proyectos%20de%20vinculaci%C3%B3n.webp?itok=NaBnGYTF 650w, \/~gacetaua\/sites\/default\/files\/styles\/max_1900x1900\/public\/2018-09\/Colaborar%C3%A1n%20UABC%20e%20Imdet%20en%20proyectos%20de%20vinculaci%C3%B3n.webp?itok=j0FfpOOI 1280w\u0022 type=\u0022image\/webp\u0022 sizes=\u0022100vw\u0022\/\u003E\n              \u003Csource srcset=\u0022\/~gacetaua\/sites\/default\/files\/styles\/max_650x650\/public\/2018-09\/Colaborar%C3%A1n%20UABC%20e%20Imdet%20en%20proyectos%20de%20vinculaci%C3%B3n.jpg?itok=NaBnGYTF 650w, \/~gacetaua\/sites\/default\/files\/styles\/max_1900x1900\/public\/2018-09\/Colaborar%C3%A1n%20UABC%20e%20Imdet%20en%20proyectos%20de%20vinculaci%C3%B3n.jpg?itok=j0FfpOOI 1280w\u0022 type=\u0022image\/jpeg\u0022 sizes=\u0022100vw\u0022\/\u003E\n                  \u003Cimg srcset=\u0022\/~gacetaua\/sites\/default\/files\/styles\/max_650x650\/public\/2018-09\/Colaborar%C3%A1n%20UABC%20e%20Imdet%20en%20proyectos%20de%20vinculaci%C3%B3n.jpg?itok=NaBnGYTF 650w, \/~gacetaua\/sites\/default\/files\/styles\/max_1900x1900\/public\/2018-09\/Colaborar%C3%A1n%20UABC%20e%20Imdet%20en%20proyectos%20de%20vinculaci%C3%B3n.jpg?itok=j0FfpOOI 1280w\u0022 sizes=\u0022100vw\u0022 src=\u0022\/~gacetaua\/sites\/default\/files\/styles\/max_1300x1300\/public\/2018-09\/Colaborar%C3%A1n%20UABC%20e%20Imdet%20en%20proyectos%20de%20vinculaci%C3%B3n.jpg?itok=kH-VP48N\u0022 alt=\u0022Proyectos_Vinculaci\u00f3n_Valor en Cr\u00e9ditos_Deportes\u0022 typeof=\u0022foaf:Image\u0022 class=\u0022img-fluid\u0022 \/\u003E\n\n  \u003C\/picture\u003E\n\n\u003C\/div\u003E\n      \n  \n\n      \u003Cdiv  class=\u0022boton-expander\u0022\u003E\n        \n                  \u003Cdiv class=\u0022item-list\u0022\u003E\u003Cul\u003E\u003Cli\u003E\u003Ca href=\u0022\/%7egacetaua\/ds-switch-view-mode\/node\/3473\/media_collapsed?selector=view-mode-media_expanded\u0022 class=\u0022use-ajax\u0022\u003E\u2191\u003C\/a\u003E\u003C\/li\u003E\u003C\/ul\u003E\u003C\/div\u003E\n      \n  \n    \u003C\/div\u003E\n\n\n  \u003C\/div\u003E\n\n  \u003Cdiv class=\u0022area-info group-middle\u0022\u003E\n    \n\u003Cdiv  class=\u0022inner\u0022\u003E\n          \n                          \u003Ch2  class=\u0022titulo\u0022 \u003E\n        Colaborar\u00e1n UABC e Imdet en proyectos de vinculaci\u00f3n\n\u003C\/h2\u003E\n      \n  \n\n    \n                          \u003Cdiv  class=\u0022resumen\u0022 \u003E\n      Los dos proyectos que se realizar\u00e1n son \u201cEntrenamiento Cimarr\u00f3n\u201d y \u201cTalentos Deportivos\u201d.\u003C\/div\u003E\n      \n  \n\n\n\u003Cdiv  class=\u0022datos\u0022\u003E\n            \u003Cdiv  class=\u0022autor\u0022\u003E\n            \u003Cdiv  class=\u0022field-label-inline\u0022\u003EPor\u003C\/div\u003E\n  \n                  \u003Ca href=\u0022\/%7egacetaua\/autores\/vasthy-raquel-mejia-negrete\u0022 hreflang=\u0022es\u0022\u003EVasthy Raquel Mej\u00eda Negrete\u003C\/a\u003E\n      \n  \n    \u003C\/div\u003E\n\n      \u003Cdiv  class=\u0022campus\u0022\u003E\n            \u003Cdiv  class=\u0022field-label-inline\u0022\u003ECampus\u003C\/div\u003E\n  \n                  \u003Ca href=\u0022\/%7egacetaua\/campus\/tijuana\u0022 hreflang=\u0022es\u0022\u003ETijuana\u003C\/a\u003E\n      \n  \n    \u003C\/div\u003E\n\n    \n                          \u003Cdiv  class=\u0022fecha\u0022 \u003E\n      11 de Septiembre de 2018\u003C\/div\u003E\n      \n  \n\n\n  \u003C\/div\u003E\n    \n                          \u003Cdiv  class=\u0022texto\u0022 \u003E\n      \u003Cp\u003ESe llev\u00f3 a cabo una reuni\u00f3n entre maestros de la Facultad de Deportes, Campus Tijuana, y autoridades del Instituto Municipal del Deporte de Tijuana (Imdet), en las instalaciones de dicho instituto, para la organizaci\u00f3n de Proyectos de Vinculaci\u00f3n con Valor en Cr\u00e9ditos (PVVC).\u003C\/p\u003E\n\n\u003Cp\u003ELos objetivos de los PVVC son vincular a los alumnos con las actividades productivas y\/o empresariales; que el estudiante experimente la aplicaci\u00f3n pr\u00e1ctica de los conocimientos adquiridos en el aula; la adquisici\u00f3n de nuevos conocimientos dentro del ritmo de trabajo de una empresa y el desarrollo de habilidades y valores que impacten en la formaci\u00f3n integral del futuro profesionista. Mientras que los beneficios que los alumnos obtienen son que tiene contacto con el ambiente laboral antes de egresar; adquiere experiencia profesional hasta un a\u00f1o y medio antes de graduarse; acredita materias contenidas en el proyecto, as\u00ed como pr\u00e1cticas profesionales, servicio social y otras modalidades de obtenci\u00f3n de cr\u00e9ditos; experiencia \u00fanica de soluci\u00f3n de problemas reales en equipos de trabajo y la posibilidad de obtener empleo en donde realiz\u00f3 su PVVC.\u003C\/p\u003E\n\n\u003Cp\u003EPara este semestre 2018-2 la Facultad de Deportes puso en marcha ocho proyectos de vinculaci\u00f3n con diferentes unidades receptoras, entre las que se encuentran el Sistema Educativo Estatal, el Centro de Atenci\u00f3n a la Discapacidad y el Imdet.\u003C\/p\u003E\n\n\u003Cp\u003ELos dos proyectos que se realizar\u00e1n en colaboraci\u00f3n con Imdet son \u201cEntrenamiento Cimarr\u00f3n\u201d, a cargo de la maestra Cecilia Guzm\u00e1n; y \u201cTalentos Deportivos\u201d bajo la supervisi\u00f3n del maestro V\u00edctor Fuentes; relacionados con las asignaturas de Estructura Contempor\u00e1nea del Entrenamiento Deportivo y Detecci\u00f3n de Talentos Deportivos, respectivamente.\u003C\/p\u003E\n\n\u003Cp\u003EDurante esta reuni\u00f3n estuvieron presentes los estudiantes de octavo semestre de la Licenciatura en Actividad F\u00edsica y Deporte, quienes estar\u00e1n participando en los proyectos, a los cuales les fueron asignadas las unidades deportivas en las que estar\u00e1n realizando las actividades.\u003C\/p\u003E\n\n\u003Cp\u003EPor parte de Imdet estuvieron presentes: el licenciado Javier Acosta Mart\u00ednez,\u00a0 Jefe del Departamento de Deporte Estudiantil; licenciada Mar\u00eda de la Luz Mart\u00ednez Sauceda, Jefa del Departamento de Deporte Adaptado; licenciado Miguel Dom\u00ednguez Ortega, Coordinador de Centros de Iniciaci\u00f3n; y licenciada Ana Leticia Garc\u00eda Casillas, Asistente del Departamento de Deporte Estudiantil. Mientras que por la Facultad de Deportes estuvieron presentes la maestra Cecilia Guzm\u00e1n Guti\u00e9rrez y el maestro V\u00edctor Manuel Fuentes Rold\u00e1n, Responsables de los dos Proyectos de Vinculaci\u00f3n con Valor en Cr\u00e9ditos que se estar\u00e1n llevando a cabo en colaboraci\u00f3n con Imdet.\u003C\/p\u003E\u003C\/div\u003E\n      \n  \n\n    \n            \u003Cdiv  class=\u0022palabras-clave\u0022\u003E\n                        \u003Ca href=\u0022\/%7egacetaua\/tags\/proyectos\u0022 hreflang=\u0022es\u0022\u003EProyectos\u003C\/a\u003E\n                \u003Ca href=\u0022\/%7egacetaua\/tags\/vinculacion\u0022 hreflang=\u0022es\u0022\u003EVinculaci\u00f3n\u003C\/a\u003E\n                \u003Ca href=\u0022\/%7egacetaua\/tags\/valor-en-creditos\u0022 hreflang=\u0022es\u0022\u003EValor en Cr\u00e9ditos \u003C\/a\u003E\n                \u003Ca href=\u0022\/%7egacetaua\/tags\/deportes\u0022 hreflang=\u0022es\u0022\u003EDeportes\u003C\/a\u003E\n      \n      \u003C\/div\u003E\n  \n\n\n  \u003C\/div\u003E\n\n  \u003C\/div\u003E\n\n  \u003Cdiv class=\u0022area-extras group-right\u0022\u003E\n        \n                          \u003Cdiv  class=\u0022enlace-blockBottom\u0022 \u003E\n      \u003Cdiv\u003EVer m\u00e1s \u003Ca href=\u0022http:\/\/gaceta.uabc.mx\/notas\u0022\u003ENotas\u003C\/a\u003E\u003C\/div\u003E\n\u003C\/div\u003E\n      \n  \n\n\n  \u003C\/div\u003E\n\n\u003C\/div\u003E\n\n","settings":null}]