[{"command":"settings","settings":{"pluralDelimiter":"\u0003","suppressDeprecationErrors":true,"ajaxPageState":{"libraries":"core\/drupal.ajax,core\/picturefill,ds\/ds_3col_equal_width","theme":"gaceta","theme_token":null},"ajaxTrustedUrl":[],"field_group":{"html_element":{"mode":"media_expanded","context":"view","settings":{"classes":"datos","show_empty_fields":false,"id":"","element":"div","show_label":false,"label_element":"h3","label_element_classes":"","attributes":"","effect":"none","speed":"fast"}}},"user":{"uid":0,"permissionsHash":"55dc977d165ab1e05e51b6cc6487f6d73e65ab536d99ee82c6990d9001d5c21c"}},"merge":true},{"command":"add_css","data":"\u003Clink rel=\u0022stylesheet\u0022 media=\u0022all\u0022 href=\u0022\/~gacetaua\/sites\/default\/files\/css\/css_mxJrjoKKAZuuB4_4f-B1u9VnFZxvSor3Az4JEdrFEso.css\u0022 \/\u003E\n\u003Clink rel=\u0022stylesheet\u0022 media=\u0022all\u0022 href=\u0022\/~gacetaua\/sites\/default\/files\/css\/css_-BXSGQpS8YTwwuXGbPoshUvZ7W-_HbYR3H7d0DA_mEY.css\u0022 \/\u003E\n\u003Clink rel=\u0022stylesheet\u0022 media=\u0022all\u0022 href=\u0022\/~gacetaua\/sites\/default\/files\/css\/css_89YreTu0npezhXSakRJR9TVHyBS9bTcyt0s3IckAe-M.css\u0022 \/\u003E\n"},{"command":"add_js","selector":"body","data":[{"src":"\/~gacetaua\/sites\/default\/files\/js\/js_9UaAhXvc9u0KYXXUw-OKyLP2baQxdV4zY3Y_KGurcvY.js"},{"src":"\/~gacetaua\/sites\/default\/files\/js\/js_oDJxUBLBzfRb_FDgNfkNOm9-tiatS2kNfxQIeVRZA7Y.js"},{"src":"\/~gacetaua\/sites\/default\/files\/js\/js_YM82KRuzNIr2X-Kb8pQW8cOcSbWgQ_QGKclTYJ_aMlI.js"},{"src":"\/~gacetaua\/sites\/default\/files\/js\/js_pqqsPPmPmxKgamY6qk_WSawtL05XH_yAY8GkPHVyahI.js"}]},{"command":"insert","method":"replaceWith","selector":".view-mode-full","data":"\u003Cdiv data-history-node-id=\u00223728\u0022 class=\u0022contenido view-mode-media_expanded ds-3col-equal clearfix\u0022\u003E\n\n  \n\n  \u003Cdiv class=\u0022area-medios group-left\u0022\u003E\n        \n                          \u003Cdiv  class=\u0022imagen\u0022 \u003E\n          \u003Cpicture\u003E\n                  \u003Csource srcset=\u0022\/~gacetaua\/sites\/default\/files\/styles\/max_650x650\/public\/2018-10\/Efect%C3%BAan%20Primer%20Foro%20Internacional%20de%20Prevenci%C3%B3n%20de%20Desastres.webp?itok=lPiMD2FE 650w, \/~gacetaua\/sites\/default\/files\/styles\/max_1300x1300\/public\/2018-10\/Efect%C3%BAan%20Primer%20Foro%20Internacional%20de%20Prevenci%C3%B3n%20de%20Desastres.webp?itok=IV3EnSPK 1300w, \/~gacetaua\/sites\/default\/files\/styles\/max_1900x1900\/public\/2018-10\/Efect%C3%BAan%20Primer%20Foro%20Internacional%20de%20Prevenci%C3%B3n%20de%20Desastres.webp?itok=gNe-R325 1900w\u0022 type=\u0022image\/webp\u0022 sizes=\u0022100vw\u0022\/\u003E\n              \u003Csource srcset=\u0022\/~gacetaua\/sites\/default\/files\/styles\/max_650x650\/public\/2018-10\/Efect%C3%BAan%20Primer%20Foro%20Internacional%20de%20Prevenci%C3%B3n%20de%20Desastres.jpg?itok=lPiMD2FE 650w, \/~gacetaua\/sites\/default\/files\/styles\/max_1300x1300\/public\/2018-10\/Efect%C3%BAan%20Primer%20Foro%20Internacional%20de%20Prevenci%C3%B3n%20de%20Desastres.jpg?itok=IV3EnSPK 1300w, \/~gacetaua\/sites\/default\/files\/styles\/max_1900x1900\/public\/2018-10\/Efect%C3%BAan%20Primer%20Foro%20Internacional%20de%20Prevenci%C3%B3n%20de%20Desastres.jpg?itok=gNe-R325 1900w\u0022 type=\u0022image\/jpeg\u0022 sizes=\u0022100vw\u0022\/\u003E\n                  \u003Cimg srcset=\u0022\/~gacetaua\/sites\/default\/files\/styles\/max_650x650\/public\/2018-10\/Efect%C3%BAan%20Primer%20Foro%20Internacional%20de%20Prevenci%C3%B3n%20de%20Desastres.jpg?itok=lPiMD2FE 650w, \/~gacetaua\/sites\/default\/files\/styles\/max_1300x1300\/public\/2018-10\/Efect%C3%BAan%20Primer%20Foro%20Internacional%20de%20Prevenci%C3%B3n%20de%20Desastres.jpg?itok=IV3EnSPK 1300w, \/~gacetaua\/sites\/default\/files\/styles\/max_1900x1900\/public\/2018-10\/Efect%C3%BAan%20Primer%20Foro%20Internacional%20de%20Prevenci%C3%B3n%20de%20Desastres.jpg?itok=gNe-R325 1900w\u0022 sizes=\u0022100vw\u0022 src=\u0022\/~gacetaua\/sites\/default\/files\/styles\/max_1300x1300\/public\/2018-10\/Efect%C3%BAan%20Primer%20Foro%20Internacional%20de%20Prevenci%C3%B3n%20de%20Desastres.jpg?itok=IV3EnSPK\u0022 alt=\u0022Primer_Foro Internacional_Prevenci\u00f3n_Desastres\u0022 typeof=\u0022foaf:Image\u0022 class=\u0022img-fluid\u0022 \/\u003E\n\n  \u003C\/picture\u003E\n\n\u003C\/div\u003E\n      \n  \n\n      \u003Cdiv  class=\u0022boton-expander\u0022\u003E\n        \n                  \u003Cdiv class=\u0022item-list\u0022\u003E\u003Cul\u003E\u003Cli\u003E\u003Ca href=\u0022\/%7egacetaua\/ds-switch-view-mode\/node\/3728\/media_collapsed?selector=view-mode-media_expanded\u0022 class=\u0022use-ajax\u0022\u003E\u2191\u003C\/a\u003E\u003C\/li\u003E\u003C\/ul\u003E\u003C\/div\u003E\n      \n  \n    \u003C\/div\u003E\n\n\n  \u003C\/div\u003E\n\n  \u003Cdiv class=\u0022area-info group-middle\u0022\u003E\n    \n\u003Cdiv  class=\u0022inner\u0022\u003E\n          \n                          \u003Ch2  class=\u0022titulo\u0022 \u003E\n        Efect\u00faan Primer Foro Internacional de Prevenci\u00f3n de Desastres\n\u003C\/h2\u003E\n      \n  \n\n    \n                          \u003Cdiv  class=\u0022resumen\u0022 \u003E\n       Se busca fomentar la cultura de la prevenci\u00f3n y el manejo de contingencias.\u003C\/div\u003E\n      \n  \n\n\n\u003Cdiv  class=\u0022datos\u0022\u003E\n            \u003Cdiv  class=\u0022autor\u0022\u003E\n            \u003Cdiv  class=\u0022field-label-inline\u0022\u003EPor\u003C\/div\u003E\n  \n                  \u003Ca href=\u0022\/%7egacetaua\/autores\/nikole-garcia-mares\u0022 hreflang=\u0022es\u0022\u003ENikole Garc\u00eda Mares\u003C\/a\u003E\n      \n  \n    \u003C\/div\u003E\n\n      \u003Cdiv  class=\u0022campus\u0022\u003E\n            \u003Cdiv  class=\u0022field-label-inline\u0022\u003ECampus\u003C\/div\u003E\n  \n                  \u003Ca href=\u0022\/%7egacetaua\/campus\/tijuana\u0022 hreflang=\u0022es\u0022\u003ETijuana\u003C\/a\u003E\n      \n  \n    \u003C\/div\u003E\n\n    \n                          \u003Cdiv  class=\u0022fecha\u0022 \u003E\n      22 de Octubre de 2018\u003C\/div\u003E\n      \n  \n\n\n  \u003C\/div\u003E\n    \n                          \u003Cdiv  class=\u0022texto\u0022 \u003E\n      \u003Cp\u003ESe llev\u00f3 a cabo en la Escuela de Ciencias de la Ingenier\u00eda y Tecnolog\u00eda (Ecitec) el Primer Foro Internacional de Prevenci\u00f3n de Desastres con el objetivo de fomentar la cultura de la prevenci\u00f3n y el manejo de contingencias mediante la difusi\u00f3n de informaci\u00f3n oficial, adem\u00e1s, otorgar a los participantes los conocimientos y herramientas b\u00e1sicas necesarias para actuar ante una situaci\u00f3n de emergencia.\u003C\/p\u003E\n\n\u003Cp\u003EDicho Foro organizado por alumnos de la carrera de Ingenier\u00eda Civil, as\u00ed como por los profesores: ingeniero Juan Carlos Pay\u00e1n Ramos y doctor Mario Gonz\u00e1lez Dur\u00e1n, con invitados expertos en las diversas \u00e1reas relacionadas con la protecci\u00f3n civil, la atenci\u00f3n y la prevenci\u00f3n de contingencias. \u003C\/p\u003E\n\n\u003Cp\u003ECon este Foro Internacional de Prevenci\u00f3n de Desastres, el programa educativo en Ingenier\u00eda Civil busca la vinculaci\u00f3n con investigaciones y l\u00edderes del tema con el prop\u00f3sito de colocar a la UABC como una instituci\u00f3n impulsora de la prevenci\u00f3n del desastre y la protecci\u00f3n civil. Mientras que para los estudiantes del programa educativo en Ingenier\u00eda Civil tiene un impacto directo en las unidades de aprendizaje de Sismicidad, Protecci\u00f3n Civil, Prevenci\u00f3n de Desastres, Manejo de Contingencias, Seguridad, Desarrollo y Planeaci\u00f3n Urbana y Cultura S\u00edsmica\u003C\/p\u003E\n\n\u003Cp\u003ELa agenda del Foro cont\u00f3 con las conferencias del doctor Jorge Meneses, investigador de San Diego State University; doctor Jorge Ram\u00edrez Hern\u00e1ndez, investigador del Instituto de Ingenier\u00eda de UABC Mexicali; doctor Jos\u00e9 Rito Portugal Serv\u00edn de la Mora, Director de Protecci\u00f3n Civil Municipal de Tijuana; maestra Ana X\u00f3chitl Eguiarte, investigadora de Tijuana River National Estuarine Research Reserve; y del ingeniero Gerardo Tenorio Esc\u00e1rcega, Presidente del Colegio de Ingenieros Civiles de Tijuana.\u003C\/p\u003E\n\n\u003Cp\u003EAdem\u00e1s hubo talleres impartidos por personal de Cruz Roja Tijuana, Direcci\u00f3n de bomberos de Tijuana y Protecci\u00f3n Civil de Ecitec liderado la maestra Claudia Elizabeth Mu\u00f1iz Vargas.\u003C\/p\u003E\n\n\u003Cp\u003EEntre los asistentes al evento se encontr\u00f3 el licenciado Juan Carlos M\u00e9ndez Torres, Coordinador de Socorros de Cruz Roja Tijuana; los integrantes de la mesa directiva del Colegio de Ingenieros Civiles, los alumnos de la Ecitec y\u00a0 Ecisalud sumando cerca de 530 participantes.\u003C\/p\u003E\u003C\/div\u003E\n      \n  \n\n    \n            \u003Cdiv  class=\u0022palabras-clave\u0022\u003E\n                        \u003Ca href=\u0022\/%7egacetaua\/tags\/primer\u0022 hreflang=\u0022es\u0022\u003EPrimer\u003C\/a\u003E\n                \u003Ca href=\u0022\/%7egacetaua\/tags\/foro-internacional\u0022 hreflang=\u0022es\u0022\u003EForo Internacional\u003C\/a\u003E\n                \u003Ca href=\u0022\/%7egacetaua\/tags\/prevencion\u0022 hreflang=\u0022es\u0022\u003EPrevenci\u00f3n\u003C\/a\u003E\n                \u003Ca href=\u0022\/%7egacetaua\/tags\/desastres\u0022 hreflang=\u0022es\u0022\u003EDesastres\u003C\/a\u003E\n      \n      \u003C\/div\u003E\n  \n\n\n  \u003C\/div\u003E\n\n  \u003C\/div\u003E\n\n  \u003Cdiv class=\u0022area-extras group-right\u0022\u003E\n        \n                          \u003Cdiv  class=\u0022enlace-blockBottom\u0022 \u003E\n      \u003Cdiv\u003EVer m\u00e1s \u003Ca href=\u0022http:\/\/gaceta.uabc.mx\/notas\u0022\u003ENotas\u003C\/a\u003E\u003C\/div\u003E\n\u003C\/div\u003E\n      \n  \n\n\n  \u003C\/div\u003E\n\n\u003C\/div\u003E\n\n","settings":null}]