[{"command":"settings","settings":{"pluralDelimiter":"\u0003","suppressDeprecationErrors":true,"ajaxPageState":{"libraries":"core\/drupal.ajax,core\/picturefill,ds\/ds_3col_equal_width","theme":"gaceta","theme_token":null},"ajaxTrustedUrl":[],"field_group":{"html_element":{"mode":"media_expanded","context":"view","settings":{"classes":"datos","show_empty_fields":false,"id":"","element":"div","show_label":false,"label_element":"h3","label_element_classes":"","attributes":"","effect":"none","speed":"fast"}}},"user":{"uid":0,"permissionsHash":"55dc977d165ab1e05e51b6cc6487f6d73e65ab536d99ee82c6990d9001d5c21c"}},"merge":true},{"command":"add_css","data":"\u003Clink rel=\u0022stylesheet\u0022 media=\u0022all\u0022 href=\u0022\/~gacetaua\/sites\/default\/files\/css\/css_mxJrjoKKAZuuB4_4f-B1u9VnFZxvSor3Az4JEdrFEso.css\u0022 \/\u003E\n\u003Clink rel=\u0022stylesheet\u0022 media=\u0022all\u0022 href=\u0022\/~gacetaua\/sites\/default\/files\/css\/css_-BXSGQpS8YTwwuXGbPoshUvZ7W-_HbYR3H7d0DA_mEY.css\u0022 \/\u003E\n\u003Clink rel=\u0022stylesheet\u0022 media=\u0022all\u0022 href=\u0022\/~gacetaua\/sites\/default\/files\/css\/css_89YreTu0npezhXSakRJR9TVHyBS9bTcyt0s3IckAe-M.css\u0022 \/\u003E\n"},{"command":"add_js","selector":"body","data":[{"src":"\/~gacetaua\/sites\/default\/files\/js\/js_9UaAhXvc9u0KYXXUw-OKyLP2baQxdV4zY3Y_KGurcvY.js"},{"src":"\/~gacetaua\/sites\/default\/files\/js\/js_oDJxUBLBzfRb_FDgNfkNOm9-tiatS2kNfxQIeVRZA7Y.js"},{"src":"\/~gacetaua\/sites\/default\/files\/js\/js_YM82KRuzNIr2X-Kb8pQW8cOcSbWgQ_QGKclTYJ_aMlI.js"},{"src":"\/~gacetaua\/sites\/default\/files\/js\/js_pqqsPPmPmxKgamY6qk_WSawtL05XH_yAY8GkPHVyahI.js"}]},{"command":"insert","method":"replaceWith","selector":".view-mode-full","data":"\u003Cdiv data-history-node-id=\u00223841\u0022 class=\u0022contenido view-mode-media_expanded ds-3col-equal clearfix\u0022\u003E\n\n  \n\n  \u003Cdiv class=\u0022area-medios group-left\u0022\u003E\n        \n                          \u003Cdiv  class=\u0022imagen\u0022 \u003E\n          \u003Cpicture\u003E\n                  \u003Csource srcset=\u0022\/~gacetaua\/sites\/default\/files\/styles\/max_650x650\/public\/2018-11\/Capacitan%20a%20coordinadores%20CEAD.webp?itok=kz5AlILX 650w, \/~gacetaua\/sites\/default\/files\/styles\/max_1300x1300\/public\/2018-11\/Capacitan%20a%20coordinadores%20CEAD.webp?itok=D5b2WokA 1300w, \/~gacetaua\/sites\/default\/files\/styles\/max_1900x1900\/public\/2018-11\/Capacitan%20a%20coordinadores%20CEAD.webp?itok=3msYpMWc 1312w\u0022 type=\u0022image\/webp\u0022 sizes=\u0022100vw\u0022\/\u003E\n              \u003Csource srcset=\u0022\/~gacetaua\/sites\/default\/files\/styles\/max_650x650\/public\/2018-11\/Capacitan%20a%20coordinadores%20CEAD.jpg?itok=kz5AlILX 650w, \/~gacetaua\/sites\/default\/files\/styles\/max_1300x1300\/public\/2018-11\/Capacitan%20a%20coordinadores%20CEAD.jpg?itok=D5b2WokA 1300w, \/~gacetaua\/sites\/default\/files\/styles\/max_1900x1900\/public\/2018-11\/Capacitan%20a%20coordinadores%20CEAD.jpg?itok=3msYpMWc 1312w\u0022 type=\u0022image\/jpeg\u0022 sizes=\u0022100vw\u0022\/\u003E\n                  \u003Cimg srcset=\u0022\/~gacetaua\/sites\/default\/files\/styles\/max_650x650\/public\/2018-11\/Capacitan%20a%20coordinadores%20CEAD.jpg?itok=kz5AlILX 650w, \/~gacetaua\/sites\/default\/files\/styles\/max_1300x1300\/public\/2018-11\/Capacitan%20a%20coordinadores%20CEAD.jpg?itok=D5b2WokA 1300w, \/~gacetaua\/sites\/default\/files\/styles\/max_1900x1900\/public\/2018-11\/Capacitan%20a%20coordinadores%20CEAD.jpg?itok=3msYpMWc 1312w\u0022 sizes=\u0022100vw\u0022 src=\u0022\/~gacetaua\/sites\/default\/files\/styles\/max_1300x1300\/public\/2018-11\/Capacitan%20a%20coordinadores%20CEAD.jpg?itok=D5b2WokA\u0022 alt=\u0022Capacitaci\u00f3n_Coordinadores_CEAD_Entrega_Equipos Port\u00e1tiles\u0022 typeof=\u0022foaf:Image\u0022 class=\u0022img-fluid\u0022 \/\u003E\n\n  \u003C\/picture\u003E\n\n\u003C\/div\u003E\n      \n  \n\n      \u003Cdiv  class=\u0022boton-expander\u0022\u003E\n        \n                  \u003Cdiv class=\u0022item-list\u0022\u003E\u003Cul\u003E\u003Cli\u003E\u003Ca href=\u0022\/%7egacetaua\/ds-switch-view-mode\/node\/3841\/media_collapsed?selector=view-mode-media_expanded\u0022 class=\u0022use-ajax\u0022\u003E\u2191\u003C\/a\u003E\u003C\/li\u003E\u003C\/ul\u003E\u003C\/div\u003E\n      \n  \n    \u003C\/div\u003E\n\n\n  \u003C\/div\u003E\n\n  \u003Cdiv class=\u0022area-info group-middle\u0022\u003E\n    \n\u003Cdiv  class=\u0022inner\u0022\u003E\n          \n                          \u003Ch2  class=\u0022titulo\u0022 \u003E\n        Capacitan a coordinadores CEAD\n\u003C\/h2\u003E\n      \n  \n\n    \n                          \u003Cdiv  class=\u0022resumen\u0022 \u003E\n      Les entregan equipos port\u00e1tiles.\u003C\/div\u003E\n      \n  \n\n\n\u003Cdiv  class=\u0022datos\u0022\u003E\n            \u003Cdiv  class=\u0022autor\u0022\u003E\n            \u003Cdiv  class=\u0022field-label-inline\u0022\u003EPor\u003C\/div\u003E\n  \n                  \u003Ca href=\u0022\/%7egacetaua\/autores\/clara-elena-llorens-gallego\u0022 hreflang=\u0022es\u0022\u003EClara Elena Llorens Gallego\u003C\/a\u003E\n      \n  \n    \u003C\/div\u003E\n\n      \u003Cdiv  class=\u0022campus\u0022\u003E\n            \u003Cdiv  class=\u0022field-label-inline\u0022\u003ECampus\u003C\/div\u003E\n  \n                  \u003Ca href=\u0022\/%7egacetaua\/campus\/mexicali\u0022 hreflang=\u0022es\u0022\u003EMexicali\u003C\/a\u003E\n      \n  \n    \u003C\/div\u003E\n\n    \n                          \u003Cdiv  class=\u0022fecha\u0022 \u003E\n      9 de Noviembre de 2018\u003C\/div\u003E\n      \n  \n\n\n  \u003C\/div\u003E\n    \n                          \u003Cdiv  class=\u0022texto\u0022 \u003E\n      \u003Cp\u003ECon el prop\u00f3sito de contribuir con el fortalecimiento de la infraestructura tecnol\u00f3gica para la impartici\u00f3n de programas educativos en la modalidad mixta, el Centro de Educaci\u00f3n Abierta y a Distancia (CEAD), durante el verano de 2018, realiz\u00f3 una actualizaci\u00f3n mayor de la plataforma Blackboard, que incluy\u00f3 su transferencia a un servicio en la nube. \u003C\/p\u003E\n\n\u003Cp\u003EEsto permitir\u00e1 contar con actualizaciones din\u00e1micas para reducir periodos de corte de servicio, tambi\u00e9n poder activar la versi\u00f3n Blackboard Ultra, una evoluci\u00f3n de la plataforma, que presenta un sustancial cambio en la interfaz de navegaci\u00f3n, la din\u00e1mica de interacci\u00f3n y la presentaci\u00f3n de contenidos dirigidos a favorecer el aprendizaje. \u003C\/p\u003E\n\n\u003Cp\u003EEste cambio requerir\u00e1 de un nuevo entrenamiento para docentes y alumnos, por lo que el pasado 15 y 16 de octubre se llev\u00f3 a cabo el curso Teaching Readiness Workshop for Blackboard Ultra, dirigido a la red de coordinadores CEAD de unidad acad\u00e9mica, impartido por consultores de Blackboard.\u003C\/p\u003E\n\n\u003Cp\u003EEl prop\u00f3sito de esta capacitaci\u00f3n es que los miembros de esta red sean los primeros en conocer la nueva plataforma, participen en el dise\u00f1o de la estrategia de actualizaci\u00f3n en sus unidades acad\u00e9micas, y est\u00e9n preparados cuando se libere la versi\u00f3n Blackboard Ultra en el ciclo 2019-2.\u003C\/p\u003E\n\n\u003Cp\u003EAsimismo, gracias a las gestiones de la Rector\u00eda para conseguir recursos del Programa de Fortalecimiento de la Calidad Educativa 2018, a cada uno de los coordinadores CEAD de unidad acad\u00e9mica, se le hizo entrega de un equipo port\u00e1til, asignado para ser utilizado en las actividades de educaci\u00f3n abierta y a distancia, en apoyo a docentes y alumnos. Asimismo, se entregaron equipos port\u00e1tiles de conferencia web para grupos peque\u00f1os para las facultades de Ingenier\u00eda y Negocios de San Quint\u00edn y de Ciudad Guadalupe Victoria.\u003C\/p\u003E\u003C\/div\u003E\n      \n  \n\n    \n            \u003Cdiv  class=\u0022palabras-clave\u0022\u003E\n                        \u003Ca href=\u0022\/%7egacetaua\/tags\/capacitacion\u0022 hreflang=\u0022es\u0022\u003ECapacitaci\u00f3n\u003C\/a\u003E\n                \u003Ca href=\u0022\/%7egacetaua\/tags\/coordinadores\u0022 hreflang=\u0022es\u0022\u003ECoordinadores\u003C\/a\u003E\n                \u003Ca href=\u0022\/%7egacetaua\/tags\/cead\u0022 hreflang=\u0022es\u0022\u003ECEAD\u003C\/a\u003E\n                \u003Ca href=\u0022\/%7egacetaua\/tags\/entrega\u0022 hreflang=\u0022es\u0022\u003EEntrega\u003C\/a\u003E\n                \u003Ca href=\u0022\/%7egacetaua\/tags\/equipos-portatiles\u0022 hreflang=\u0022es\u0022\u003EEquipos Port\u00e1tiles\u003C\/a\u003E\n      \n      \u003C\/div\u003E\n  \n\n\n  \u003C\/div\u003E\n\n  \u003C\/div\u003E\n\n  \u003Cdiv class=\u0022area-extras group-right\u0022\u003E\n        \n                          \u003Cdiv  class=\u0022enlace-blockBottom\u0022 \u003E\n      \u003Cdiv\u003EVer m\u00e1s \u003Ca href=\u0022http:\/\/gaceta.uabc.mx\/notas\u0022\u003ENotas\u003C\/a\u003E\u003C\/div\u003E\n\u003C\/div\u003E\n      \n  \n\n\n  \u003C\/div\u003E\n\n\u003C\/div\u003E\n\n","settings":null}]