[{"command":"settings","settings":{"pluralDelimiter":"\u0003","suppressDeprecationErrors":true,"ajaxPageState":{"libraries":"core\/drupal.ajax,core\/picturefill,ds\/ds_3col_equal_width","theme":"gaceta","theme_token":null},"ajaxTrustedUrl":[],"field_group":{"html_element":{"mode":"media_expanded","context":"view","settings":{"classes":"datos","show_empty_fields":false,"id":"","element":"div","show_label":false,"label_element":"h3","label_element_classes":"","attributes":"","effect":"none","speed":"fast"}}},"user":{"uid":0,"permissionsHash":"55dc977d165ab1e05e51b6cc6487f6d73e65ab536d99ee82c6990d9001d5c21c"}},"merge":true},{"command":"add_css","data":"\u003Clink rel=\u0022stylesheet\u0022 media=\u0022all\u0022 href=\u0022\/~gacetaua\/sites\/default\/files\/css\/css_mxJrjoKKAZuuB4_4f-B1u9VnFZxvSor3Az4JEdrFEso.css\u0022 \/\u003E\n\u003Clink rel=\u0022stylesheet\u0022 media=\u0022all\u0022 href=\u0022\/~gacetaua\/sites\/default\/files\/css\/css_-BXSGQpS8YTwwuXGbPoshUvZ7W-_HbYR3H7d0DA_mEY.css\u0022 \/\u003E\n\u003Clink rel=\u0022stylesheet\u0022 media=\u0022all\u0022 href=\u0022\/~gacetaua\/sites\/default\/files\/css\/css_89YreTu0npezhXSakRJR9TVHyBS9bTcyt0s3IckAe-M.css\u0022 \/\u003E\n"},{"command":"add_js","selector":"body","data":[{"src":"\/~gacetaua\/sites\/default\/files\/js\/js_9UaAhXvc9u0KYXXUw-OKyLP2baQxdV4zY3Y_KGurcvY.js"},{"src":"\/~gacetaua\/sites\/default\/files\/js\/js_oDJxUBLBzfRb_FDgNfkNOm9-tiatS2kNfxQIeVRZA7Y.js"},{"src":"\/~gacetaua\/sites\/default\/files\/js\/js_YM82KRuzNIr2X-Kb8pQW8cOcSbWgQ_QGKclTYJ_aMlI.js"},{"src":"\/~gacetaua\/sites\/default\/files\/js\/js_pqqsPPmPmxKgamY6qk_WSawtL05XH_yAY8GkPHVyahI.js"}]},{"command":"insert","method":"replaceWith","selector":".view-mode-full","data":"\u003Cdiv data-history-node-id=\u00223876\u0022 class=\u0022contenido view-mode-media_expanded ds-3col-equal clearfix\u0022\u003E\n\n  \n\n  \u003Cdiv class=\u0022area-medios group-left\u0022\u003E\n        \n                          \u003Cdiv  class=\u0022imagen\u0022 \u003E\n          \u003Cpicture\u003E\n                  \u003Csource srcset=\u0022\/~gacetaua\/sites\/default\/files\/styles\/max_650x650\/public\/2018-11\/Impulsan%20el%20manejo%20sustentable%20de%20residuos.webp?itok=qfMppr2y 650w, \/~gacetaua\/sites\/default\/files\/styles\/max_1300x1300\/public\/2018-11\/Impulsan%20el%20manejo%20sustentable%20de%20residuos.webp?itok=pDYLJUEr 1300w, \/~gacetaua\/sites\/default\/files\/styles\/max_1900x1900\/public\/2018-11\/Impulsan%20el%20manejo%20sustentable%20de%20residuos.webp?itok=OgNm_K9r 1859w\u0022 type=\u0022image\/webp\u0022 sizes=\u0022100vw\u0022\/\u003E\n              \u003Csource srcset=\u0022\/~gacetaua\/sites\/default\/files\/styles\/max_650x650\/public\/2018-11\/Impulsan%20el%20manejo%20sustentable%20de%20residuos.jpg?itok=qfMppr2y 650w, \/~gacetaua\/sites\/default\/files\/styles\/max_1300x1300\/public\/2018-11\/Impulsan%20el%20manejo%20sustentable%20de%20residuos.jpg?itok=pDYLJUEr 1300w, \/~gacetaua\/sites\/default\/files\/styles\/max_1900x1900\/public\/2018-11\/Impulsan%20el%20manejo%20sustentable%20de%20residuos.jpg?itok=OgNm_K9r 1859w\u0022 type=\u0022image\/jpeg\u0022 sizes=\u0022100vw\u0022\/\u003E\n                  \u003Cimg srcset=\u0022\/~gacetaua\/sites\/default\/files\/styles\/max_650x650\/public\/2018-11\/Impulsan%20el%20manejo%20sustentable%20de%20residuos.jpg?itok=qfMppr2y 650w, \/~gacetaua\/sites\/default\/files\/styles\/max_1300x1300\/public\/2018-11\/Impulsan%20el%20manejo%20sustentable%20de%20residuos.jpg?itok=pDYLJUEr 1300w, \/~gacetaua\/sites\/default\/files\/styles\/max_1900x1900\/public\/2018-11\/Impulsan%20el%20manejo%20sustentable%20de%20residuos.jpg?itok=OgNm_K9r 1859w\u0022 sizes=\u0022100vw\u0022 src=\u0022\/~gacetaua\/sites\/default\/files\/styles\/max_1300x1300\/public\/2018-11\/Impulsan%20el%20manejo%20sustentable%20de%20residuos.jpg?itok=pDYLJUEr\u0022 alt=\u0022Cero Residuos_Manejo Sustentable_Medio Ambiente_Gesti\u00f3n Ambiental\u0022 typeof=\u0022foaf:Image\u0022 class=\u0022img-fluid\u0022 \/\u003E\n\n  \u003C\/picture\u003E\n\n\u003C\/div\u003E\n      \n  \n\n      \u003Cdiv  class=\u0022boton-expander\u0022\u003E\n        \n                  \u003Cdiv class=\u0022item-list\u0022\u003E\u003Cul\u003E\u003Cli\u003E\u003Ca href=\u0022\/%7egacetaua\/ds-switch-view-mode\/node\/3876\/media_collapsed?selector=view-mode-media_expanded\u0022 class=\u0022use-ajax\u0022\u003E\u2191\u003C\/a\u003E\u003C\/li\u003E\u003C\/ul\u003E\u003C\/div\u003E\n      \n  \n    \u003C\/div\u003E\n\n\n  \u003C\/div\u003E\n\n  \u003Cdiv class=\u0022area-info group-middle\u0022\u003E\n    \n\u003Cdiv  class=\u0022inner\u0022\u003E\n          \n                          \u003Ch2  class=\u0022titulo\u0022 \u003E\n        Impulsan el manejo sustentable de residuos\n\u003C\/h2\u003E\n      \n  \n\n    \n                          \u003Cdiv  class=\u0022resumen\u0022 \u003E\n      Este curso corresponde a una serie de capacitaciones como parte de una nueva estrategia de la UABC para reducir los residuos que se generan en la Instituci\u00f3n a nivel estado. \u003C\/div\u003E\n      \n  \n\n\n\u003Cdiv  class=\u0022datos\u0022\u003E\n            \u003Cdiv  class=\u0022autor\u0022\u003E\n            \u003Cdiv  class=\u0022field-label-inline\u0022\u003EPor\u003C\/div\u003E\n  \n                  \u003Ca href=\u0022\/%7egacetaua\/autores\/dulce-carolina-martinez-montoya\u0022 hreflang=\u0022es\u0022\u003EDulce Carolina Mart\u00ednez Montoya\u003C\/a\u003E\n      \n  \n    \u003C\/div\u003E\n\n      \u003Cdiv  class=\u0022campus\u0022\u003E\n            \u003Cdiv  class=\u0022field-label-inline\u0022\u003ECampus\u003C\/div\u003E\n  \n                  \u003Ca href=\u0022\/%7egacetaua\/campus\/ensenada\u0022 hreflang=\u0022es\u0022\u003EEnsenada\u003C\/a\u003E\n      \n  \n    \u003C\/div\u003E\n\n    \n                          \u003Cdiv  class=\u0022fecha\u0022 \u003E\n      14 de Noviembre de 2018\u003C\/div\u003E\n      \n  \n\n\n  \u003C\/div\u003E\n    \n                          \u003Cdiv  class=\u0022texto\u0022 \u003E\n      \u003Cp\u003ECon el objetivo de orientar a la comunidad universitaria del IIO respecto al manejo sustentable de los residuos, el pasado 31 de octubre el doctor Albino Mu\u00f1oz Barboza imparti\u00f3 el curso \u201cCero Residuos\u201d.\u003C\/p\u003E\n\n\u003Cp\u003EEste curso corresponde a una serie de capacitaciones como parte de una nueva estrategia de la UABC para reducir los residuos que se generan en la Instituci\u00f3n a nivel estado. En el caso del IIO, el doctor Mu\u00f1oz Barboza comparti\u00f3 el programa con doce estudiantes del Doctorado en Medio Ambiente y Desarrollo; previamente ya capacit\u00f3 a personal administrativo y pr\u00f3ximamente se impartir\u00e1 a acad\u00e9micos y el resto de los alumnos.\u003C\/p\u003E\n\n\u003Cp\u003EEl doctor Albino Mu\u00f1oz explic\u00f3 que uno de los pilares del programa es la separaci\u00f3n de residuos, para ello se han implementado acciones como la sustituci\u00f3n de contenedores de basura tradicional por contenedores especiales para separar papel y cart\u00f3n, pl\u00e1stico, aluminio, residuos org\u00e1nicos e inorg\u00e1nicos.\u003C\/p\u003E\n\n\u003Cp\u003EEntre los temas abordados se intenta hacer conciencia de los da\u00f1os que se causa al medio ambiente por un manejo inadecuado de los residuos. Tambi\u00e9n se hace \u00e9nfasis en la importancia que tiene la reducci\u00f3n de la generaci\u00f3n de los diversos desechos, su reutilizaci\u00f3n, si es posible, o su apropiada separaci\u00f3n, acopio, transporte, reciclaje y disposici\u00f3n final.\u003C\/p\u003E\n\n\u003Cp\u003E\u201cCon este programa se espera que la comunidad universitaria adopte en sus actividades diarias la reducci\u00f3n y separaci\u00f3n, as\u00ed como los procedimientos de acopio y almacenamiento de residuos\u201d, agrega el doctor Mu\u00f1oz.\u003C\/p\u003E\n\n\u003Cp\u003EDicho curso responde al programa institucional Cero Residuos de la UABC, que tiene como objetivo general el realizar un manejo integral de los residuos para proteger la salud humana y el medio ambiente contra los efectos nocivos que puedan derivarse del manejo inadecuado de \u00e9stos.\u003C\/p\u003E\n\n\u003Cp\u003E\u00a0\u003C\/p\u003E\n\n\u003Cp\u003EFOTO: Cortes\u00eda.\u003C\/p\u003E\u003C\/div\u003E\n      \n  \n\n    \n            \u003Cdiv  class=\u0022palabras-clave\u0022\u003E\n                        \u003Ca href=\u0022\/%7egacetaua\/tags\/cero-residuos\u0022 hreflang=\u0022es\u0022\u003ECero Residuos\u003C\/a\u003E\n                \u003Ca href=\u0022\/%7egacetaua\/tags\/manejo-sustentable\u0022 hreflang=\u0022es\u0022\u003EManejo Sustentable\u003C\/a\u003E\n                \u003Ca href=\u0022\/%7egacetaua\/tags\/medio-ambiente\u0022 hreflang=\u0022es\u0022\u003EMedio ambiente\u003C\/a\u003E\n                \u003Ca href=\u0022\/%7egacetaua\/tags\/gestion-ambiental\u0022 hreflang=\u0022es\u0022\u003EGesti\u00f3n Ambiental\u003C\/a\u003E\n      \n      \u003C\/div\u003E\n  \n\n\n  \u003C\/div\u003E\n\n  \u003C\/div\u003E\n\n  \u003Cdiv class=\u0022area-extras group-right\u0022\u003E\n        \n                          \u003Cdiv  class=\u0022enlace-blockBottom\u0022 \u003E\n      \u003Cdiv\u003EVer m\u00e1s \u003Ca href=\u0022http:\/\/gaceta.uabc.mx\/notas\u0022\u003ENotas\u003C\/a\u003E\u003C\/div\u003E\n\u003C\/div\u003E\n      \n  \n\n\n  \u003C\/div\u003E\n\n\u003C\/div\u003E\n\n","settings":null}]