[{"command":"settings","settings":{"pluralDelimiter":"\u0003","suppressDeprecationErrors":true,"ajaxPageState":{"libraries":"core\/drupal.ajax,ds\/ds_3col_equal_width","theme":"gaceta","theme_token":null},"ajaxTrustedUrl":[],"field_group":{"html_element":{"mode":"media_expanded","context":"view","settings":{"classes":"datos","show_empty_fields":false,"id":"","element":"div","show_label":false,"label_element":"h3","label_element_classes":"","attributes":"","effect":"none","speed":"fast"}}},"user":{"uid":0,"permissionsHash":"55dc977d165ab1e05e51b6cc6487f6d73e65ab536d99ee82c6990d9001d5c21c"}},"merge":true},{"command":"add_css","data":"\u003Clink rel=\u0022stylesheet\u0022 media=\u0022all\u0022 href=\u0022\/~gacetaua\/sites\/default\/files\/css\/css_mxJrjoKKAZuuB4_4f-B1u9VnFZxvSor3Az4JEdrFEso.css\u0022 \/\u003E\n\u003Clink rel=\u0022stylesheet\u0022 media=\u0022all\u0022 href=\u0022\/~gacetaua\/sites\/default\/files\/css\/css_-BXSGQpS8YTwwuXGbPoshUvZ7W-_HbYR3H7d0DA_mEY.css\u0022 \/\u003E\n\u003Clink rel=\u0022stylesheet\u0022 media=\u0022all\u0022 href=\u0022\/~gacetaua\/sites\/default\/files\/css\/css_89YreTu0npezhXSakRJR9TVHyBS9bTcyt0s3IckAe-M.css\u0022 \/\u003E\n"},{"command":"add_js","selector":"body","data":[{"src":"\/~gacetaua\/sites\/default\/files\/js\/js_9UaAhXvc9u0KYXXUw-OKyLP2baQxdV4zY3Y_KGurcvY.js"},{"src":"\/~gacetaua\/sites\/default\/files\/js\/js_oDJxUBLBzfRb_FDgNfkNOm9-tiatS2kNfxQIeVRZA7Y.js"},{"src":"\/~gacetaua\/sites\/default\/files\/js\/js_1RP4qUEvRifRPl9mYl8nA5jNqky6vVqo6nKEmFCp0ko.js"},{"src":"\/~gacetaua\/sites\/default\/files\/js\/js_JWYilEE4EQG7Dr-JhBmcQVwxs1c7FMUMbFbUcXjlSYw.js"}]},{"command":"insert","method":"replaceWith","selector":".view-mode-full","data":"\u003Cdiv data-history-node-id=\u00224031\u0022 class=\u0022contenido view-mode-media_expanded ds-3col-equal clearfix\u0022\u003E\n\n  \n\n  \u003Cdiv class=\u0022area-medios group-left\u0022\u003E\n        \n                          \u003Cdiv  class=\u0022imagen-alterna\u0022 \u003E\n        \u003Cimg loading=\u0022lazy\u0022 src=\u0022\/~gacetaua\/sites\/default\/files\/imagenes\/notas\/2018-12\/Reconoce%20UABC%20labor%20de%20Fundaci%C3%B3n%20UABC.jpg\u0022 width=\u00221024\u0022 height=\u0022683\u0022 alt=\u0022Reconocimiento_FUABC_Labor Filantr\u00f3pica_Internacionalizaci\u00f3n_Equidad_Fundaci\u00f3n UABC_Presidentes\u0022 typeof=\u0022foaf:Image\u0022 class=\u0022img-fluid\u0022 \/\u003E\n\n\u003C\/div\u003E\n      \n  \n\n      \u003Cdiv  class=\u0022boton-expander\u0022\u003E\n        \n                  \u003Cdiv class=\u0022item-list\u0022\u003E\u003Cul\u003E\u003Cli\u003E\u003Ca href=\u0022\/%7egacetaua\/ds-switch-view-mode\/node\/4031\/media_collapsed?selector=view-mode-media_expanded\u0022 class=\u0022use-ajax\u0022\u003E\u2191\u003C\/a\u003E\u003C\/li\u003E\u003C\/ul\u003E\u003C\/div\u003E\n      \n  \n    \u003C\/div\u003E\n\n\n  \u003C\/div\u003E\n\n  \u003Cdiv class=\u0022area-info group-middle\u0022\u003E\n    \n\u003Cdiv  class=\u0022inner\u0022\u003E\n          \n                          \u003Ch2  class=\u0022titulo\u0022 \u003E\n        Reconoce UABC labor de Fundaci\u00f3n UABC\n\u003C\/h2\u003E\n      \n  \n\n    \n                          \u003Cdiv  class=\u0022resumen\u0022 \u003E\n      Ha brindado apoyos a estudiantes Cimarrones a trav\u00e9s de becas y equipos de c\u00f3mputo.\u003C\/div\u003E\n      \n  \n\n\n\u003Cdiv  class=\u0022datos\u0022\u003E\n            \u003Cdiv  class=\u0022autor\u0022\u003E\n            \u003Cdiv  class=\u0022field-label-inline\u0022\u003EPor\u003C\/div\u003E\n  \n                  \u003Ca href=\u0022\/%7egacetaua\/autores\/norma-angelica-gomez-bravo\u0022 hreflang=\u0022es\u0022\u003ENorma Ang\u00e9lica G\u00f3mez Bravo\u003C\/a\u003E\n      \n  \n    \u003C\/div\u003E\n\n      \u003Cdiv  class=\u0022campus\u0022\u003E\n            \u003Cdiv  class=\u0022field-label-inline\u0022\u003ECampus\u003C\/div\u003E\n  \n                  \u003Ca href=\u0022\/%7egacetaua\/campus\/mexicali\u0022 hreflang=\u0022es\u0022\u003EMexicali\u003C\/a\u003E\n      \n  \n    \u003C\/div\u003E\n\n    \n                          \u003Cdiv  class=\u0022fecha\u0022 \u003E\n      12 de Diciembre de 2018\u003C\/div\u003E\n      \n  \n\n\n  \u003C\/div\u003E\n    \n                          \u003Cdiv  class=\u0022texto\u0022 \u003E\n      \u003Cp\u003EEn el marco del XV Aniversario de la Fundaci\u00f3n de la Universidad Aut\u00f3noma de Baja California (FUABC), se llev\u00f3 a cabo la Ceremonia de Reconocimiento a Fundaci\u00f3n de la Universidad Aut\u00f3noma de Baja California (FUABC) por su labor filantr\u00f3pica y apoyo en las tareas de internacionalizaci\u00f3n de la Universidad, as\u00ed como por su impulso en la conformaci\u00f3n de condiciones de equidad para alumnos con desventajas sociales.\u003C\/p\u003E\n\n\u003Cp\u003ESe entregaron reconocimientos a dos de los miembros fundadores por impulsar la creaci\u00f3n de la FUABC, el licenciado Eugenio Elorduy Walther y el ingeniero Ricardo Valenzuela Stevenson; tambi\u00e9n a dos miembros del Comit\u00e9 de Vigilancia, por la revisi\u00f3n e impulso en el manejo de los recursos, siendo homenajeados los contadores C\u00e9sar Augusto C\u00f3rdoba Leyva y Ra\u00fal Villarreal Sol\u00f3rzano.\u00a0\u003C\/p\u003E\n\n\u003Cp\u003ETambi\u00e9n, se rindi\u00f3 homenaje a los presidentes, el maestro Gustavo Adolfo De Hoyos Walther, primer Presidente que estuvo al frente en el periodo 2003-2008, recibiendo el reconocimiento su hija Ana Luc\u00eda De Hoyos M\u00e1rquez; el licenciado Reginaldo Esquer F\u00e9lix quien encabez\u00f3 la Fundaci\u00f3n del 2009 al 2015, y al licenciado Francisco Rubio C\u00e1rdenas, quien preside desde el 2016 al presente.\u00a0\u003C\/p\u003E\n\n\u003Cp\u003EAdem\u00e1s, la UABC entreg\u00f3 reconocimiento a la Fundaci\u00f3n UABC, por el apoyo que brinda a trav\u00e9s del otorgamiento de becas que ha permitido la construcci\u00f3n de cientos de profesionistas que contribuyen al desarrollo regional, nacional e internacional.\u003C\/p\u003E\n\n\u003Cp\u003EEl Rector de la M\u00e1xima Casa de Estudios, doctor Juan Manuel Ocegueda Hern\u00e1ndez, indic\u00f3 que este reconocimiento es una muestra del profundo agradecimiento a quienes con su trabajo voluntario apoyan desinteresadamente la educaci\u00f3n superior de la juventud bajacaliforniana. Adem\u00e1s, consider\u00f3 que la FUABC es un valioso medio para impulsar la vinculaci\u00f3n con el sector empresarial y fomentar la pr\u00e1ctica de valores como la solidaridad.\u003C\/p\u003E\n\n\u003Cp\u003EAgreg\u00f3 que este organismo tambi\u00e9n se destaca por la administraci\u00f3n eficiente y el manejo transparente de los recursos que capta de sus benefactores, los cuales canaliza en su totalidad para beneficiar a los estudiantes a trav\u00e9s de sus distintos programas de becas: \u201cAlas, Oportunidades para Volar\u201d, \u201cAlmater\u201d, \u201cProhibido Rendirse\u201d y \u201cEnlace\u201d, as\u00ed como \u201cBrindando Acceso\u201d otorgando equipo de c\u00f3mputo.\u00a0\u003C\/p\u003E\n\n\u003Cp\u003E\u201cEs precisamente con el apoyo de ciudadanos ejemplares como nuestros homenajeados y con las acciones altruistas y filantr\u00f3picas de organizaciones como la Fundaci\u00f3n UABC, que se ha construido la grandeza de la Universidad Aut\u00f3noma de Baja California, referente inequ\u00edvoco de calidad y excelencia acad\u00e9mica y de la fortaleza de nuestro Estado, y que ha conseguido m\u00faltiples reconocimientos y logros que son motivo de grandes satisfacciones para la sociedad bajacaliforniana\u201d, manifest\u00f3 el Rector.\u003C\/p\u003E\n\n\u003Cp\u003EFinalmente, agradeci\u00f3 el esfuerzo voluntario y compromiso social de cientos de mujeres y hombres de todo el Estado \u201cque han convertido a esta Fundaci\u00f3n no solo en un valioso soporte de las tareas universitarias, sino tambi\u00e9n en un referente para otras universidades p\u00fablicas del pa\u00eds, en lo que respecta a recaudaci\u00f3n de fondos y al involucramiento de actores sociales en las actividades filantr\u00f3picas\u201d.\u00a0\u003C\/p\u003E\n\n\u003Cp\u003EEl Presidente del Consejo Directivo de FUABC, licenciado Rubio C\u00e1rdenas, agradeci\u00f3 a nombre de quienes integran esta organizaci\u00f3n, voluntarios y equipo profesional, la oportunidad de incidir en un proyecto noble y de alto impacto. \u201cDeseo agradecer tambi\u00e9n la confianza que han tenido con nosotros todos los rectores. De igual manera expresamos nuestra gratitud a todos los donantes que han cre\u00eddo y confiado en nosotros\u201d, expres\u00f3.\u003C\/p\u003E\n\n\u003Cp\u003ESe\u00f1al\u00f3 que su actividad est\u00e1 sujeta a un estatuto que define la estructura y gobernanza, adem\u00e1s cuentan con pol\u00edticas que les han permitido transitar y lograr la confianza de muchos.\u003C\/p\u003E\n\n\u003Cp\u003E\u201cSomos empresarios voluntarios en esta causa porque tenemos una profunda convicci\u00f3n de que la educaci\u00f3n p\u00fablica es clave fundamental en el desarrollo de una entidad, de manera especial la UABC, que se ha colocado con gran esfuerzo y enfoque en lograr un sinn\u00famero de acreditaciones y reconocimientos\u201d, declar\u00f3 el licenciado Rubio C\u00e1rdenas.\u003C\/p\u003E\n\n\u003Cp\u003EPara concluir, indic\u00f3 que han iniciado en la FUABC un proceso de transformaci\u00f3n para lograr la Visi\u00f3n 2030, en la cual se definen como l\u00edderes y ejemplo entre sus pares a nivel nacional e internacional al proveer beneficios y activos filantr\u00f3picos que brindan oportunidades de desarrollo a la comunidad universitaria para el logro de las aspiraciones de la UABC.\u003C\/p\u003E\n\n\u003Cp\u003ESe cont\u00f3 con la presencia en el pres\u00eddium del licenciado Gustavo S\u00e1nchez V\u00e1squez, Presidente Municipal del XXII Ayuntamiento de Mexicali; contador Adri\u00e1n Olea Mend\u00edvil, Vocal del Patronato Universitario por el Municipio de Ensenada; licenciado Jos\u00e9 Gabriel Posada Gallego, Vicepresidente de Membres\u00eda de Fundaci\u00f3n UABC.\u003C\/p\u003E\u003C\/div\u003E\n      \n  \n\n    \n            \u003Cdiv  class=\u0022palabras-clave\u0022\u003E\n                        \u003Ca href=\u0022\/%7egacetaua\/tags\/reconocimiento\u0022 hreflang=\u0022es\u0022\u003EReconocimiento\u003C\/a\u003E\n                \u003Ca href=\u0022\/%7egacetaua\/tags\/fuabc\u0022 hreflang=\u0022es\u0022\u003EFUABC\u003C\/a\u003E\n                \u003Ca href=\u0022\/%7egacetaua\/tags\/labor-filantropica\u0022 hreflang=\u0022es\u0022\u003ELabor Filantr\u00f3pica\u003C\/a\u003E\n                \u003Ca href=\u0022\/%7egacetaua\/tags\/internacionalizacion\u0022 hreflang=\u0022es\u0022\u003EInternacionalizaci\u00f3n\u003C\/a\u003E\n                \u003Ca href=\u0022\/%7egacetaua\/tags\/equidad\u0022 hreflang=\u0022es\u0022\u003EEquidad\u003C\/a\u003E\n                \u003Ca href=\u0022\/%7egacetaua\/tags\/fundacion-uabc\u0022 hreflang=\u0022es\u0022\u003EFundaci\u00f3n UABC\u003C\/a\u003E\n                \u003Ca href=\u0022\/%7egacetaua\/tags\/presidentes\u0022 hreflang=\u0022es\u0022\u003EPresidentes\u003C\/a\u003E\n      \n      \u003C\/div\u003E\n  \n\n\n  \u003C\/div\u003E\n\n  \u003C\/div\u003E\n\n  \u003Cdiv class=\u0022area-extras group-right\u0022\u003E\n        \n                          \u003Cdiv  class=\u0022enlace-blockBottom\u0022 \u003E\n      \u003Cdiv\u003EVer m\u00e1s \u003Ca href=\u0022http:\/\/gaceta.uabc.mx\/notas\u0022\u003ENotas\u003C\/a\u003E\u003C\/div\u003E\n\u003C\/div\u003E\n      \n  \n\n\n  \u003C\/div\u003E\n\n\u003C\/div\u003E\n\n","settings":null}]