[{"command":"settings","settings":{"pluralDelimiter":"\u0003","suppressDeprecationErrors":true,"ajaxPageState":{"libraries":"core\/drupal.ajax,ds\/ds_3col_equal_width","theme":"gaceta","theme_token":null},"ajaxTrustedUrl":[],"field_group":{"html_element":{"mode":"media_expanded","context":"view","settings":{"classes":"datos","show_empty_fields":false,"id":"","element":"div","show_label":false,"label_element":"h3","label_element_classes":"","attributes":"","effect":"none","speed":"fast"}}},"user":{"uid":0,"permissionsHash":"55dc977d165ab1e05e51b6cc6487f6d73e65ab536d99ee82c6990d9001d5c21c"}},"merge":true},{"command":"add_css","data":"\u003Clink rel=\u0022stylesheet\u0022 media=\u0022all\u0022 href=\u0022\/~gacetaua\/sites\/default\/files\/css\/css_mxJrjoKKAZuuB4_4f-B1u9VnFZxvSor3Az4JEdrFEso.css\u0022 \/\u003E\n\u003Clink rel=\u0022stylesheet\u0022 media=\u0022all\u0022 href=\u0022\/~gacetaua\/sites\/default\/files\/css\/css_-BXSGQpS8YTwwuXGbPoshUvZ7W-_HbYR3H7d0DA_mEY.css\u0022 \/\u003E\n\u003Clink rel=\u0022stylesheet\u0022 media=\u0022all\u0022 href=\u0022\/~gacetaua\/sites\/default\/files\/css\/css_89YreTu0npezhXSakRJR9TVHyBS9bTcyt0s3IckAe-M.css\u0022 \/\u003E\n"},{"command":"add_js","selector":"body","data":[{"src":"\/~gacetaua\/sites\/default\/files\/js\/js_9UaAhXvc9u0KYXXUw-OKyLP2baQxdV4zY3Y_KGurcvY.js"},{"src":"\/~gacetaua\/sites\/default\/files\/js\/js_oDJxUBLBzfRb_FDgNfkNOm9-tiatS2kNfxQIeVRZA7Y.js"},{"src":"\/~gacetaua\/sites\/default\/files\/js\/js_1RP4qUEvRifRPl9mYl8nA5jNqky6vVqo6nKEmFCp0ko.js"},{"src":"\/~gacetaua\/sites\/default\/files\/js\/js_JWYilEE4EQG7Dr-JhBmcQVwxs1c7FMUMbFbUcXjlSYw.js"}]},{"command":"insert","method":"replaceWith","selector":".view-mode-full","data":"\u003Cdiv data-history-node-id=\u002292\u0022 class=\u0022contenido view-mode-media_expanded ds-3col-equal clearfix\u0022\u003E\n\n  \n\n  \u003Cdiv class=\u0022area-medios group-left\u0022\u003E\n        \n                          \u003Cdiv  class=\u0022imagen-alterna\u0022 \u003E\n        \u003Cimg loading=\u0022lazy\u0022 src=\u0022\/~gacetaua\/sites\/default\/files\/imagenes\/notas\/2016-08\/Entrega%20FUABC%20becas%20a%20estudiantes.JPG\u0022 width=\u0022640\u0022 height=\u0022305\u0022 alt=\u0022El apoyo econ\u00f3mico entregado suma un importe de 280 mil d\u00f3lares. \u0022 typeof=\u0022foaf:Image\u0022 class=\u0022img-fluid\u0022 \/\u003E\n\n\u003C\/div\u003E\n      \n  \n\n      \u003Cdiv  class=\u0022boton-expander\u0022\u003E\n        \n                  \u003Cdiv class=\u0022item-list\u0022\u003E\u003Cul\u003E\u003Cli\u003E\u003Ca href=\u0022\/%7egacetaua\/ds-switch-view-mode\/node\/92\/media_collapsed?selector=view-mode-media_expanded\u0022 class=\u0022use-ajax\u0022\u003E\u2191\u003C\/a\u003E\u003C\/li\u003E\u003C\/ul\u003E\u003C\/div\u003E\n      \n  \n    \u003C\/div\u003E\n\n\n  \u003C\/div\u003E\n\n  \u003Cdiv class=\u0022area-info group-middle\u0022\u003E\n    \n\u003Cdiv  class=\u0022inner\u0022\u003E\n          \n                          \u003Ch2  class=\u0022titulo\u0022 \u003E\n        Entrega FUABC becas a estudiantes \n\u003C\/h2\u003E\n      \n  \n\n    \n                          \u003Cdiv  class=\u0022resumen\u0022 \u003E\n      Fueron 56 alumnos que se beneficiaron con este apoyo para realizar intercambio a pa\u00edses de Europa, Asia y Latinoam\u00e9rica.\u003C\/div\u003E\n      \n  \n\n\n\u003Cdiv  class=\u0022datos\u0022\u003E\n            \u003Cdiv  class=\u0022autor\u0022\u003E\n            \u003Cdiv  class=\u0022field-label-inline\u0022\u003EPor\u003C\/div\u003E\n  \n                  \u003Ca href=\u0022\/%7egacetaua\/autores\/abraham-medina-kato\u0022 hreflang=\u0022es\u0022\u003EAbraham Medina Kato\u003C\/a\u003E\n      \n  \n    \u003C\/div\u003E\n\n      \u003Cdiv  class=\u0022campus\u0022\u003E\n            \u003Cdiv  class=\u0022field-label-inline\u0022\u003ECampus\u003C\/div\u003E\n  \n                  \u003Ca href=\u0022\/%7egacetaua\/campus\/tijuana\u0022 hreflang=\u0022es\u0022\u003ETijuana\u003C\/a\u003E\n      \n  \n    \u003C\/div\u003E\n\n    \n                          \u003Cdiv  class=\u0022fecha\u0022 \u003E\n      14 de Junio de 2016\u003C\/div\u003E\n      \n  \n\n\n  \u003C\/div\u003E\n    \n                          \u003Cdiv  class=\u0022texto\u0022 \u003E\n      \u003Cp\u003ELa Fundaci\u00f3n de la UABC FUABC realiz\u00f3 una ceremonia de entrega de 56 becas del programa \u201cALAS, Oportunidades para Volar\u201d a igual n\u00famero de alumnos que se beneficiaron con un apoyo econ\u00f3mico que en total suma un importe de 280 mil d\u00f3lares y que se invertir\u00e1 para que realicen intercambio estudiantil a pa\u00edses de Europa, Asia y Latinoam\u00e9rica.\u003C\/p\u003E\n\n\u003Cp\u003EEl doctor Juan Manuel Ocegueda Hern\u00e1ndez, Rector de UABC, reconoci\u00f3 el compromiso y preocupaci\u00f3n por el desarrollo educativo y econ\u00f3mico de Baja California que ha reflejado FUABC durante a\u00f1os. De igual forma felicit\u00f3 a los estudiantes que recibir\u00e1n la beca y los exhort\u00f3 a aprovechar esta oportunidad y poner muy en alto el nombre de la M\u00e1xima Casa de Estudios.\u003C\/p\u003E\n\n\u003Cp\u003E\u201cEn la Universidad estamos preocupados porque nuestros alumnos pasen m\u00e1s tiempo en los espacios laborales y cada vez menos tiempo en las aulas. Este programa de movilidad se circunscribe dentro de esta pol\u00edtica para incrementar las experiencias de los estudiantes en espacios reales. La movilidad estudiantil va a dejar una gran aportaci\u00f3n en la formaci\u00f3n integral de cada uno de ustedes. Es una experiencia formativa que les va a ayudar a forjar su car\u00e1cter, a enriquecer su acervo cultural y a formar valores importantes\u201d, expres\u00f3 el Rector.\u003C\/p\u003E\n\n\u003Cp\u003EEl licenciado Francisco Rubio C\u00e1rdenas, Presidente del Consejo Directivo de FUABC, coment\u00f3 que las becas fueron posibles gracias a los 42 donantes que depositaron su confianza tanto en la Fundaci\u00f3n como en UABC y sus estudiantes. Explic\u00f3 tambi\u00e9n que en el proceso de selecci\u00f3n se realiz\u00f3 una encuesta sociocultural y de valores, entrevistas colegiadas a los candidatos, organizaci\u00f3n de m\u00e9tricas de documentos aprobatorios e integraci\u00f3n de expedientes electr\u00f3nicos que respaldan todo el proceso de selecci\u00f3n.\u003C\/p\u003E\n\n\u003Cp\u003EPor su parte, el licenciado Jonathan D\u00edaz Castro, Vicepresidente de egresados de FUABC y en representaci\u00f3n de los donantes, explic\u00f3 que el intercambio acad\u00e9mico no solo representa una experiencia inigualable sino tambi\u00e9n una oportunidad de \u00e9xito para traerla a M\u00e9xico proveniente de todos los pa\u00edses a los que se ir\u00e1n a estudiar.\u003C\/p\u003E\n\n\u003Cp\u003EMientras que en representaci\u00f3n de los alumnos beneficiados habl\u00f3 Cristel Ver\u00f3nica Burgue\u00f1o Ponce, de la Licenciatura en Negocios Internacionales de la Facultad de Ciencias Administrativas Campus Mexicali, quien agradeci\u00f3 a FUABC, a la Universidad y principalmente a los donantes, por la oportunidad que les brindan para poder realizar un semestre fuera del pa\u00eds y enriquecer as\u00ed su formaci\u00f3n profesional.\u003C\/p\u003E\n\n\u003Cp\u003ETambi\u00e9n estuvieron presentes durante la ceremonia en contador Vicente Camacho Guill\u00e9n, Presidente de FUABC Cap\u00edtulo Tecate; doctor Jos\u00e9 David Ledezma Torres, Coordinador de Cooperaci\u00f3n Internacional e Intercambio Acad\u00e9mico de UABC; doctora Mar\u00eda Eugenia P\u00e9rez Morales, Vicerrectora de UABC Campus Tijuana; y la doctora Blanca Rosa Garc\u00eda Rivera, Vicerrectora de UABC Campus Ensenada.\u003C\/p\u003E\u003C\/div\u003E\n      \n  \n\n    \n            \u003Cdiv  class=\u0022palabras-clave\u0022\u003E\n                        \u003Ca href=\u0022\/%7egacetaua\/tags\/becas\u0022 hreflang=\u0022es\u0022\u003EBecas\u003C\/a\u003E\n                \u003Ca href=\u0022\/%7egacetaua\/tags\/estudiantes\u0022 hreflang=\u0022es\u0022\u003EEstudiantes\u003C\/a\u003E\n                \u003Ca href=\u0022\/%7egacetaua\/tags\/fuabc\u0022 hreflang=\u0022es\u0022\u003EFUABC\u003C\/a\u003E\n                \u003Ca href=\u0022\/%7egacetaua\/tags\/alas\u0022 hreflang=\u0022es\u0022\u003EALAS\u003C\/a\u003E\n      \n      \u003C\/div\u003E\n  \n\n\n  \u003C\/div\u003E\n\n  \u003C\/div\u003E\n\n  \u003Cdiv class=\u0022area-extras group-right\u0022\u003E\n        \n                          \u003Cdiv  class=\u0022enlace-blockBottom\u0022 \u003E\n      \u003Cdiv\u003EVer m\u00e1s \u003Ca href=\u0022http:\/\/gaceta.uabc.mx\/notas\u0022\u003ENotas\u003C\/a\u003E\u003C\/div\u003E\n\u003C\/div\u003E\n      \n  \n\n\n  \u003C\/div\u003E\n\n\u003C\/div\u003E\n\n","settings":null}]