[{"command":"settings","settings":{"pluralDelimiter":"\u0003","suppressDeprecationErrors":true,"ajaxPageState":{"libraries":"core\/drupal.ajax,core\/picturefill,ds\/ds_3col_equal_width","theme":"gaceta","theme_token":null},"ajaxTrustedUrl":[],"field_group":{"html_element":{"mode":"media_expanded","context":"view","settings":{"classes":"datos","show_empty_fields":false,"id":"","element":"div","show_label":false,"label_element":"h3","label_element_classes":"","attributes":"","effect":"none","speed":"fast"}}},"user":{"uid":0,"permissionsHash":"55dc977d165ab1e05e51b6cc6487f6d73e65ab536d99ee82c6990d9001d5c21c"}},"merge":true},{"command":"add_css","data":"\u003Clink rel=\u0022stylesheet\u0022 media=\u0022all\u0022 href=\u0022\/sites\/default\/files\/css\/css_mxJrjoKKAZuuB4_4f-B1u9VnFZxvSor3Az4JEdrFEso.css\u0022 \/\u003E\n\u003Clink rel=\u0022stylesheet\u0022 media=\u0022all\u0022 href=\u0022\/sites\/default\/files\/css\/css_-BXSGQpS8YTwwuXGbPoshUvZ7W-_HbYR3H7d0DA_mEY.css\u0022 \/\u003E\n\u003Clink rel=\u0022stylesheet\u0022 media=\u0022all\u0022 href=\u0022\/sites\/default\/files\/css\/css_89YreTu0npezhXSakRJR9TVHyBS9bTcyt0s3IckAe-M.css\u0022 \/\u003E\n"},{"command":"add_js","selector":"body","data":[{"src":"\/sites\/default\/files\/js\/js_9UaAhXvc9u0KYXXUw-OKyLP2baQxdV4zY3Y_KGurcvY.js"},{"src":"\/sites\/default\/files\/js\/js_oDJxUBLBzfRb_FDgNfkNOm9-tiatS2kNfxQIeVRZA7Y.js"},{"src":"\/sites\/default\/files\/js\/js_YM82KRuzNIr2X-Kb8pQW8cOcSbWgQ_QGKclTYJ_aMlI.js"},{"src":"\/sites\/default\/files\/js\/js_pqqsPPmPmxKgamY6qk_WSawtL05XH_yAY8GkPHVyahI.js"}]},{"command":"insert","method":"replaceWith","selector":".view-mode-full","data":"\u003Cdiv data-history-node-id=\u00221048\u0022 class=\u0022contenido view-mode-media_expanded ds-3col-equal clearfix\u0022\u003E\n\n  \n\n  \u003Cdiv class=\u0022area-medios group-left\u0022\u003E\n        \n                          \u003Cdiv  class=\u0022imagen\u0022 \u003E\n          \u003Cpicture\u003E\n                  \u003Csource srcset=\u0022\/sites\/default\/files\/styles\/max_650x650\/public\/2017-04\/IMG_2620.webp?itok=OtjzLKdz 650w, \/sites\/default\/files\/styles\/max_1300x1300\/public\/2017-04\/IMG_2620.webp?itok=oHwI0jdR 1300w, \/sites\/default\/files\/styles\/max_1900x1900\/public\/2017-04\/IMG_2620.webp?itok=NY51PUki 1900w\u0022 type=\u0022image\/webp\u0022 sizes=\u0022100vw\u0022\/\u003E\n              \u003Csource srcset=\u0022\/sites\/default\/files\/styles\/max_650x650\/public\/2017-04\/IMG_2620.JPG?itok=OtjzLKdz 650w, \/sites\/default\/files\/styles\/max_1300x1300\/public\/2017-04\/IMG_2620.JPG?itok=oHwI0jdR 1300w, \/sites\/default\/files\/styles\/max_1900x1900\/public\/2017-04\/IMG_2620.JPG?itok=NY51PUki 1900w\u0022 type=\u0022image\/jpeg\u0022 sizes=\u0022100vw\u0022\/\u003E\n                  \u003Cimg srcset=\u0022\/sites\/default\/files\/styles\/max_650x650\/public\/2017-04\/IMG_2620.JPG?itok=OtjzLKdz 650w, \/sites\/default\/files\/styles\/max_1300x1300\/public\/2017-04\/IMG_2620.JPG?itok=oHwI0jdR 1300w, \/sites\/default\/files\/styles\/max_1900x1900\/public\/2017-04\/IMG_2620.JPG?itok=NY51PUki 1900w\u0022 sizes=\u0022100vw\u0022 src=\u0022\/sites\/default\/files\/styles\/max_1300x1300\/public\/2017-04\/IMG_2620.JPG?itok=oHwI0jdR\u0022 alt=\u0022T\u00e9moris Grecko \u0022 typeof=\u0022foaf:Image\u0022 class=\u0022img-fluid\u0022 \/\u003E\n\n  \u003C\/picture\u003E\n\n\u003C\/div\u003E\n      \n  \n\n      \u003Cdiv  class=\u0022boton-expander\u0022\u003E\n        \n                  \u003Cdiv class=\u0022item-list\u0022\u003E\u003Cul\u003E\u003Cli\u003E\u003Ca href=\u0022\/ds-switch-view-mode\/node\/1048\/media_collapsed?selector=view-mode-media_expanded\u0022 class=\u0022use-ajax\u0022\u003E\u2191\u003C\/a\u003E\u003C\/li\u003E\u003C\/ul\u003E\u003C\/div\u003E\n      \n  \n    \u003C\/div\u003E\n\n\n  \u003C\/div\u003E\n\n  \u003Cdiv class=\u0022area-info group-middle\u0022\u003E\n    \n\u003Cdiv  class=\u0022inner\u0022\u003E\n          \n                          \u003Ch2  class=\u0022titulo\u0022 \u003E\n        La verdad sobre Ayotzinapa\n\u003C\/h2\u003E\n      \n  \n\n    \n                          \u003Cdiv  class=\u0022resumen\u0022 \u003E\n      \u2022\tPresentan libro y documental que hablan sobre el contexto de los 43 normalistas.\u003C\/div\u003E\n      \n  \n\n\n\u003Cdiv  class=\u0022datos\u0022\u003E\n            \u003Cdiv  class=\u0022campus\u0022\u003E\n            \u003Cdiv  class=\u0022field-label-inline\u0022\u003ECampus\u003C\/div\u003E\n  \n                  \u003Ca href=\u0022\/campus\/mexicali\u0022 hreflang=\u0022es\u0022\u003EMexicali\u003C\/a\u003E\n      \n  \n    \u003C\/div\u003E\n\n    \n                          \u003Cdiv  class=\u0022fecha\u0022 \u003E\n      2 de Abril de 2017\u003C\/div\u003E\n      \n  \n\n\n  \u003C\/div\u003E\n    \n                          \u003Cdiv  class=\u0022texto\u0022 \u003E\n      \u003Cp\u003E\u003Cstrong\u003ECampus Mexicali, domingo 02 de abril de 2017\u003C\/strong\u003E.- El libro \u201cAyotzinapa, impunidad del Estado\u201d del periodista T\u00e9moris Grecko y publicado por Ediciones Proceso, est\u00e1 enfocado en darle un panorama a la situaci\u00f3n que ha ocurrido en Iguala, a darle un orden a la informaci\u00f3n, no s\u00f3lo de la desaparici\u00f3n de los 43 estudiantes normalistas, sino a todo lo que hay antes y despu\u00e9s de este suceso.\u003C\/p\u003E\n\n\u003Cp\u003E\u00a0\u003C\/p\u003E\n\n\u003Cp\u003ET\u00e9moris Grecko declar\u00f3 que realiz\u00f3 investigaci\u00f3n durante un a\u00f1o y medio, mientras que la redacci\u00f3n del libro le tom\u00f3 seis meses. \u201cPara poder ser, he de ser otros, salir de m\u00ed, buscarme entre los otros, los otros que no son si yo no existo, los otros que me dan plena existencia\u201d fue la frase de Octavio Paz que T\u00e9moris Grecko ha incluido como filosof\u00eda de vida y que lo ha impulsado a realizar este trabajo, entre otros tantos.\u003C\/p\u003E\n\n\u003Cp\u003E\u00a0\u003C\/p\u003E\n\n\u003Cp\u003EEn paralelo, se proyect\u00f3 en el Teatro Universitario del Campus Mexicali, el documental \u201cMirar Morir\u201d, donde se recogen los testimonios de diferentes personas que han sufrido la desaparici\u00f3n de un ser querido, y c\u00f3mo el Gobierno ha gastado m\u00e1s en recurso para hacer campa\u00f1a de que todo se encuentra en orden, en lugar de invertir en investigaciones.\u003C\/p\u003E\u003C\/div\u003E\n      \n  \n\n    \n            \u003Cdiv  class=\u0022palabras-clave\u0022\u003E\n                        \u003Ca href=\u0022\/tags\/fil-uabc-2017\u0022 hreflang=\u0022es\u0022\u003EFIL UABC 2017\u003C\/a\u003E\n                \u003Ca href=\u0022\/tags\/presentacion-de-libro\u0022 hreflang=\u0022es\u0022\u003EPresentaci\u00f3n de libro\u003C\/a\u003E\n      \n      \u003C\/div\u003E\n  \n\n\n  \u003C\/div\u003E\n\n  \u003C\/div\u003E\n\n  \u003Cdiv class=\u0022area-extras group-right\u0022\u003E\n        \n                          \u003Cdiv  class=\u0022enlace-blockBottom\u0022 \u003E\n      \u003Cdiv\u003EVer m\u00e1s \u003Ca href=\u0022http:\/\/gaceta.uabc.mx\/notas\u0022\u003ENotas\u003C\/a\u003E\u003C\/div\u003E\n\u003C\/div\u003E\n      \n  \n\n\n  \u003C\/div\u003E\n\n\u003C\/div\u003E\n\n","settings":null}]