[{"command":"settings","settings":{"pluralDelimiter":"\u0003","suppressDeprecationErrors":true,"ajaxPageState":{"libraries":"core\/drupal.ajax,core\/picturefill,ds\/ds_3col_equal_width","theme":"gaceta","theme_token":null},"ajaxTrustedUrl":[],"field_group":{"html_element":{"mode":"media_expanded","context":"view","settings":{"classes":"datos","show_empty_fields":false,"id":"","element":"div","show_label":false,"label_element":"h3","label_element_classes":"","attributes":"","effect":"none","speed":"fast"}}},"user":{"uid":0,"permissionsHash":"55dc977d165ab1e05e51b6cc6487f6d73e65ab536d99ee82c6990d9001d5c21c"}},"merge":true},{"command":"add_css","data":"\u003Clink rel=\u0022stylesheet\u0022 media=\u0022all\u0022 href=\u0022\/sites\/default\/files\/css\/css_mxJrjoKKAZuuB4_4f-B1u9VnFZxvSor3Az4JEdrFEso.css\u0022 \/\u003E\n\u003Clink rel=\u0022stylesheet\u0022 media=\u0022all\u0022 href=\u0022\/sites\/default\/files\/css\/css_-BXSGQpS8YTwwuXGbPoshUvZ7W-_HbYR3H7d0DA_mEY.css\u0022 \/\u003E\n\u003Clink rel=\u0022stylesheet\u0022 media=\u0022all\u0022 href=\u0022\/sites\/default\/files\/css\/css_89YreTu0npezhXSakRJR9TVHyBS9bTcyt0s3IckAe-M.css\u0022 \/\u003E\n"},{"command":"add_js","selector":"body","data":[{"src":"\/sites\/default\/files\/js\/js_9UaAhXvc9u0KYXXUw-OKyLP2baQxdV4zY3Y_KGurcvY.js"},{"src":"\/sites\/default\/files\/js\/js_oDJxUBLBzfRb_FDgNfkNOm9-tiatS2kNfxQIeVRZA7Y.js"},{"src":"\/sites\/default\/files\/js\/js_YM82KRuzNIr2X-Kb8pQW8cOcSbWgQ_QGKclTYJ_aMlI.js"},{"src":"\/sites\/default\/files\/js\/js_pqqsPPmPmxKgamY6qk_WSawtL05XH_yAY8GkPHVyahI.js"}]},{"command":"insert","method":"replaceWith","selector":".view-mode-full","data":"\u003Cdiv data-history-node-id=\u002211566\u0022 class=\u0022contenido view-mode-media_expanded ds-3col-equal clearfix\u0022\u003E\n\n  \n\n  \u003Cdiv class=\u0022area-medios group-left\u0022\u003E\n        \n                          \u003Cdiv  class=\u0022imagen\u0022 \u003E\n          \u003Cpicture\u003E\n                  \u003Csource srcset=\u0022\/sites\/default\/files\/styles\/max_650x650\/public\/2019-07\/DSC_8537.webp?itok=7O48q7A6 650w, \/sites\/default\/files\/styles\/max_1300x1300\/public\/2019-07\/DSC_8537.webp?itok=iYkMUKFm 1300w, \/sites\/default\/files\/styles\/max_1900x1900\/public\/2019-07\/DSC_8537.webp?itok=Xme7Iyvz 1900w\u0022 type=\u0022image\/webp\u0022 sizes=\u0022100vw\u0022\/\u003E\n              \u003Csource srcset=\u0022\/sites\/default\/files\/styles\/max_650x650\/public\/2019-07\/DSC_8537.JPG?itok=7O48q7A6 650w, \/sites\/default\/files\/styles\/max_1300x1300\/public\/2019-07\/DSC_8537.JPG?itok=iYkMUKFm 1300w, \/sites\/default\/files\/styles\/max_1900x1900\/public\/2019-07\/DSC_8537.JPG?itok=Xme7Iyvz 1900w\u0022 type=\u0022image\/jpeg\u0022 sizes=\u0022100vw\u0022\/\u003E\n                  \u003Cimg srcset=\u0022\/sites\/default\/files\/styles\/max_650x650\/public\/2019-07\/DSC_8537.JPG?itok=7O48q7A6 650w, \/sites\/default\/files\/styles\/max_1300x1300\/public\/2019-07\/DSC_8537.JPG?itok=iYkMUKFm 1300w, \/sites\/default\/files\/styles\/max_1900x1900\/public\/2019-07\/DSC_8537.JPG?itok=Xme7Iyvz 1900w\u0022 sizes=\u0022100vw\u0022 src=\u0022\/sites\/default\/files\/styles\/max_1300x1300\/public\/2019-07\/DSC_8537.JPG?itok=iYkMUKFm\u0022 alt=\u0022\u0022 typeof=\u0022foaf:Image\u0022 class=\u0022img-fluid\u0022 \/\u003E\n\n  \u003C\/picture\u003E\n\n\u003C\/div\u003E\n      \n  \n\n      \u003Cdiv  class=\u0022boton-expander\u0022\u003E\n        \n                  \u003Cdiv class=\u0022item-list\u0022\u003E\u003Cul\u003E\u003Cli\u003E\u003Ca href=\u0022\/ds-switch-view-mode\/node\/11566\/media_collapsed?selector=view-mode-media_expanded\u0022 class=\u0022use-ajax\u0022\u003E\u2191\u003C\/a\u003E\u003C\/li\u003E\u003C\/ul\u003E\u003C\/div\u003E\n      \n  \n    \u003C\/div\u003E\n\n\n  \u003C\/div\u003E\n\n  \u003Cdiv class=\u0022area-info group-middle\u0022\u003E\n    \n\u003Cdiv  class=\u0022inner\u0022\u003E\n          \n                          \u003Ch2  class=\u0022titulo\u0022 \u003E\n        La Asociaci\u00f3n de Periodistas Universitarios ofrece pl\u00e1tica \u201cPeriodismo en Baja California\u201d\n\u003C\/h2\u003E\n      \n  \n\n    \n                          \u003Cdiv  class=\u0022resumen\u0022 \u003E\n      Con el fin de dar a conocer detalles de la Ley para el Desarrollo y Protecci\u00f3n Social de los Periodistas del Estado de Baja California llev\u00f3 a cabo una sesi\u00f3n informativa.\u003C\/div\u003E\n      \n  \n\n\n\u003Cdiv  class=\u0022datos\u0022\u003E\n            \u003Cdiv  class=\u0022campus\u0022\u003E\n            \u003Cdiv  class=\u0022field-label-inline\u0022\u003ECampus\u003C\/div\u003E\n  \n                  \u003Ca href=\u0022\/campus\/mexicali\u0022 hreflang=\u0022es\u0022\u003EMexicali\u003C\/a\u003E\n      \n  \n    \u003C\/div\u003E\n\n    \n                          \u003Cdiv  class=\u0022fecha\u0022 \u003E\n      29 de Mayo de 2013\u003C\/div\u003E\n      \n  \n\n\n  \u003C\/div\u003E\n    \n                          \u003Cdiv  class=\u0022texto\u0022 \u003E\n      \u003Cp\u003ELa sesi\u00f3n informativa fue creada de manera reciente por el Congreso estatal, la Asociaci\u00f3n de Periodistas Universitarios (APU), en el Aula Magna de la Facultad de Ciencias Humanas (FCH) de la UABC.\u003C\/p\u003E\u003Cp\u003EDurante la charla los licenciados en Ciencias de la Comunicaci\u00f3n Yerson Mart\u00ednez, Sa\u00fal Mart\u00ednez y Armando Nieblas, reporteros de la localidad, externaron su desacuerdo con la actual \u201cLey del Periodista\u201d, ya que seg\u00fan su perspectiva, no cubre las necesidades b\u00e1sicas de quienes ejercen esa profesi\u00f3n.\u003C\/p\u003E\n\u003Cp\u003EEsta Legislaci\u00f3n trata de resolver la situaci\u00f3n de los periodistas, salvaguardando las garant\u00edas que un trabajador tendr\u00eda en cualquier empleo, como seguridad social y servicios p\u00fablicos, quedando estas a cargo del gobierno bajo un fondo econ\u00f3mico, mismo que se dividir\u00e1 seg\u00fan las necesidades de quienes lo integren.\u003C\/p\u003E\n\u003Cp\u003ESe abord\u00f3 la incongruencia que tiene dicha Ley, en cuesti\u00f3n de dejar en manos de la administraci\u00f3n p\u00fablica el cubrir las prestaciones que corresponder\u00edan al patr\u00f3n del trabajador.\u003C\/p\u003E\n\u003Cp\u003EPara poder acceder al Fondo Econ\u00f3mico autorizado por seis millones de pesos, se elabor\u00f3 un padr\u00f3n donde se encuentran registradas las personas que tienen la profesi\u00f3n de reportero y\/o periodista. Sin embargo esta lista present\u00f3 disonancias considerables al estar inscritos individuos con otras profesiones diferentes a las afines.\u003C\/p\u003E\n\u003Cp\u003EEl prop\u00f3sito de la conferencia, adem\u00e1s de informar de la situaci\u00f3n, fue el manifestar el desagrado por los t\u00e9rminos en los que qued\u00f3 la Ley al pasar de una buena propuesta a quedar por la mitad de lo prometido, y de esa forma censurar a los trabajadores.\u003C\/p\u003E\n\u003Cp\u003EAlumnos y docentes de la FCH fueron los asistentes a la pl\u00e1tica informativa, quienes en sesi\u00f3n de preguntas y respuestas dieron sus puntos de vista acerca de la Ley y la nueva censura mesurada que hoy d\u00eda practican los medios de comunicaci\u00f3n, as\u00ed mismo los riesgos que tiene un reportero al ejercer su labor.\u003C\/p\u003E\n\u003Cp\u003E\u00a0\u003C\/p\u003E\u003C\/div\u003E\n      \n  \n\n\n  \u003C\/div\u003E\n\n  \u003C\/div\u003E\n\n  \u003Cdiv class=\u0022area-extras group-right\u0022\u003E\n        \n                          \u003Cdiv  class=\u0022enlace-blockBottom\u0022 \u003E\n      \u003Cdiv\u003EVer m\u00e1s \u003Ca href=\u0022http:\/\/gaceta.uabc.mx\/notas\u0022\u003ENotas\u003C\/a\u003E\u003C\/div\u003E\n\u003C\/div\u003E\n      \n  \n\n\n  \u003C\/div\u003E\n\n\u003C\/div\u003E\n\n","settings":null}]