[{"command":"settings","settings":{"pluralDelimiter":"\u0003","suppressDeprecationErrors":true,"ajaxPageState":{"libraries":"core\/drupal.ajax,core\/picturefill,ds\/ds_3col_equal_width","theme":"gaceta","theme_token":null},"ajaxTrustedUrl":[],"field_group":{"html_element":{"mode":"media_expanded","context":"view","settings":{"classes":"datos","show_empty_fields":false,"id":"","element":"div","show_label":false,"label_element":"h3","label_element_classes":"","attributes":"","effect":"none","speed":"fast"}}},"user":{"uid":0,"permissionsHash":"55dc977d165ab1e05e51b6cc6487f6d73e65ab536d99ee82c6990d9001d5c21c"}},"merge":true},{"command":"add_css","data":"\u003Clink rel=\u0022stylesheet\u0022 media=\u0022all\u0022 href=\u0022\/sites\/default\/files\/css\/css_mxJrjoKKAZuuB4_4f-B1u9VnFZxvSor3Az4JEdrFEso.css\u0022 \/\u003E\n\u003Clink rel=\u0022stylesheet\u0022 media=\u0022all\u0022 href=\u0022\/sites\/default\/files\/css\/css_-BXSGQpS8YTwwuXGbPoshUvZ7W-_HbYR3H7d0DA_mEY.css\u0022 \/\u003E\n\u003Clink rel=\u0022stylesheet\u0022 media=\u0022all\u0022 href=\u0022\/sites\/default\/files\/css\/css_89YreTu0npezhXSakRJR9TVHyBS9bTcyt0s3IckAe-M.css\u0022 \/\u003E\n"},{"command":"add_js","selector":"body","data":[{"src":"\/sites\/default\/files\/js\/js_9UaAhXvc9u0KYXXUw-OKyLP2baQxdV4zY3Y_KGurcvY.js"},{"src":"\/sites\/default\/files\/js\/js_oDJxUBLBzfRb_FDgNfkNOm9-tiatS2kNfxQIeVRZA7Y.js"},{"src":"\/sites\/default\/files\/js\/js_YM82KRuzNIr2X-Kb8pQW8cOcSbWgQ_QGKclTYJ_aMlI.js"},{"src":"\/sites\/default\/files\/js\/js_pqqsPPmPmxKgamY6qk_WSawtL05XH_yAY8GkPHVyahI.js"}]},{"command":"insert","method":"replaceWith","selector":".view-mode-full","data":"\u003Cdiv data-history-node-id=\u002211578\u0022 class=\u0022contenido view-mode-media_expanded ds-3col-equal clearfix\u0022\u003E\n\n  \n\n  \u003Cdiv class=\u0022area-medios group-left\u0022\u003E\n        \n                          \u003Cdiv  class=\u0022imagen\u0022 \u003E\n          \u003Cpicture\u003E\n                  \u003Csource srcset=\u0022\/sites\/default\/files\/styles\/max_650x650\/public\/2019-07\/seminario%20Politica%20Publica%20%282%29.webp?itok=jeXUdBNM 650w, \/sites\/default\/files\/styles\/max_1300x1300\/public\/2019-07\/seminario%20Politica%20Publica%20%282%29.webp?itok=ekU5Fs-o 1300w, \/sites\/default\/files\/styles\/max_1900x1900\/public\/2019-07\/seminario%20Politica%20Publica%20%282%29.webp?itok=YSoqH1fn 1900w\u0022 type=\u0022image\/webp\u0022 sizes=\u0022100vw\u0022\/\u003E\n              \u003Csource srcset=\u0022\/sites\/default\/files\/styles\/max_650x650\/public\/2019-07\/seminario%20Politica%20Publica%20%282%29.jpg?itok=jeXUdBNM 650w, \/sites\/default\/files\/styles\/max_1300x1300\/public\/2019-07\/seminario%20Politica%20Publica%20%282%29.jpg?itok=ekU5Fs-o 1300w, \/sites\/default\/files\/styles\/max_1900x1900\/public\/2019-07\/seminario%20Politica%20Publica%20%282%29.jpg?itok=YSoqH1fn 1900w\u0022 type=\u0022image\/jpeg\u0022 sizes=\u0022100vw\u0022\/\u003E\n                  \u003Cimg srcset=\u0022\/sites\/default\/files\/styles\/max_650x650\/public\/2019-07\/seminario%20Politica%20Publica%20%282%29.jpg?itok=jeXUdBNM 650w, \/sites\/default\/files\/styles\/max_1300x1300\/public\/2019-07\/seminario%20Politica%20Publica%20%282%29.jpg?itok=ekU5Fs-o 1300w, \/sites\/default\/files\/styles\/max_1900x1900\/public\/2019-07\/seminario%20Politica%20Publica%20%282%29.jpg?itok=YSoqH1fn 1900w\u0022 sizes=\u0022100vw\u0022 src=\u0022\/sites\/default\/files\/styles\/max_1300x1300\/public\/2019-07\/seminario%20Politica%20Publica%20%282%29.jpg?itok=ekU5Fs-o\u0022 alt=\u0022\u0022 typeof=\u0022foaf:Image\u0022 class=\u0022img-fluid\u0022 \/\u003E\n\n  \u003C\/picture\u003E\n\n\u003C\/div\u003E\n      \n  \n\n      \u003Cdiv  class=\u0022boton-expander\u0022\u003E\n        \n                  \u003Cdiv class=\u0022item-list\u0022\u003E\u003Cul\u003E\u003Cli\u003E\u003Ca href=\u0022\/ds-switch-view-mode\/node\/11578\/media_collapsed?selector=view-mode-media_expanded\u0022 class=\u0022use-ajax\u0022\u003E\u2191\u003C\/a\u003E\u003C\/li\u003E\u003C\/ul\u003E\u003C\/div\u003E\n      \n  \n    \u003C\/div\u003E\n\n\n  \u003C\/div\u003E\n\n  \u003Cdiv class=\u0022area-info group-middle\u0022\u003E\n    \n\u003Cdiv  class=\u0022inner\u0022\u003E\n          \n                          \u003Ch2  class=\u0022titulo\u0022 \u003E\n        Inici\u00f3 seminario de pol\u00edticas p\u00fablicas\n\u003C\/h2\u003E\n      \n  \n\n    \n                          \u003Cdiv  class=\u0022resumen\u0022 \u003E\n      El evento est\u00e1 encaminado a dar a conocer la importancia y desarrollo de las microempresas en la econom\u00eda mexicana.\u003C\/div\u003E\n      \n  \n\n\n\u003Cdiv  class=\u0022datos\u0022\u003E\n            \u003Cdiv  class=\u0022campus\u0022\u003E\n            \u003Cdiv  class=\u0022field-label-inline\u0022\u003ECampus\u003C\/div\u003E\n  \n                  \u003Ca href=\u0022\/campus\/tijuana\u0022 hreflang=\u0022es\u0022\u003ETijuana\u003C\/a\u003E\n      \n  \n    \u003C\/div\u003E\n\n    \n                          \u003Cdiv  class=\u0022fecha\u0022 \u003E\n      24 de Mayo de 2013\u003C\/div\u003E\n      \n  \n\n\n  \u003C\/div\u003E\n    \n                          \u003Cdiv  class=\u0022texto\u0022 \u003E\n      \u003Cp\u003ESe llev\u00f3 a cabo la inauguraci\u00f3n del seminario \u201cPol\u00edticas P\u00fablicas para el Desarrollo Microempresarial\u201d, presentado por el Consejo Nacional de Ciencia y Tecnolog\u00eda (Conacyt) a trav\u00e9s del Cuerpo Acad\u00e9mico de Econom\u00eda Industrial y Desarrollo Empresarial de la Facultad de Econom\u00eda y Relaciones Internacionales del Campus Tijuana.\u003C\/p\u003E\u003Cp\u003EEl seminario, el cual tendr\u00e1 una duraci\u00f3n de dos d\u00edas, y tiene como finalidad dar conocer las propuestas de pol\u00edtica p\u00fablica para el desarrollo del sector microempresarial, resultado de un proyecto de investigaci\u00f3n llevado a cabo por el Cuerpo Acad\u00e9mico de Econom\u00eda Industrial y Desarrollo Empresarial. Las propuestas hablan sobre las microempresas como un personaje central para la econom\u00eda nacional y regional, sector empresarial que ha venido siendo marginado de la toma de decisiones.\u003C\/p\u003E\n\u003Cp\u003EEl acto estuvo presidido por el doctor Mart\u00edn Arturo Ram\u00edrez Urquidy y el doctor Emilio Hern\u00e1ndez G\u00f3mez, Director y Subdirector respectivamente de la Facultad de Econom\u00eda y Relaciones Internacionales, as\u00ed como por el doctor Alejandro Mungaray Lagarda, l\u00edder del Cuerpo Acad\u00e9mico de Econom\u00eda Industrial y Desarrollo Empresarial.\u003C\/p\u003E\n\u003Cp\u003EEl desarrollo del seminario permitir\u00e1 un espacio de reflexi\u00f3n para alumnos y docentes para el an\u00e1lisis del presente y futuro de las pol\u00edticas p\u00fablicas, enfocadas en el actual sector central de la econom\u00eda principal.\u003C\/p\u003E\n\u003Cp\u003ELa primera conferencia del d\u00eda: \u201cEnfoque de pol\u00edticas p\u00fablicas para el emprendimiento de Micro y Peque\u00f1a Empresa de Baja California\u201d, fue impartida por el doctor Mungaray, quien invit\u00f3 a los universitarios a generar proyectos empresariales s\u00f3lidos desde el aula y con ello generar en la regi\u00f3n un mayor n\u00famero de plazas de trabajo.\u00a0\u003C\/p\u003E\u003C\/div\u003E\n      \n  \n\n\n  \u003C\/div\u003E\n\n  \u003C\/div\u003E\n\n  \u003Cdiv class=\u0022area-extras group-right\u0022\u003E\n        \n                          \u003Cdiv  class=\u0022enlace-blockBottom\u0022 \u003E\n      \u003Cdiv\u003EVer m\u00e1s \u003Ca href=\u0022http:\/\/gaceta.uabc.mx\/notas\u0022\u003ENotas\u003C\/a\u003E\u003C\/div\u003E\n\u003C\/div\u003E\n      \n  \n\n\n  \u003C\/div\u003E\n\n\u003C\/div\u003E\n\n","settings":null}]